{"id":1155,"date":"2019-07-20T01:41:19","date_gmt":"2019-07-20T01:41:19","guid":{"rendered":"http:\/\/jorgezanoni.com.br\/2019\/?p=1155"},"modified":"2019-07-20T01:41:33","modified_gmt":"2019-07-20T01:41:33","slug":"fobia-contra-idosos-por-que-o-ageismo-ainda-e-uma-regra-nas-sociedades","status":"publish","type":"post","link":"https:\/\/jorgezanoni.com.br\/2019\/fobia-contra-idosos-por-que-o-ageismo-ainda-e-uma-regra-nas-sociedades\/","title":{"rendered":"Fobia contra idosos: por que o age\u00edsmo ainda \u00e9 uma regra nas sociedades?"},"content":{"rendered":"<h2 class=\"content-head__subtitle\"><strong>Em um mundo que supervaloriza e privilegia a juventude, come\u00e7a-se a questionar qual \u00e9 o espa\u00e7o para os seniores na sociedade.<\/strong><\/h2>\n<div class=\"mc-column content-text active-extra-styles \" data-block-type=\"unstyled\" data-block-weight=\"50\" data-block-id=\"2\">\n<p class=\"content-text__container \" data-track-category=\"Link no Texto\" data-track-links=\"\">O sucesso do aplicativo FaceApp, que cria\u00a0<a href=\"https:\/\/g1.globo.com\/economia\/tecnologia\/blog\/altieres-rohr\/post\/2019\/07\/17\/febre-de-aplicativo-que-envelhece-rostos-faz-usuarios-ignorarem-riscos.ghtml\">efeitos de envelhecimento nos rostos dos usu\u00e1rios<\/a>, suscitou o debate sobre o amadurecimento da popula\u00e7\u00e3o. Em um mundo que supervaloriza e privilegia a juventude, come\u00e7a-se a questionar qual \u00e9 o espa\u00e7o para os seniores na sociedade, onde o &#8220;age\u00edsmo&#8221; ainda \u00e9 uma regra.<\/p>\n<\/div>\n<div class=\"wall protected-content\">\n<div class=\"mc-column content-text active-extra-styles \" data-block-type=\"unstyled\" data-block-weight=\"66\" data-block-id=\"3\">\n<p class=\"content-text__container \" data-track-category=\"Link no Texto\" data-track-links=\"\">Segundo dados da ONU, a quantidade de pessoas com mais de 60 anos no mundo \u00e9 atualmente de 962 milh\u00f5es: um n\u00famero que tende a aumentar nas pr\u00f3ximas d\u00e9cadas. Em 2030, ser\u00e3o 1,4 bilh\u00e3o de idosos em todo o planeta. Em 2050, em todas as regi\u00f5es do mundo, com exce\u00e7\u00e3o da \u00c1frica, ter\u00e3o um quarto de suas popula\u00e7\u00f5es formadas por seniores, que totalizar\u00e3o 2,1 bilh\u00f5es.<\/p>\n<\/div>\n<div class=\"mc-column content-text active-extra-styles \" data-block-type=\"unstyled\" data-block-weight=\"48\" data-block-id=\"4\">\n<p class=\"content-text__container \" data-track-category=\"Link no Texto\" data-track-links=\"\">Apesar das previs\u00f5es apontarem para o envelhecimento das popula\u00e7\u00f5es, pouca \u00e9 a prepara\u00e7\u00e3o para essa mudan\u00e7a. Ao contr\u00e1rio: uma esp\u00e9cie de fobia contra os idosos ou o \u201cage\u00edsmo\u201d, segundo pesquisadores franceses, ganha for\u00e7a com a propaga\u00e7\u00e3o dos ideais de corpos e rostos perfeitos nas m\u00eddias e redes sociais.<\/p>\n<\/div>\n<div class=\"mc-column content-text active-extra-styles\" data-block-type=\"raw\" data-block-weight=\"8\" data-block-id=\"5\">\n<ul class=\"content-unordered-list\">\n<li><a href=\"https:\/\/g1.globo.com\/bemestar\/blog\/longevidade-modo-de-usar\/post\/2019\/07\/11\/preconceito-contra-idosos-pode-ser-combatido-com-educacao.ghtml\">Preconceito contra idosos pode ser combatido com educa\u00e7\u00e3o<\/a><\/li>\n<\/ul>\n<p><img loading=\"lazy\" decoding=\"async\" class=\"alignnone size-full wp-image-1156\" src=\"http:\/\/jorgezanoni.com.br\/2019\/wp-content\/uploads\/2019\/07\/velhice1.jpg\" alt=\"\" width=\"1000\" height=\"738\" srcset=\"https:\/\/jorgezanoni.com.br\/2019\/wp-content\/uploads\/2019\/07\/velhice1.jpg 1000w, https:\/\/jorgezanoni.com.br\/2019\/wp-content\/uploads\/2019\/07\/velhice1-300x221.jpg 300w, https:\/\/jorgezanoni.com.br\/2019\/wp-content\/uploads\/2019\/07\/velhice1-768x567.jpg 768w, https:\/\/jorgezanoni.com.br\/2019\/wp-content\/uploads\/2019\/07\/velhice1-80x60.jpg 80w, https:\/\/jorgezanoni.com.br\/2019\/wp-content\/uploads\/2019\/07\/velhice1-696x514.jpg 696w, https:\/\/jorgezanoni.com.br\/2019\/wp-content\/uploads\/2019\/07\/velhice1-569x420.jpg 569w\" sizes=\"auto, (max-width: 1000px) 100vw, 1000px\" \/><\/p>\n<div class=\"mc-column content-text active-extra-styles \" data-block-type=\"unstyled\" data-block-weight=\"41\" data-block-id=\"8\">\n<p class=\"content-text__container \" data-track-category=\"Link no Texto\" data-track-links=\"\">\u201cH\u00e1 uma ideologia difundida permanentemente na qual tudo em rela\u00e7\u00e3o ao envelhecimento \u00e9 obrigatoriamente negativo\u201d, afirma o pesquisador em psicologia J\u00e9r\u00f4me Pellissier, secret\u00e1rio do Observat\u00f3rio do Age\u00edsmo. O maior exemplo disso, segundo ele, \u00e9 como as m\u00eddias retratam os idosos.<\/p>\n<\/div>\n<div class=\"mc-column content-text active-extra-styles \" data-block-type=\"unstyled\" data-block-weight=\"30\" data-block-id=\"9\">\n<p class=\"content-text__container \" data-track-category=\"Link no Texto\" data-track-links=\"\">\u201cSe desconsiderarmos a imprensa especializada nos seniores, que faz um esfor\u00e7o contra esse preconceito, frequentemente, a representa\u00e7\u00e3o de pessoas de idade \u00e9 feita por indiv\u00edduos muito mais jovens\u201d, observa.<\/p>\n<\/div>\n<div class=\"mc-column content-text active-extra-styles \" data-block-type=\"unstyled\" data-block-weight=\"60\" data-block-id=\"10\">\n<p class=\"content-text__container \" data-track-category=\"Link no Texto\" data-track-links=\"\">Segundo Pellissier, para as idosas, a situa\u00e7\u00e3o \u00e9 ainda mais complexa, porque n\u00e3o apenas s\u00e3o exclu\u00eddas das m\u00eddias por terem envelhecido como por serem mulheres. \u201cNas s\u00e9ries de TV e no cinema, por exemplo, enquanto os homens ganham pap\u00e9is de velhos patriarcas, as mulheres idosas ser\u00e3o representadas como av\u00f3s ou pessoas doentes, como v\u00edtimas do Alzheimer, por exemplo\u201d, aponta.<\/p>\n<\/div>\n<div class=\"mc-column content-text active-extra-styles \" data-block-type=\"unstyled\" data-block-weight=\"51\" data-block-id=\"11\">\n<p class=\"content-text__container \" data-track-category=\"Link no Texto\" data-track-links=\"\">No universo da m\u00fasica, a situa\u00e7\u00e3o n\u00e3o \u00e9 diferente, indica o pesquisador. \u201cH\u00e1 poucas idosas cantoras ou roqueiras. Mas a maior parte dos velhos roqueiros que ultrapassam os 60 anos s\u00e3o idolatrados. J\u00e1 as mulheres t\u00eam que lutar para continuar na ativa, caso contr\u00e1rio s\u00e3o rapidamente exclu\u00eddas do sistema\u201d, diz.<\/p>\n<p data-track-category=\"Link no Texto\" data-track-links=\"\">Fonte: https:\/\/g1.globo.com\/ciencia-e-saude\/viva-voce\/noticia\/2019\/07\/19\/fobia-contra-idosos-por-que-o-ageismo-ainda-e-uma-regra-nas-sociedades.ghtml<\/p>\n<\/div>\n<\/div>\n<\/div>\n","protected":false},"excerpt":{"rendered":"<p>Em um mundo que supervaloriza e privilegia a juventude, come\u00e7a-se a questionar qual \u00e9 o espa\u00e7o para os seniores na sociedade. O sucesso do aplicativo FaceApp, que cria\u00a0efeitos de envelhecimento nos rostos dos usu\u00e1rios, suscitou o debate sobre o amadurecimento da popula\u00e7\u00e3o. Em um mundo que supervaloriza e privilegia a juventude, come\u00e7a-se a questionar qual [&hellip;]<\/p>\n","protected":false},"author":1,"featured_media":1157,"comment_status":"open","ping_status":"open","sticky":false,"template":"","format":"standard","meta":{"footnotes":""},"categories":[122],"tags":[],"class_list":["post-1155","post","type-post","status-publish","format-standard","has-post-thumbnail","hentry","category-saudeeducacaoeconcurso"],"_links":{"self":[{"href":"https:\/\/jorgezanoni.com.br\/2019\/wp-json\/wp\/v2\/posts\/1155","targetHints":{"allow":["GET"]}}],"collection":[{"href":"https:\/\/jorgezanoni.com.br\/2019\/wp-json\/wp\/v2\/posts"}],"about":[{"href":"https:\/\/jorgezanoni.com.br\/2019\/wp-json\/wp\/v2\/types\/post"}],"author":[{"embeddable":true,"href":"https:\/\/jorgezanoni.com.br\/2019\/wp-json\/wp\/v2\/users\/1"}],"replies":[{"embeddable":true,"href":"https:\/\/jorgezanoni.com.br\/2019\/wp-json\/wp\/v2\/comments?post=1155"}],"version-history":[{"count":0,"href":"https:\/\/jorgezanoni.com.br\/2019\/wp-json\/wp\/v2\/posts\/1155\/revisions"}],"wp:featuredmedia":[{"embeddable":true,"href":"https:\/\/jorgezanoni.com.br\/2019\/wp-json\/wp\/v2\/media\/1157"}],"wp:attachment":[{"href":"https:\/\/jorgezanoni.com.br\/2019\/wp-json\/wp\/v2\/media?parent=1155"}],"wp:term":[{"taxonomy":"category","embeddable":true,"href":"https:\/\/jorgezanoni.com.br\/2019\/wp-json\/wp\/v2\/categories?post=1155"},{"taxonomy":"post_tag","embeddable":true,"href":"https:\/\/jorgezanoni.com.br\/2019\/wp-json\/wp\/v2\/tags?post=1155"}],"curies":[{"name":"wp","href":"https:\/\/api.w.org\/{rel}","templated":true}]}}