{"id":11467,"date":"2019-11-16T19:41:36","date_gmt":"2019-11-16T19:41:36","guid":{"rendered":"https:\/\/jorgezanoni.com.br\/2019\/?p=11467"},"modified":"2019-11-16T19:41:36","modified_gmt":"2019-11-16T19:41:36","slug":"operacao-bandeirante-na-regiao-prende-duas-pessoas","status":"publish","type":"post","link":"https:\/\/jorgezanoni.com.br\/2019\/operacao-bandeirante-na-regiao-prende-duas-pessoas\/","title":{"rendered":"Opera\u00e7\u00e3o Bandeirante na regi\u00e3o prende duas pessoas"},"content":{"rendered":"<p style=\"text-align: justify;\">Visando a seguran\u00e7a da popula\u00e7\u00e3o da \u00e1rea da Delegacia Seccional de Pol\u00edcia de Dracena, policiais civis deflagraram uma opera\u00e7\u00e3o policial denominada Bandeirante, em data de 14.11.2019, desde as primeiras horas do dia.<br \/>\nA a\u00e7\u00e3o policial foi desenvolvida nos munic\u00edpios de Tupi Paulista, Nova Guataporanga, S\u00e3o Jo\u00e3o do Pau D\u2019Alho e Monte Castelo, com desdobramentos.<br \/>\nOs policiais civis dispondo de todos os equipamentos de a\u00e7\u00e3o, cumpriram 2 mandados de pris\u00e3o preventiva com duas pessoas (homens) recolhidas ao c\u00e1rcere, sendo as ordens de pris\u00e3o cumpridas em Dracena e Paulic\u00e9ia<br \/>\nForam efetuadas vistorias diversas com a presen\u00e7a dos policiais e todo o aparato concernente \u00e0 opera\u00e7\u00e3o, em abordagem de pessoas, locais de prov\u00e1veis pontos de com\u00e9rcio il\u00edcito e de drogas, estabelecimentos tidos por suspeitos onde se comercializam produtos de origem duvidosa.<br \/>\nPoliciais civis liderados pelos Delegados de Pol\u00edcia das respectivas \u00e1reas, se mantiveram o tempo todo em a\u00e7\u00e3o visando a seguran\u00e7a, a manuten\u00e7\u00e3o da ordem e da tranquilidade p\u00fablica da regi\u00e3o.<br \/>\nA preven\u00e7\u00e3o contra crimes diversos sempre foi um dos objetivos da Pol\u00edcia Civil que assim cumpre a sua importante miss\u00e3o junto \u00e0 popula\u00e7\u00e3o, visto que toda movimenta\u00e7\u00e3o policial traz em si, seguran\u00e7a.<\/p>\n<p>Fonte: Com. Social Pol\u00edcia Civil<\/p>\n","protected":false},"excerpt":{"rendered":"<p>Visando a seguran\u00e7a da popula\u00e7\u00e3o da \u00e1rea da Delegacia Seccional de Pol\u00edcia de Dracena, policiais civis deflagraram uma opera\u00e7\u00e3o policial denominada Bandeirante, em data de 14.11.2019, desde as primeiras horas do dia. A a\u00e7\u00e3o policial foi desenvolvida nos munic\u00edpios de Tupi Paulista, Nova Guataporanga, S\u00e3o Jo\u00e3o do Pau D\u2019Alho e Monte Castelo, com desdobramentos. Os [&hellip;]<\/p>\n","protected":false},"author":1,"featured_media":11468,"comment_status":"closed","ping_status":"open","sticky":false,"template":"","format":"standard","meta":{"footnotes":""},"categories":[2],"tags":[],"class_list":["post-11467","post","type-post","status-publish","format-standard","has-post-thumbnail","hentry","category-policial"],"_links":{"self":[{"href":"https:\/\/jorgezanoni.com.br\/2019\/wp-json\/wp\/v2\/posts\/11467","targetHints":{"allow":["GET"]}}],"collection":[{"href":"https:\/\/jorgezanoni.com.br\/2019\/wp-json\/wp\/v2\/posts"}],"about":[{"href":"https:\/\/jorgezanoni.com.br\/2019\/wp-json\/wp\/v2\/types\/post"}],"author":[{"embeddable":true,"href":"https:\/\/jorgezanoni.com.br\/2019\/wp-json\/wp\/v2\/users\/1"}],"replies":[{"embeddable":true,"href":"https:\/\/jorgezanoni.com.br\/2019\/wp-json\/wp\/v2\/comments?post=11467"}],"version-history":[{"count":0,"href":"https:\/\/jorgezanoni.com.br\/2019\/wp-json\/wp\/v2\/posts\/11467\/revisions"}],"wp:featuredmedia":[{"embeddable":true,"href":"https:\/\/jorgezanoni.com.br\/2019\/wp-json\/wp\/v2\/media\/11468"}],"wp:attachment":[{"href":"https:\/\/jorgezanoni.com.br\/2019\/wp-json\/wp\/v2\/media?parent=11467"}],"wp:term":[{"taxonomy":"category","embeddable":true,"href":"https:\/\/jorgezanoni.com.br\/2019\/wp-json\/wp\/v2\/categories?post=11467"},{"taxonomy":"post_tag","embeddable":true,"href":"https:\/\/jorgezanoni.com.br\/2019\/wp-json\/wp\/v2\/tags?post=11467"}],"curies":[{"name":"wp","href":"https:\/\/api.w.org\/{rel}","templated":true}]}}