{"id":11463,"date":"2019-11-16T19:28:02","date_gmt":"2019-11-16T19:28:02","guid":{"rendered":"https:\/\/jorgezanoni.com.br\/2019\/?p=11463"},"modified":"2019-11-16T19:28:02","modified_gmt":"2019-11-16T19:28:02","slug":"filhote-de-cobra-foi-capturado-em-rua-do-conjunto-paulo-vendramini","status":"publish","type":"post","link":"https:\/\/jorgezanoni.com.br\/2019\/filhote-de-cobra-foi-capturado-em-rua-do-conjunto-paulo-vendramini\/","title":{"rendered":"Filhote de Cobra foi capturado em rua do conjunto Paulo Vendramini"},"content":{"rendered":"<p style=\"text-align: justify;\">No in\u00edcio da noite de ontem (15), um morador que estava com as filhas em frente de sua resid\u00eancia na rua Manoel Pedro no conjunto habitacional Paulo Vendramini, capturou um filhote de Cobra, e teme que a m\u00e3e esteja por perto.<\/p>\n<p><img loading=\"lazy\" decoding=\"async\" class=\"alignnone size-full wp-image-11465\" src=\"https:\/\/jorgezanoni.com.br\/2019\/wp-content\/uploads\/2019\/11\/cobra1.jpg\" alt=\"\" width=\"581\" height=\"1032\" srcset=\"https:\/\/jorgezanoni.com.br\/2019\/wp-content\/uploads\/2019\/11\/cobra1.jpg 581w, https:\/\/jorgezanoni.com.br\/2019\/wp-content\/uploads\/2019\/11\/cobra1-169x300.jpg 169w, https:\/\/jorgezanoni.com.br\/2019\/wp-content\/uploads\/2019\/11\/cobra1-576x1024.jpg 576w, https:\/\/jorgezanoni.com.br\/2019\/wp-content\/uploads\/2019\/11\/cobra1-236x420.jpg 236w\" sizes=\"auto, (max-width: 581px) 100vw, 581px\" \/><\/p>\n<p style=\"text-align: justify;\">Segundo esse morador, o local fica em frente onde um dia ser\u00e1 a U.B.S. (Unidade B\u00e1sica de Sa\u00fade), Dr. Nelson Yurasseck Filho.<\/p>\n<p style=\"text-align: justify;\">O reclamante informa que o local est\u00e1 tomado por mato, que funcion\u00e1rios da Prefeitura Municipal as vezes aparecem por l\u00e1, d\u00e3o uma olhada e v\u00e3o embora sem nada fazer.<\/p>\n<p style=\"text-align: justify;\">Que al\u00e9m da cobra, ratos e sapos tamb\u00e9m j\u00e1 foram vistos pelo local que tamb\u00e9m abriga usu\u00e1rios de Drogas e outros tipos de coisas que ele considera errado.<\/p>\n<p style=\"text-align: justify;\">Jorge Zanoni<\/p>\n<p style=\"text-align: justify;\">Foto de Internauta<\/p>\n<p style=\"text-align: justify;\">\n<p>&nbsp;<\/p>\n<p>Wellington Novaes Santna<\/p>\n","protected":false},"excerpt":{"rendered":"<p>No in\u00edcio da noite de ontem (15), um morador que estava com as filhas em frente de sua resid\u00eancia na rua Manoel Pedro no conjunto habitacional Paulo Vendramini, capturou um filhote de Cobra, e teme que a m\u00e3e esteja por perto. Segundo esse morador, o local fica em frente onde um dia ser\u00e1 a U.B.S. [&hellip;]<\/p>\n","protected":false},"author":1,"featured_media":11464,"comment_status":"closed","ping_status":"open","sticky":false,"template":"","format":"standard","meta":{"footnotes":""},"categories":[176,110],"tags":[],"class_list":["post-11463","post","type-post","status-publish","format-standard","has-post-thumbnail","hentry","category-meioambienteeagricultura","category-noticiasdestaque"],"_links":{"self":[{"href":"https:\/\/jorgezanoni.com.br\/2019\/wp-json\/wp\/v2\/posts\/11463","targetHints":{"allow":["GET"]}}],"collection":[{"href":"https:\/\/jorgezanoni.com.br\/2019\/wp-json\/wp\/v2\/posts"}],"about":[{"href":"https:\/\/jorgezanoni.com.br\/2019\/wp-json\/wp\/v2\/types\/post"}],"author":[{"embeddable":true,"href":"https:\/\/jorgezanoni.com.br\/2019\/wp-json\/wp\/v2\/users\/1"}],"replies":[{"embeddable":true,"href":"https:\/\/jorgezanoni.com.br\/2019\/wp-json\/wp\/v2\/comments?post=11463"}],"version-history":[{"count":0,"href":"https:\/\/jorgezanoni.com.br\/2019\/wp-json\/wp\/v2\/posts\/11463\/revisions"}],"wp:featuredmedia":[{"embeddable":true,"href":"https:\/\/jorgezanoni.com.br\/2019\/wp-json\/wp\/v2\/media\/11464"}],"wp:attachment":[{"href":"https:\/\/jorgezanoni.com.br\/2019\/wp-json\/wp\/v2\/media?parent=11463"}],"wp:term":[{"taxonomy":"category","embeddable":true,"href":"https:\/\/jorgezanoni.com.br\/2019\/wp-json\/wp\/v2\/categories?post=11463"},{"taxonomy":"post_tag","embeddable":true,"href":"https:\/\/jorgezanoni.com.br\/2019\/wp-json\/wp\/v2\/tags?post=11463"}],"curies":[{"name":"wp","href":"https:\/\/api.w.org\/{rel}","templated":true}]}}