{"id":11454,"date":"2019-11-16T13:38:15","date_gmt":"2019-11-16T13:38:15","guid":{"rendered":"https:\/\/jorgezanoni.com.br\/2019\/?p=11454"},"modified":"2019-11-16T13:38:15","modified_gmt":"2019-11-16T13:38:15","slug":"onibus-com-evangelicos-da-assembleia-de-deus-pega-fogo-na-rodovia-marechal-rondon","status":"publish","type":"post","link":"https:\/\/jorgezanoni.com.br\/2019\/onibus-com-evangelicos-da-assembleia-de-deus-pega-fogo-na-rodovia-marechal-rondon\/","title":{"rendered":"\u00d4nibus com evang\u00e9licos da Assembl\u00e9ia de Deus pega fogo na rodovia Marechal Rondon"},"content":{"rendered":"<h2 class=\"subtitulo\"><strong>O ve\u00edculo transportava evang\u00e9licos de diversas cidades da regi\u00e3o de Bauru.<\/strong><\/h2>\n<p><img loading=\"lazy\" decoding=\"async\" class=\"alignnone size-full wp-image-11456\" src=\"https:\/\/jorgezanoni.com.br\/2019\/wp-content\/uploads\/2019\/11\/bus\u00e3o1-1.jpg\" alt=\"\" width=\"768\" height=\"1024\" srcset=\"https:\/\/jorgezanoni.com.br\/2019\/wp-content\/uploads\/2019\/11\/bus\u00e3o1-1.jpg 768w, https:\/\/jorgezanoni.com.br\/2019\/wp-content\/uploads\/2019\/11\/bus\u00e3o1-1-225x300.jpg 225w, https:\/\/jorgezanoni.com.br\/2019\/wp-content\/uploads\/2019\/11\/bus\u00e3o1-1-696x928.jpg 696w, https:\/\/jorgezanoni.com.br\/2019\/wp-content\/uploads\/2019\/11\/bus\u00e3o1-1-315x420.jpg 315w\" sizes=\"auto, (max-width: 768px) 100vw, 768px\" \/><\/p>\n<p style=\"text-align: justify;\">Um \u00f4nibus da via\u00e7\u00e3o Jauense foi destru\u00eddo pelo fogo na manh\u00e3 desta sexta-feira (15) na rodovia Marechal Rondon (SP-300), altura do munic\u00edpio de Arei\u00f3polis, interior de S\u00e3o Paulo. O fogo teve in\u00edcio no motor, enquanto o ve\u00edculo transitava pela pista, o que pode indicar pane el\u00e9trica.<\/p>\n<p style=\"text-align: justify;\">Segundo apurou o site HORAH, o ve\u00edculo transportava evang\u00e9licos de diversas cidades da regi\u00e3o de Bauru que seguiam para conven\u00e7\u00e3o das Assembleias de Deus, minist\u00e9rio Madureira, em S\u00e3o Paulo.<\/p>\n<p style=\"text-align: justify;\">O \u00f4nibus saiu de Bauru por volta das 5h da manh\u00e3, com 42 pessoas. Assim que o fogo come\u00e7ou, o motorista parou o \u00f4nibus no acostamento e todos os passageiros desceram rapidamente. Ningu\u00e9m se feriu.<\/p>\n<p style=\"text-align: justify;\">\u201cDescemos ligeiro, porque as chamas j\u00e1 estavam altas. N\u00e3o deu tempo de tirar as malas nem nada, foi tudo consumido pelo fogo. Gra\u00e7as \u00e0 Deus n\u00e3o houve nenhum ferido, s\u00f3 perda material mesmo: as malas, roupas, celulares\u201d, contou o pastor Jader Dias.<\/p>\n<p style=\"text-align: justify;\">Sem as roupas e demais pertences, muitos dos evang\u00e9licos voltaram para casa; outros decidiram seguir viagem em outro \u00f4nibus disponibilizado pela empresa. Parte da rodovia foi interditada para o trabalho dos Bombeiros, mas foi liberada em seguida.<\/p>\n<p style=\"text-align: justify;\">Fonte: Jornal HORAH.<\/p>\n","protected":false},"excerpt":{"rendered":"<p>O ve\u00edculo transportava evang\u00e9licos de diversas cidades da regi\u00e3o de Bauru. Um \u00f4nibus da via\u00e7\u00e3o Jauense foi destru\u00eddo pelo fogo na manh\u00e3 desta sexta-feira (15) na rodovia Marechal Rondon (SP-300), altura do munic\u00edpio de Arei\u00f3polis, interior de S\u00e3o Paulo. O fogo teve in\u00edcio no motor, enquanto o ve\u00edculo transitava pela pista, o que pode indicar [&hellip;]<\/p>\n","protected":false},"author":1,"featured_media":11455,"comment_status":"closed","ping_status":"open","sticky":false,"template":"","format":"standard","meta":{"footnotes":""},"categories":[170,110],"tags":[],"class_list":["post-11454","post","type-post","status-publish","format-standard","has-post-thumbnail","hentry","category-acidentes","category-noticiasdestaque"],"_links":{"self":[{"href":"https:\/\/jorgezanoni.com.br\/2019\/wp-json\/wp\/v2\/posts\/11454","targetHints":{"allow":["GET"]}}],"collection":[{"href":"https:\/\/jorgezanoni.com.br\/2019\/wp-json\/wp\/v2\/posts"}],"about":[{"href":"https:\/\/jorgezanoni.com.br\/2019\/wp-json\/wp\/v2\/types\/post"}],"author":[{"embeddable":true,"href":"https:\/\/jorgezanoni.com.br\/2019\/wp-json\/wp\/v2\/users\/1"}],"replies":[{"embeddable":true,"href":"https:\/\/jorgezanoni.com.br\/2019\/wp-json\/wp\/v2\/comments?post=11454"}],"version-history":[{"count":0,"href":"https:\/\/jorgezanoni.com.br\/2019\/wp-json\/wp\/v2\/posts\/11454\/revisions"}],"wp:featuredmedia":[{"embeddable":true,"href":"https:\/\/jorgezanoni.com.br\/2019\/wp-json\/wp\/v2\/media\/11455"}],"wp:attachment":[{"href":"https:\/\/jorgezanoni.com.br\/2019\/wp-json\/wp\/v2\/media?parent=11454"}],"wp:term":[{"taxonomy":"category","embeddable":true,"href":"https:\/\/jorgezanoni.com.br\/2019\/wp-json\/wp\/v2\/categories?post=11454"},{"taxonomy":"post_tag","embeddable":true,"href":"https:\/\/jorgezanoni.com.br\/2019\/wp-json\/wp\/v2\/tags?post=11454"}],"curies":[{"name":"wp","href":"https:\/\/api.w.org\/{rel}","templated":true}]}}