{"id":11396,"date":"2019-11-15T14:56:11","date_gmt":"2019-11-15T14:56:11","guid":{"rendered":"https:\/\/jorgezanoni.com.br\/2019\/?p=11396"},"modified":"2019-11-15T14:56:11","modified_gmt":"2019-11-15T14:56:11","slug":"morre-jovem-de-22-anos-baleada-em-sao-manuel-ex-namorado-e-suspeito","status":"publish","type":"post","link":"https:\/\/jorgezanoni.com.br\/2019\/morre-jovem-de-22-anos-baleada-em-sao-manuel-ex-namorado-e-suspeito\/","title":{"rendered":"Morre jovem de 22 anos baleada em S\u00e3o Manuel; ex-namorado \u00e9 suspeito"},"content":{"rendered":"<h2 class=\"content-head__subtitle\" style=\"text-align: justify;\"><strong>V\u00edtima foi atingida quando estava em uma motocicleta no centro da cidade. Suspeito fugiu ap\u00f3s os disparos. Rapaz teve a pris\u00e3o preventiva decretada e \u00e9 considerado foragido.<\/strong><\/h2>\n<p><img loading=\"lazy\" decoding=\"async\" class=\"alignnone size-full wp-image-11398\" src=\"https:\/\/jorgezanoni.com.br\/2019\/wp-content\/uploads\/2019\/11\/jovem-1.jpg\" alt=\"\" width=\"1200\" height=\"785\" srcset=\"https:\/\/jorgezanoni.com.br\/2019\/wp-content\/uploads\/2019\/11\/jovem-1.jpg 1200w, https:\/\/jorgezanoni.com.br\/2019\/wp-content\/uploads\/2019\/11\/jovem-1-300x196.jpg 300w, https:\/\/jorgezanoni.com.br\/2019\/wp-content\/uploads\/2019\/11\/jovem-1-768x502.jpg 768w, https:\/\/jorgezanoni.com.br\/2019\/wp-content\/uploads\/2019\/11\/jovem-1-1024x670.jpg 1024w, https:\/\/jorgezanoni.com.br\/2019\/wp-content\/uploads\/2019\/11\/jovem-1-696x455.jpg 696w, https:\/\/jorgezanoni.com.br\/2019\/wp-content\/uploads\/2019\/11\/jovem-1-741x486.jpg 741w, https:\/\/jorgezanoni.com.br\/2019\/wp-content\/uploads\/2019\/11\/jovem-1-1068x699.jpg 1068w, https:\/\/jorgezanoni.com.br\/2019\/wp-content\/uploads\/2019\/11\/jovem-1-642x420.jpg 642w\" sizes=\"auto, (max-width: 1200px) 100vw, 1200px\" \/>Adrielli foi morta com cinco tiros em S\u00e3o Manuel \u2014 Foto: Facebook\/ reprodu\u00e7\u00e3o<\/p>\n<div class=\"mc-column content-text active-extra-styles \" data-block-type=\"unstyled\" data-block-weight=\"39\" data-block-id=\"2\">\n<p class=\"content-text__container \" style=\"text-align: justify;\" data-track-category=\"Link no Texto\" data-track-links=\"\">A jovem de 22 anos\u00a0<a href=\"https:\/\/g1.globo.com\/sp\/bauru-marilia\/noticia\/2019\/11\/14\/motociclista-e-baleada-cinco-vezes-na-area-central-de-sao-manuel.ghtml\">que foi baleada na tarde de quinta-feira (14)<\/a>\u00a0no centro de S\u00e3o Manuel (SP) morreu ap\u00f3s receber atendimento no Hospital das Cl\u00ednicas, durante a noite. O ex-namorado da jovem \u00e9 suspeito do crime.<\/p>\n<\/div>\n<div class=\"wall protected-content\">\n<div class=\"mc-column content-text active-extra-styles \" style=\"text-align: justify;\" data-block-type=\"unstyled\" data-block-weight=\"22\" data-block-id=\"3\">\n<p class=\"content-text__container \" data-track-category=\"Link no Texto\" data-track-links=\"\">O corpo de Adrielli Rodrigues foi encaminhado para o Instituto M\u00e9dico Legal (IML) e ainda n\u00e3o h\u00e1 informa\u00e7\u00f5es sobre vel\u00f3rio e enterro.<\/p>\n<\/div>\n<div class=\"mc-column content-text active-extra-styles \" data-block-type=\"unstyled\" data-block-weight=\"44\" data-block-id=\"4\">\n<p class=\"content-text__container \" style=\"text-align: justify;\" data-track-category=\"Link no Texto\" data-track-links=\"\">Segundo informa\u00e7\u00f5es da Pol\u00edcia Civil, Adrielli foi atingida pelos tiros na quadra 1 da Rua Francisco da Cruz Mell\u00e3o, onde o ex-namorado suspeito, Cristiano Gomes, teria esperado a jovem passar para atirar. Segundo a pol\u00edcia, ele fez cinco disparos e quatro atingiram a jovem.<\/p>\n<div class=\"mc-column content-text active-extra-styles \" style=\"text-align: justify;\" data-block-type=\"unstyled\" data-block-weight=\"30\" data-block-id=\"6\">\n<p class=\"content-text__container \" data-track-category=\"Link no Texto\" data-track-links=\"\">Ainda segundo a pol\u00edcia, ele n\u00e3o aceitava o fim do relacionamento. Ap\u00f3s os tiros, Cristiano fugiu em outra motocicleta. Ele teve a pris\u00e3o preventiva decretada e \u00e9 considerado foragido.<\/p>\n<\/div>\n<div class=\"mc-column content-text active-extra-styles \" data-block-type=\"unstyled\" data-block-weight=\"35\" data-block-id=\"7\">\n<p class=\"content-text__container \" style=\"text-align: justify;\" data-track-category=\"Link no Texto\" data-track-links=\"\">A jovem foi socorrida e levada ao Pronto-socorro da cidade. Em seguida, diante da gravidade das les\u00f5es, foi encaminhada para o Hospital das Cl\u00ednicas (HC) da Unesp de Botucatu, mas acabou n\u00e3o resistindo aos ferimentos.<\/p>\n<p data-track-category=\"Link no Texto\" data-track-links=\"\">Fonte: G1<\/p>\n<\/div>\n<\/div>\n<\/div>\n","protected":false},"excerpt":{"rendered":"<p>V\u00edtima foi atingida quando estava em uma motocicleta no centro da cidade. Suspeito fugiu ap\u00f3s os disparos. Rapaz teve a pris\u00e3o preventiva decretada e \u00e9 considerado foragido. Adrielli foi morta com cinco tiros em S\u00e3o Manuel \u2014 Foto: Facebook\/ reprodu\u00e7\u00e3o A jovem de 22 anos\u00a0que foi baleada na tarde de quinta-feira (14)\u00a0no centro de S\u00e3o [&hellip;]<\/p>\n","protected":false},"author":1,"featured_media":11399,"comment_status":"closed","ping_status":"open","sticky":false,"template":"","format":"standard","meta":{"footnotes":""},"categories":[110,2],"tags":[],"class_list":["post-11396","post","type-post","status-publish","format-standard","has-post-thumbnail","hentry","category-noticiasdestaque","category-policial"],"_links":{"self":[{"href":"https:\/\/jorgezanoni.com.br\/2019\/wp-json\/wp\/v2\/posts\/11396","targetHints":{"allow":["GET"]}}],"collection":[{"href":"https:\/\/jorgezanoni.com.br\/2019\/wp-json\/wp\/v2\/posts"}],"about":[{"href":"https:\/\/jorgezanoni.com.br\/2019\/wp-json\/wp\/v2\/types\/post"}],"author":[{"embeddable":true,"href":"https:\/\/jorgezanoni.com.br\/2019\/wp-json\/wp\/v2\/users\/1"}],"replies":[{"embeddable":true,"href":"https:\/\/jorgezanoni.com.br\/2019\/wp-json\/wp\/v2\/comments?post=11396"}],"version-history":[{"count":0,"href":"https:\/\/jorgezanoni.com.br\/2019\/wp-json\/wp\/v2\/posts\/11396\/revisions"}],"wp:featuredmedia":[{"embeddable":true,"href":"https:\/\/jorgezanoni.com.br\/2019\/wp-json\/wp\/v2\/media\/11399"}],"wp:attachment":[{"href":"https:\/\/jorgezanoni.com.br\/2019\/wp-json\/wp\/v2\/media?parent=11396"}],"wp:term":[{"taxonomy":"category","embeddable":true,"href":"https:\/\/jorgezanoni.com.br\/2019\/wp-json\/wp\/v2\/categories?post=11396"},{"taxonomy":"post_tag","embeddable":true,"href":"https:\/\/jorgezanoni.com.br\/2019\/wp-json\/wp\/v2\/tags?post=11396"}],"curies":[{"name":"wp","href":"https:\/\/api.w.org\/{rel}","templated":true}]}}