{"id":11391,"date":"2019-11-15T14:21:06","date_gmt":"2019-11-15T14:21:06","guid":{"rendered":"https:\/\/jorgezanoni.com.br\/2019\/?p=11391"},"modified":"2019-11-15T15:08:57","modified_gmt":"2019-11-15T15:08:57","slug":"duas-pessoas-ficam-feridas-em-acidente-entre-dois-veiculos-na-sp-294-em-dracena","status":"publish","type":"post","link":"https:\/\/jorgezanoni.com.br\/2019\/duas-pessoas-ficam-feridas-em-acidente-entre-dois-veiculos-na-sp-294-em-dracena\/","title":{"rendered":"Duas pessoas ficam feridas em acidente entre dois ve\u00edculos na SP-294 em Dracena"},"content":{"rendered":"<h2 class=\"content-head__subtitle\" style=\"text-align: justify;\"><strong>Batida lateral aconteceu no trecho de Dracena. V\u00edtimas foram socorridas e encaminhadas para a Santa Casa da cidade.<\/strong><\/h2>\n<div class=\"mc-column content-text active-extra-styles \" data-block-type=\"unstyled\" data-block-weight=\"22\" data-block-id=\"2\">\n<p class=\"content-text__container \" style=\"text-align: justify;\" data-track-category=\"Link no Texto\" data-track-links=\"\">Duas pessoas ficaram feridas em um acidente na madrugada desta sexta-feira (15), na Rodovia Comandante Jo\u00e3o Ribeiro de Barros (SP-294), em Dracena, pr\u00f3ximo ao Pronto Atendimento da Unimed<\/p>\n<\/div>\n<div class=\"wall protected-content\">\n<div class=\"mc-column content-text active-extra-styles \" style=\"text-align: justify;\" data-block-type=\"unstyled\" data-block-weight=\"13\" data-block-id=\"3\">\n<p class=\"content-text__container \" data-track-category=\"Link no Texto\" data-track-links=\"\">Segundo informa\u00e7\u00f5es, por volta das 4h30, dois ve\u00edculos bateram lateralmente. Um Ford Fusion placas de Dracena e um Renault Duster placas de Adamantina..<\/p>\n<\/div>\n<div class=\"mc-column content-text active-extra-styles \" style=\"text-align: justify;\" data-block-type=\"unstyled\" data-block-weight=\"16\" data-block-id=\"4\">\n<p class=\"content-text__container \" data-track-category=\"Link no Texto\" data-track-links=\"\">A suspeita \u00e9 de que um dos carros tenha tentando fazer uma ultrapassagem em local proibido.<\/p>\n<\/div>\n<div class=\"mc-column content-text active-extra-styles \" data-block-type=\"unstyled\" data-block-weight=\"18\" data-block-id=\"5\">\n<p class=\"content-text__container \" style=\"text-align: justify;\" data-track-category=\"Link no Texto\" data-track-links=\"\">As v\u00edtimas que estavam no ve\u00edculo de Adamantina foram socorridas uma em estado grave e outra leve por uma Equipe de Resgate do Corpo de Bombeiros e encaminhadas para o Pronto Atendimento Municipal de Dracena.<\/p>\n<p style=\"text-align: justify;\" data-track-category=\"Link no Texto\" data-track-links=\"\">A Pol\u00edcia Militar base operacional de Adamantina e Per\u00edcia T\u00e9cnica estiveram no local.<\/p>\n<p data-track-category=\"Link no Texto\" data-track-links=\"\"><img loading=\"lazy\" decoding=\"async\" class=\"alignnone size-full wp-image-11392\" src=\"https:\/\/jorgezanoni.com.br\/2019\/wp-content\/uploads\/2019\/11\/pista.jpeg\" alt=\"\" width=\"1200\" height=\"684\" srcset=\"https:\/\/jorgezanoni.com.br\/2019\/wp-content\/uploads\/2019\/11\/pista.jpeg 1200w, https:\/\/jorgezanoni.com.br\/2019\/wp-content\/uploads\/2019\/11\/pista-300x171.jpeg 300w, https:\/\/jorgezanoni.com.br\/2019\/wp-content\/uploads\/2019\/11\/pista-768x438.jpeg 768w, https:\/\/jorgezanoni.com.br\/2019\/wp-content\/uploads\/2019\/11\/pista-1024x584.jpeg 1024w, https:\/\/jorgezanoni.com.br\/2019\/wp-content\/uploads\/2019\/11\/pista-696x397.jpeg 696w, https:\/\/jorgezanoni.com.br\/2019\/wp-content\/uploads\/2019\/11\/pista-1068x609.jpeg 1068w, https:\/\/jorgezanoni.com.br\/2019\/wp-content\/uploads\/2019\/11\/pista-737x420.jpeg 737w\" sizes=\"auto, (max-width: 1200px) 100vw, 1200px\" \/>Acidente deixou duas pessoas feridas em Dracena \u2014 Foto: Cl\u00e1udio Jos\u00e9 Pasqualeto\/Cedida<\/p>\n<p data-track-category=\"Link no Texto\" data-track-links=\"\"><img loading=\"lazy\" decoding=\"async\" class=\"alignnone size-full wp-image-11402\" src=\"https:\/\/jorgezanoni.com.br\/2019\/wp-content\/uploads\/2019\/11\/aci-1.jpg\" alt=\"\" width=\"864\" height=\"1152\" srcset=\"https:\/\/jorgezanoni.com.br\/2019\/wp-content\/uploads\/2019\/11\/aci-1.jpg 864w, https:\/\/jorgezanoni.com.br\/2019\/wp-content\/uploads\/2019\/11\/aci-1-225x300.jpg 225w, https:\/\/jorgezanoni.com.br\/2019\/wp-content\/uploads\/2019\/11\/aci-1-768x1024.jpg 768w, https:\/\/jorgezanoni.com.br\/2019\/wp-content\/uploads\/2019\/11\/aci-1-696x928.jpg 696w, https:\/\/jorgezanoni.com.br\/2019\/wp-content\/uploads\/2019\/11\/aci-1-315x420.jpg 315w\" sizes=\"auto, (max-width: 864px) 100vw, 864px\" \/> <img loading=\"lazy\" decoding=\"async\" class=\"alignnone size-full wp-image-11403\" src=\"https:\/\/jorgezanoni.com.br\/2019\/wp-content\/uploads\/2019\/11\/aci1-1.jpg\" alt=\"\" width=\"864\" height=\"1152\" srcset=\"https:\/\/jorgezanoni.com.br\/2019\/wp-content\/uploads\/2019\/11\/aci1-1.jpg 864w, https:\/\/jorgezanoni.com.br\/2019\/wp-content\/uploads\/2019\/11\/aci1-1-225x300.jpg 225w, https:\/\/jorgezanoni.com.br\/2019\/wp-content\/uploads\/2019\/11\/aci1-1-768x1024.jpg 768w, https:\/\/jorgezanoni.com.br\/2019\/wp-content\/uploads\/2019\/11\/aci1-1-696x928.jpg 696w, https:\/\/jorgezanoni.com.br\/2019\/wp-content\/uploads\/2019\/11\/aci1-1-315x420.jpg 315w\" sizes=\"auto, (max-width: 864px) 100vw, 864px\" \/> <img loading=\"lazy\" decoding=\"async\" class=\"alignnone size-full wp-image-11404\" src=\"https:\/\/jorgezanoni.com.br\/2019\/wp-content\/uploads\/2019\/11\/aci2.jpg\" alt=\"\" width=\"864\" height=\"1152\" srcset=\"https:\/\/jorgezanoni.com.br\/2019\/wp-content\/uploads\/2019\/11\/aci2.jpg 864w, https:\/\/jorgezanoni.com.br\/2019\/wp-content\/uploads\/2019\/11\/aci2-225x300.jpg 225w, https:\/\/jorgezanoni.com.br\/2019\/wp-content\/uploads\/2019\/11\/aci2-768x1024.jpg 768w, https:\/\/jorgezanoni.com.br\/2019\/wp-content\/uploads\/2019\/11\/aci2-696x928.jpg 696w, https:\/\/jorgezanoni.com.br\/2019\/wp-content\/uploads\/2019\/11\/aci2-315x420.jpg 315w\" sizes=\"auto, (max-width: 864px) 100vw, 864px\" \/> <img loading=\"lazy\" decoding=\"async\" class=\"alignnone size-full wp-image-11405\" src=\"https:\/\/jorgezanoni.com.br\/2019\/wp-content\/uploads\/2019\/11\/aci3.jpg\" alt=\"\" width=\"864\" height=\"1152\" srcset=\"https:\/\/jorgezanoni.com.br\/2019\/wp-content\/uploads\/2019\/11\/aci3.jpg 864w, https:\/\/jorgezanoni.com.br\/2019\/wp-content\/uploads\/2019\/11\/aci3-225x300.jpg 225w, https:\/\/jorgezanoni.com.br\/2019\/wp-content\/uploads\/2019\/11\/aci3-768x1024.jpg 768w, https:\/\/jorgezanoni.com.br\/2019\/wp-content\/uploads\/2019\/11\/aci3-696x928.jpg 696w, https:\/\/jorgezanoni.com.br\/2019\/wp-content\/uploads\/2019\/11\/aci3-315x420.jpg 315w\" sizes=\"auto, (max-width: 864px) 100vw, 864px\" \/> <img loading=\"lazy\" decoding=\"async\" class=\"alignnone size-full wp-image-11406\" src=\"https:\/\/jorgezanoni.com.br\/2019\/wp-content\/uploads\/2019\/11\/aci4.jpg\" alt=\"\" width=\"1152\" height=\"864\" srcset=\"https:\/\/jorgezanoni.com.br\/2019\/wp-content\/uploads\/2019\/11\/aci4.jpg 1152w, https:\/\/jorgezanoni.com.br\/2019\/wp-content\/uploads\/2019\/11\/aci4-300x225.jpg 300w, https:\/\/jorgezanoni.com.br\/2019\/wp-content\/uploads\/2019\/11\/aci4-768x576.jpg 768w, https:\/\/jorgezanoni.com.br\/2019\/wp-content\/uploads\/2019\/11\/aci4-1024x768.jpg 1024w, https:\/\/jorgezanoni.com.br\/2019\/wp-content\/uploads\/2019\/11\/aci4-80x60.jpg 80w, https:\/\/jorgezanoni.com.br\/2019\/wp-content\/uploads\/2019\/11\/aci4-265x198.jpg 265w, https:\/\/jorgezanoni.com.br\/2019\/wp-content\/uploads\/2019\/11\/aci4-696x522.jpg 696w, https:\/\/jorgezanoni.com.br\/2019\/wp-content\/uploads\/2019\/11\/aci4-1068x801.jpg 1068w, https:\/\/jorgezanoni.com.br\/2019\/wp-content\/uploads\/2019\/11\/aci4-560x420.jpg 560w\" sizes=\"auto, (max-width: 1152px) 100vw, 1152px\" \/> <img loading=\"lazy\" decoding=\"async\" class=\"alignnone size-full wp-image-11407\" src=\"https:\/\/jorgezanoni.com.br\/2019\/wp-content\/uploads\/2019\/11\/aci5.jpg\" alt=\"\" width=\"1152\" height=\"864\" srcset=\"https:\/\/jorgezanoni.com.br\/2019\/wp-content\/uploads\/2019\/11\/aci5.jpg 1152w, https:\/\/jorgezanoni.com.br\/2019\/wp-content\/uploads\/2019\/11\/aci5-300x225.jpg 300w, https:\/\/jorgezanoni.com.br\/2019\/wp-content\/uploads\/2019\/11\/aci5-768x576.jpg 768w, https:\/\/jorgezanoni.com.br\/2019\/wp-content\/uploads\/2019\/11\/aci5-1024x768.jpg 1024w, https:\/\/jorgezanoni.com.br\/2019\/wp-content\/uploads\/2019\/11\/aci5-80x60.jpg 80w, https:\/\/jorgezanoni.com.br\/2019\/wp-content\/uploads\/2019\/11\/aci5-265x198.jpg 265w, https:\/\/jorgezanoni.com.br\/2019\/wp-content\/uploads\/2019\/11\/aci5-696x522.jpg 696w, https:\/\/jorgezanoni.com.br\/2019\/wp-content\/uploads\/2019\/11\/aci5-1068x801.jpg 1068w, https:\/\/jorgezanoni.com.br\/2019\/wp-content\/uploads\/2019\/11\/aci5-560x420.jpg 560w\" sizes=\"auto, (max-width: 1152px) 100vw, 1152px\" \/><\/p>\n<p data-track-category=\"Link no Texto\" data-track-links=\"\">Fonte: G1 e PMR.<\/p>\n<p data-track-category=\"Link no Texto\" data-track-links=\"\">Jorge Zanoni<\/p>\n<p data-track-category=\"Link no Texto\" data-track-links=\"\">Fotos de Internauta<\/p>\n<\/div>\n<\/div>\n","protected":false},"excerpt":{"rendered":"<p>Batida lateral aconteceu no trecho de Dracena. V\u00edtimas foram socorridas e encaminhadas para a Santa Casa da cidade. Duas pessoas ficaram feridas em um acidente na madrugada desta sexta-feira (15), na Rodovia Comandante Jo\u00e3o Ribeiro de Barros (SP-294), em Dracena, pr\u00f3ximo ao Pronto Atendimento da Unimed Segundo informa\u00e7\u00f5es, por volta das 4h30, dois ve\u00edculos bateram [&hellip;]<\/p>\n","protected":false},"author":1,"featured_media":11395,"comment_status":"closed","ping_status":"open","sticky":false,"template":"","format":"standard","meta":{"footnotes":""},"categories":[170,110],"tags":[],"class_list":["post-11391","post","type-post","status-publish","format-standard","has-post-thumbnail","hentry","category-acidentes","category-noticiasdestaque"],"_links":{"self":[{"href":"https:\/\/jorgezanoni.com.br\/2019\/wp-json\/wp\/v2\/posts\/11391","targetHints":{"allow":["GET"]}}],"collection":[{"href":"https:\/\/jorgezanoni.com.br\/2019\/wp-json\/wp\/v2\/posts"}],"about":[{"href":"https:\/\/jorgezanoni.com.br\/2019\/wp-json\/wp\/v2\/types\/post"}],"author":[{"embeddable":true,"href":"https:\/\/jorgezanoni.com.br\/2019\/wp-json\/wp\/v2\/users\/1"}],"replies":[{"embeddable":true,"href":"https:\/\/jorgezanoni.com.br\/2019\/wp-json\/wp\/v2\/comments?post=11391"}],"version-history":[{"count":0,"href":"https:\/\/jorgezanoni.com.br\/2019\/wp-json\/wp\/v2\/posts\/11391\/revisions"}],"wp:featuredmedia":[{"embeddable":true,"href":"https:\/\/jorgezanoni.com.br\/2019\/wp-json\/wp\/v2\/media\/11395"}],"wp:attachment":[{"href":"https:\/\/jorgezanoni.com.br\/2019\/wp-json\/wp\/v2\/media?parent=11391"}],"wp:term":[{"taxonomy":"category","embeddable":true,"href":"https:\/\/jorgezanoni.com.br\/2019\/wp-json\/wp\/v2\/categories?post=11391"},{"taxonomy":"post_tag","embeddable":true,"href":"https:\/\/jorgezanoni.com.br\/2019\/wp-json\/wp\/v2\/tags?post=11391"}],"curies":[{"name":"wp","href":"https:\/\/api.w.org\/{rel}","templated":true}]}}