{"id":11381,"date":"2019-11-15T02:02:46","date_gmt":"2019-11-15T02:02:46","guid":{"rendered":"https:\/\/jorgezanoni.com.br\/2019\/?p=11381"},"modified":"2019-11-15T02:02:46","modified_gmt":"2019-11-15T02:02:46","slug":"aeronave-cai-durante-pouso-em-pista-de-resort-pega-fogo-e-deixa-1-morto-e-9-feridos-na-bahia-video","status":"publish","type":"post","link":"https:\/\/jorgezanoni.com.br\/2019\/aeronave-cai-durante-pouso-em-pista-de-resort-pega-fogo-e-deixa-1-morto-e-9-feridos-na-bahia-video\/","title":{"rendered":"Aeronave cai durante pouso em pista de resort, pega fogo e deixa 1 morto e 9 feridos na Bahia; V\u00cdDEO"},"content":{"rendered":"<h2 class=\"content-head__subtitle\" style=\"text-align: justify;\"><strong>Acidente ocorreu na tarde desta quinta-feira (14), em Barra Grande, distrito do munic\u00edpio de Mara\u00fa, no baixo sul da Bahia. Aeronave tinha decolado do aer\u00f3dromo de Jundia\u00ed (SP).<\/strong><\/h2>\n<div class=\"mc-column content-text active-extra-styles \" data-block-type=\"unstyled\" data-block-weight=\"64\" data-block-id=\"2\">\n<p class=\"content-text__container \" style=\"text-align: justify;\" data-track-category=\"Link no Texto\" data-track-links=\"\">Uma aeronave caiu durante o pouso na pista de um resort em Barra Grande, distrito do munic\u00edpio de Mara\u00fa, no baixo sul da Bahia, na tarde desta quinta-feira (14). Segundo informa\u00e7\u00f5es da assessoria de comunica\u00e7\u00e3o da prefeitura do munic\u00edpio e da Pol\u00edcia Civil, o acidente ocorreu pouco depois das 14h e deixou uma pessoa morta e outras nove ficaram feridas, entre elas uma crian\u00e7a.<\/p>\n<\/div>\n<div class=\"wall protected-content\">\n<div class=\"mc-column content-text active-extra-styles \" data-block-type=\"unstyled\" data-block-weight=\"40\" data-block-id=\"3\">\n<p class=\"content-text__container \" style=\"text-align: justify;\" data-track-category=\"Link no Texto\" data-track-links=\"\">Ainda n\u00e3o se sabe quantas pessoas ao todo estavam na aeronave, que \u00e9 um jato executivo, e nem sobre o que provocou a queda do avi\u00e3o. A pessoa que morreu, segundo a pol\u00edcia, foi uma mulher, que ficou carbonizada.<\/p>\n<div class=\"mc-column content-text active-extra-styles \" style=\"text-align: justify;\" data-block-type=\"unstyled\" data-block-weight=\"59\" data-block-id=\"5\">\n<p class=\"content-text__container \" data-track-category=\"Link no Texto\" data-track-links=\"\">A aeronave decolou do aer\u00f3dromo de Jundia\u00ed (SP), \u00e0s 11h, com destino a Mara\u00fa, segundo informa\u00e7\u00f5es da Voe SP, que administra o terminal, e da For\u00e7a A\u00e9rea Brasileira (FAB). A Voe SP informou que a aeronave ficava em um hangar e teve a autoriza\u00e7\u00e3o para decolar porque n\u00e3o houve nenhuma comunica\u00e7\u00e3o de anormalidade por parte da equipe t\u00e9cnica respons\u00e1vel.<\/p>\n<\/div>\n<div class=\"mc-column content-text active-extra-styles \" data-block-type=\"unstyled\" data-block-weight=\"16\" data-block-id=\"6\">\n<p class=\"content-text__container \" style=\"text-align: justify;\" data-track-category=\"Link no Texto\" data-track-links=\"\">O pouso foi feito em uma pista particular, que fica em um resort que est\u00e1 desativado.<\/p>\n<p data-track-category=\"Link no Texto\" data-track-links=\"\"><img loading=\"lazy\" decoding=\"async\" class=\"alignnone size-full wp-image-11382\" src=\"https:\/\/jorgezanoni.com.br\/2019\/wp-content\/uploads\/2019\/11\/avi\u00e3o.jpeg\" alt=\"\" width=\"1200\" height=\"675\" srcset=\"https:\/\/jorgezanoni.com.br\/2019\/wp-content\/uploads\/2019\/11\/avi\u00e3o.jpeg 1200w, https:\/\/jorgezanoni.com.br\/2019\/wp-content\/uploads\/2019\/11\/avi\u00e3o-300x169.jpeg 300w, https:\/\/jorgezanoni.com.br\/2019\/wp-content\/uploads\/2019\/11\/avi\u00e3o-768x432.jpeg 768w, https:\/\/jorgezanoni.com.br\/2019\/wp-content\/uploads\/2019\/11\/avi\u00e3o-1024x576.jpeg 1024w, https:\/\/jorgezanoni.com.br\/2019\/wp-content\/uploads\/2019\/11\/avi\u00e3o-696x392.jpeg 696w, https:\/\/jorgezanoni.com.br\/2019\/wp-content\/uploads\/2019\/11\/avi\u00e3o-1068x601.jpeg 1068w, https:\/\/jorgezanoni.com.br\/2019\/wp-content\/uploads\/2019\/11\/avi\u00e3o-747x420.jpeg 747w\" sizes=\"auto, (max-width: 1200px) 100vw, 1200px\" \/>Aeronave cai durante pouso em pista de resort e pega fogo na Bahia \u2014 Foto: Dudu Face\/Camamu Noticias<\/p>\n<div class=\"mc-column content-text active-extra-styles \" data-block-type=\"unstyled\" data-block-weight=\"70\" data-block-id=\"8\">\n<p class=\"content-text__container \" data-track-category=\"Link no Texto\" data-track-links=\"\">Os feridos foram encaminhados, inicialmente, para um posto de sa\u00fade de Barra Grande.\u00a0<a href=\"https:\/\/g1.globo.com\/ba\/bahia\/noticia\/2019\/11\/14\/parentes-de-deputado-licenciado-estavam-em-aeronave-que-caiu-na-ba.ghtml\">Entre as v\u00edtimas feridas est\u00e1 o Eduardo Mussi, irm\u00e3o do deputado federal Guilherme Mussi<\/a>. A mulher de Eduardo, Ma\u00edsa Marques Mussi, tamb\u00e9m estava no jato e ficou ferida. A irm\u00e3 dela, que n\u00e3o teve idade e identidade reveladas, morreu no acidente. O filho dela, uma crian\u00e7a de idade n\u00e3o informada, tamb\u00e9m est\u00e1 entre os feridos.<\/p>\n<div class=\"mc-column content-text active-extra-styles \" data-block-type=\"unstyled\" data-block-weight=\"48\" data-block-id=\"10\">\n<p class=\"content-text__container \" data-track-category=\"Link no Texto\" data-track-links=\"\">Os feridos foram trazidos para Salvador em um avi\u00e3o com capacidade para 8 passageiros e dois helic\u00f3pteros, ambos do Grupamento A\u00e9reo da Pol\u00edcia Militar da Bahia (Graer). Cinco v\u00edtimas est\u00e3o no Hospital Geral do Estado (HGE), tr\u00eas no Hospital Municipal de Salvador e uma no Hospital do Sub\u00farbio.<\/p>\n<\/div>\n<div class=\"mc-column content-text active-extra-styles \" data-block-type=\"unstyled\" data-block-weight=\"62\" data-block-id=\"11\">\n<p class=\"content-text__container \" data-track-category=\"Link no Texto\" data-track-links=\"\">Conforme registro da Ag\u00eancia Nacional de Avia\u00e7\u00e3o Civil (Anac), aeronave, um bimotor Cessna C550 fabricado em 1981, de prefixo PT- LTJ, \u00e9 do empres\u00e1rio Jos\u00e9 Jo\u00e3o Abdalla Filho e est\u00e1 em situa\u00e7\u00e3o regular. O\u00a0<strong>G1\u00a0<\/strong>entrou em contato com o Banco Cl\u00e1ssico, de propriedade de Jo\u00e3o Abdalla, e uma pessoa da recep\u00e7\u00e3o da institui\u00e7\u00e3o disse que o empres\u00e1rio est\u00e1 no exterior.<\/p>\n<div class=\"mc-column content-text active-extra-styles \" data-block-type=\"unstyled\" data-block-weight=\"25\" data-block-id=\"16\">\n<p class=\"content-text__container \" data-track-category=\"Link no Texto\" data-track-links=\"\">O pescador Ronaldo Amaral<strong>\u00a0<\/strong>disse que viu o momento em que a aeronave deu uma volta no ar e depois come\u00e7ou a cair.<\/p>\n<\/div>\n<div class=\"mc-column content-text active-extra-styles \" data-block-type=\"unstyled\" data-block-weight=\"32\" data-block-id=\"17\">\n<p class=\"content-text__container \" data-track-category=\"Link no Texto\" data-track-links=\"\">&#8220;Eu estava pescando e vi o avi\u00e3o passando por cima de mim. Ele fez uma volta bem r\u00e1pida e, depois, voltou para a pista. Em quest\u00e3o de segundos a fumaceira subiu&#8221;, destacou.<\/p>\n<\/div>\n<div class=\"mc-column content-text active-extra-styles \" data-block-type=\"unstyled\" data-block-weight=\"18\" data-block-id=\"18\">\n<p class=\"content-text__container \" data-track-category=\"Link no Texto\" data-track-links=\"\">Silvia Almeida, que mora em Barra Grande, tamb\u00e9m disse ter visto o momento da queda do avi\u00e3o.<\/p>\n<\/div>\n<div class=\"mc-column content-text active-extra-styles \" data-block-type=\"unstyled\" data-block-weight=\"31\" data-block-id=\"19\">\n<p class=\"content-text__container \" data-track-category=\"Link no Texto\" data-track-links=\"\">&#8220;Eu estava passando pela praia de Taipu de Dentro e vi. A\u00ed eu fui pra perto e comecei a filmar. Eu s\u00f3 n\u00e3o sei dizer se morreu algu\u00e9m&#8221;, relatou ao\u00a0<strong>G1<\/strong>.<\/p>\n<div class=\"mc-column content-text active-extra-styles \" data-block-type=\"unstyled\" data-block-weight=\"25\" data-block-id=\"23\">\n<p class=\"content-text__container \" data-track-category=\"Link no Texto\" data-track-links=\"\">Por meio de nota, a Pol\u00edcia Civil informou que equipes da Delegacia Territorial de Mara\u00fa realizam os levantamentos iniciais para apurar a queda do avi\u00e3o.<\/p>\n<\/div>\n<div class=\"mc-column content-text active-extra-styles \" data-block-type=\"unstyled\" data-block-weight=\"43\" data-block-id=\"24\">\n<p class=\"content-text__container \" data-track-category=\"Link no Texto\" data-track-links=\"\">A FAB disse que investigadores do Segundo Servi\u00e7o Regional de Investiga\u00e7\u00e3o e Preven\u00e7\u00e3o de Acidentes Aeron\u00e1uticos (SERIPA II), \u00f3rg\u00e3o regional do Centro de Investiga\u00e7\u00e3o e Preven\u00e7\u00e3o de Acidentes Aeron\u00e1uticos (CENIPA), ir\u00e3o se deslocar para realizar a A\u00e7\u00e3o Inicial da ocorr\u00eancia envolvendo a aeronave.<\/p>\n<\/div>\n<div class=\"mc-column content-text active-extra-styles \" data-block-type=\"unstyled\" data-block-weight=\"43\" data-block-id=\"25\">\n<p class=\"content-text__container \" data-track-category=\"Link no Texto\" data-track-links=\"\">Conforme a FAB, a A\u00e7\u00e3o Inicial \u00e9 o come\u00e7o do processo de investiga\u00e7\u00e3o e possui o objetivo de coletar dados: fotografar cenas, retirar partes da aeronave para an\u00e1lise, reunir documentos e ouvir relatos de pessoas que possam ter observado a sequ\u00eancia de eventos.<\/p>\n<div class=\"mc-column content-text active-extra-styles \" data-block-type=\"unstyled\" data-block-weight=\"21\" data-block-id=\"27\">\n<p class=\"content-text__container \" data-track-category=\"Link no Texto\" data-track-links=\"\">A investiga\u00e7\u00e3o realizada pelo CENIPA, explica o \u00f3rg\u00e3o, tem o objetivo de prevenir que novos acidentes com as mesmas caracter\u00edsticas ocorram.<\/p>\n<\/div>\n<div class=\"mc-column content-text active-extra-styles \" data-block-type=\"unstyled\" data-block-weight=\"42\" data-block-id=\"28\">\n<p class=\"content-text__container \" data-track-category=\"Link no Texto\" data-track-links=\"\">&#8220;A necessidade de descobrir todos os fatores contribuintes garante a liberdade de tempo para a investiga\u00e7\u00e3o. A conclus\u00e3o de qualquer investiga\u00e7\u00e3o conduzida pelo CENIPA ter\u00e1 o menor prazo poss\u00edvel, dependendo sempre da complexidade do acidente&#8221;, informa trecho da nota divulgada pela FAB.<\/p>\n<p data-track-category=\"Link no Texto\" data-track-links=\"\">Fonte: https:\/\/g1.globo.com\/ba\/bahia\/noticia\/2019\/11\/14\/aeronave-cai-durante-pouso-em-pista-de-resort-e-pega-fogo-na-bahia.ghtml<\/p>\n<\/div>\n<\/div>\n<\/div>\n<\/div>\n<\/div>\n<\/div>\n<\/div>\n<\/div>\n","protected":false},"excerpt":{"rendered":"<p>Acidente ocorreu na tarde desta quinta-feira (14), em Barra Grande, distrito do munic\u00edpio de Mara\u00fa, no baixo sul da Bahia. Aeronave tinha decolado do aer\u00f3dromo de Jundia\u00ed (SP). Uma aeronave caiu durante o pouso na pista de um resort em Barra Grande, distrito do munic\u00edpio de Mara\u00fa, no baixo sul da Bahia, na tarde desta [&hellip;]<\/p>\n","protected":false},"author":1,"featured_media":11383,"comment_status":"closed","ping_status":"open","sticky":false,"template":"","format":"standard","meta":{"footnotes":""},"categories":[170,110],"tags":[],"class_list":["post-11381","post","type-post","status-publish","format-standard","has-post-thumbnail","hentry","category-acidentes","category-noticiasdestaque"],"_links":{"self":[{"href":"https:\/\/jorgezanoni.com.br\/2019\/wp-json\/wp\/v2\/posts\/11381","targetHints":{"allow":["GET"]}}],"collection":[{"href":"https:\/\/jorgezanoni.com.br\/2019\/wp-json\/wp\/v2\/posts"}],"about":[{"href":"https:\/\/jorgezanoni.com.br\/2019\/wp-json\/wp\/v2\/types\/post"}],"author":[{"embeddable":true,"href":"https:\/\/jorgezanoni.com.br\/2019\/wp-json\/wp\/v2\/users\/1"}],"replies":[{"embeddable":true,"href":"https:\/\/jorgezanoni.com.br\/2019\/wp-json\/wp\/v2\/comments?post=11381"}],"version-history":[{"count":0,"href":"https:\/\/jorgezanoni.com.br\/2019\/wp-json\/wp\/v2\/posts\/11381\/revisions"}],"wp:featuredmedia":[{"embeddable":true,"href":"https:\/\/jorgezanoni.com.br\/2019\/wp-json\/wp\/v2\/media\/11383"}],"wp:attachment":[{"href":"https:\/\/jorgezanoni.com.br\/2019\/wp-json\/wp\/v2\/media?parent=11381"}],"wp:term":[{"taxonomy":"category","embeddable":true,"href":"https:\/\/jorgezanoni.com.br\/2019\/wp-json\/wp\/v2\/categories?post=11381"},{"taxonomy":"post_tag","embeddable":true,"href":"https:\/\/jorgezanoni.com.br\/2019\/wp-json\/wp\/v2\/tags?post=11381"}],"curies":[{"name":"wp","href":"https:\/\/api.w.org\/{rel}","templated":true}]}}