{"id":11374,"date":"2019-11-15T01:35:07","date_gmt":"2019-11-15T01:35:07","guid":{"rendered":"https:\/\/jorgezanoni.com.br\/2019\/?p=11374"},"modified":"2019-11-15T01:35:07","modified_gmt":"2019-11-15T01:35:07","slug":"passarela-desaba-e-atinge-veiculos-na-marginal-tiete","status":"publish","type":"post","link":"https:\/\/jorgezanoni.com.br\/2019\/passarela-desaba-e-atinge-veiculos-na-marginal-tiete\/","title":{"rendered":"Passarela desaba e atinge ve\u00edculos na Marginal Tiet\u00ea"},"content":{"rendered":"<h2 class=\"content-head__subtitle\" style=\"text-align: justify;\"><strong>Incidente aconteceu no sentido Castello Branco e bloqueia todas as pistas da via. Duas pessoas ficaram levemente feridas.<\/strong><\/h2>\n<div class=\"mc-column content-text active-extra-styles \" data-block-type=\"unstyled\" data-block-weight=\"56\" data-block-id=\"2\">\n<p class=\"content-text__container \" style=\"text-align: justify;\" data-track-category=\"Link no Texto\" data-track-links=\"\">Uma passarela desabou por volta das 19h desta quinta-feira (14) na Marginal Tiet\u00ea sentido Rodovia Castello Branco, ap\u00f3s a Ponte Ferrovi\u00e1ria Comunidade H\u00fangara e uma das al\u00e7as de acesso \u00e0 Rodovia Anhanguera, na Zona Norte de\u00a0<a href=\"http:\/\/g1.globo.com\/sp\">S\u00e3o Paulo<\/a>. De acordo com o Corpo de Bombeiros duas pessoas ficaram levemente feridas e foram levadas ao hospital.<\/p>\n<\/div>\n<div class=\"wall protected-content\">\n<div class=\"mc-column content-text active-extra-styles \" style=\"text-align: justify;\" data-block-type=\"unstyled\" data-block-weight=\"44\" data-block-id=\"3\">\n<p class=\"content-text__container \" data-track-category=\"Link no Texto\" data-track-links=\"\">Segundo informa\u00e7\u00f5es iniciais, a passarela de servi\u00e7o caiu sobre tr\u00eas ve\u00edculos: dois \u00f4nibus de viagem e um caminh\u00e3o. H\u00e1 carros que conseguem passar por baixo da ponte de servi\u00e7o. \u00c0s 22h a pista expressa da Marginal Tiet\u00ea foi liberada para a circula\u00e7\u00e3o de ve\u00edculos.<\/p>\n<\/div>\n<div class=\"tag-manager-publicidade-container mc-has-reveal mc-has-ad-lazyload tag-manager-publicidade-banner_materia2 tag-manager-publicidade-container--carregado tag-manager-publicidade-container--visivel\" style=\"text-align: justify;\" data-id=\"banner_materia2\" data-google-query-id=\"CKGR6IyI6-UCFYJgwQodwasJDg\" data-cid=\"138293159521\" data-lid=\"5186344291\">A estrutura provis\u00f3ria faz parte de uma obra para a constru\u00e7\u00e3o do viaduto. O prefeito Bruno Covas (PSDB), determinou que o secret\u00e1rio de seguran\u00e7a urbana, coronel Jos\u00e9 Roberto, respons\u00e1vel pela Defesa Civil, fosse ao local.<\/div>\n<div data-id=\"banner_materia2\" data-google-query-id=\"CKGR6IyI6-UCFYJgwQodwasJDg\" data-cid=\"138293159521\" data-lid=\"5186344291\"><img loading=\"lazy\" decoding=\"async\" class=\"alignnone size-full wp-image-11375\" src=\"https:\/\/jorgezanoni.com.br\/2019\/wp-content\/uploads\/2019\/11\/passarela.jpg\" alt=\"\" width=\"1200\" height=\"1765\" srcset=\"https:\/\/jorgezanoni.com.br\/2019\/wp-content\/uploads\/2019\/11\/passarela.jpg 1200w, https:\/\/jorgezanoni.com.br\/2019\/wp-content\/uploads\/2019\/11\/passarela-204x300.jpg 204w, https:\/\/jorgezanoni.com.br\/2019\/wp-content\/uploads\/2019\/11\/passarela-768x1130.jpg 768w, https:\/\/jorgezanoni.com.br\/2019\/wp-content\/uploads\/2019\/11\/passarela-696x1024.jpg 696w, https:\/\/jorgezanoni.com.br\/2019\/wp-content\/uploads\/2019\/11\/passarela-1068x1571.jpg 1068w, https:\/\/jorgezanoni.com.br\/2019\/wp-content\/uploads\/2019\/11\/passarela-286x420.jpg 286w\" sizes=\"auto, (max-width: 1200px) 100vw, 1200px\" \/><\/p>\n<div class=\"row medium-uncollapsed content-media content-photo\" data-block-type=\"backstage-photo\" data-block-id=\"7\">\n<div class=\"mc-column content-media__container\">\n<p class=\"content-media__description \" style=\"text-align: justify;\">Veja onde a passarela caiu na Marginal Tiet\u00ea \u2014 Foto: Cido Gon\u00e7alves\/G1<\/p>\n<\/div>\n<\/div>\n<div class=\"mc-column content-text active-extra-styles \" style=\"text-align: justify;\" data-block-type=\"unstyled\" data-block-weight=\"30\" data-block-id=\"8\">\n<p class=\"content-text__container \" data-track-category=\"Link no Texto\" data-track-links=\"\">Segundo as primeiras informa\u00e7\u00f5es, trata-se de uma passarela de apoio, sob responsabilidade do Cons\u00f3rcio Liga\u00e7\u00e3o Vi\u00e1ria Lapa-Pirituba (formado pela empresas EIT \/ Constran) que fazia obras no local.<\/p>\n<\/div>\n<div class=\"mc-column content-text active-extra-styles \" data-block-type=\"unstyled\" data-block-weight=\"22\" data-block-id=\"9\">\n<p class=\"content-text__container \" style=\"text-align: justify;\" data-track-category=\"Link no Texto\" data-track-links=\"\">As duas v\u00edtimas que ficaram levemente feridas estavam em um carro Chevrolet Cobalt. Elas foram encaminhadas conscientes ao pronto-socorro de Pirituba.<\/p>\n<p data-track-category=\"Link no Texto\" data-track-links=\"\"><img loading=\"lazy\" decoding=\"async\" class=\"alignnone size-full wp-image-11377\" src=\"https:\/\/jorgezanoni.com.br\/2019\/wp-content\/uploads\/2019\/11\/passa1.jpg\" alt=\"\" width=\"1280\" height=\"720\" srcset=\"https:\/\/jorgezanoni.com.br\/2019\/wp-content\/uploads\/2019\/11\/passa1.jpg 1280w, https:\/\/jorgezanoni.com.br\/2019\/wp-content\/uploads\/2019\/11\/passa1-300x169.jpg 300w, https:\/\/jorgezanoni.com.br\/2019\/wp-content\/uploads\/2019\/11\/passa1-768x432.jpg 768w, https:\/\/jorgezanoni.com.br\/2019\/wp-content\/uploads\/2019\/11\/passa1-1024x576.jpg 1024w, https:\/\/jorgezanoni.com.br\/2019\/wp-content\/uploads\/2019\/11\/passa1-696x392.jpg 696w, https:\/\/jorgezanoni.com.br\/2019\/wp-content\/uploads\/2019\/11\/passa1-1068x601.jpg 1068w, https:\/\/jorgezanoni.com.br\/2019\/wp-content\/uploads\/2019\/11\/passa1-747x420.jpg 747w\" sizes=\"auto, (max-width: 1280px) 100vw, 1280px\" \/> <img loading=\"lazy\" decoding=\"async\" class=\"alignnone size-full wp-image-11378\" src=\"https:\/\/jorgezanoni.com.br\/2019\/wp-content\/uploads\/2019\/11\/passa2.jpg\" alt=\"\" width=\"1920\" height=\"1280\" srcset=\"https:\/\/jorgezanoni.com.br\/2019\/wp-content\/uploads\/2019\/11\/passa2.jpg 1920w, https:\/\/jorgezanoni.com.br\/2019\/wp-content\/uploads\/2019\/11\/passa2-300x200.jpg 300w, https:\/\/jorgezanoni.com.br\/2019\/wp-content\/uploads\/2019\/11\/passa2-768x512.jpg 768w, https:\/\/jorgezanoni.com.br\/2019\/wp-content\/uploads\/2019\/11\/passa2-1024x683.jpg 1024w, https:\/\/jorgezanoni.com.br\/2019\/wp-content\/uploads\/2019\/11\/passa2-696x464.jpg 696w, https:\/\/jorgezanoni.com.br\/2019\/wp-content\/uploads\/2019\/11\/passa2-1068x712.jpg 1068w, https:\/\/jorgezanoni.com.br\/2019\/wp-content\/uploads\/2019\/11\/passa2-630x420.jpg 630w\" sizes=\"auto, (max-width: 1920px) 100vw, 1920px\" \/><\/p>\n<p style=\"text-align: justify;\" data-track-category=\"Link no Texto\" data-track-links=\"\">Fonte: G1<\/p>\n<\/div>\n<\/div>\n<\/div>\n","protected":false},"excerpt":{"rendered":"<p>Incidente aconteceu no sentido Castello Branco e bloqueia todas as pistas da via. Duas pessoas ficaram levemente feridas. Uma passarela desabou por volta das 19h desta quinta-feira (14) na Marginal Tiet\u00ea sentido Rodovia Castello Branco, ap\u00f3s a Ponte Ferrovi\u00e1ria Comunidade H\u00fangara e uma das al\u00e7as de acesso \u00e0 Rodovia Anhanguera, na Zona Norte de\u00a0S\u00e3o Paulo. [&hellip;]<\/p>\n","protected":false},"author":1,"featured_media":11376,"comment_status":"closed","ping_status":"open","sticky":false,"template":"","format":"standard","meta":{"footnotes":""},"categories":[170,110],"tags":[],"class_list":["post-11374","post","type-post","status-publish","format-standard","has-post-thumbnail","hentry","category-acidentes","category-noticiasdestaque"],"_links":{"self":[{"href":"https:\/\/jorgezanoni.com.br\/2019\/wp-json\/wp\/v2\/posts\/11374","targetHints":{"allow":["GET"]}}],"collection":[{"href":"https:\/\/jorgezanoni.com.br\/2019\/wp-json\/wp\/v2\/posts"}],"about":[{"href":"https:\/\/jorgezanoni.com.br\/2019\/wp-json\/wp\/v2\/types\/post"}],"author":[{"embeddable":true,"href":"https:\/\/jorgezanoni.com.br\/2019\/wp-json\/wp\/v2\/users\/1"}],"replies":[{"embeddable":true,"href":"https:\/\/jorgezanoni.com.br\/2019\/wp-json\/wp\/v2\/comments?post=11374"}],"version-history":[{"count":0,"href":"https:\/\/jorgezanoni.com.br\/2019\/wp-json\/wp\/v2\/posts\/11374\/revisions"}],"wp:featuredmedia":[{"embeddable":true,"href":"https:\/\/jorgezanoni.com.br\/2019\/wp-json\/wp\/v2\/media\/11376"}],"wp:attachment":[{"href":"https:\/\/jorgezanoni.com.br\/2019\/wp-json\/wp\/v2\/media?parent=11374"}],"wp:term":[{"taxonomy":"category","embeddable":true,"href":"https:\/\/jorgezanoni.com.br\/2019\/wp-json\/wp\/v2\/categories?post=11374"},{"taxonomy":"post_tag","embeddable":true,"href":"https:\/\/jorgezanoni.com.br\/2019\/wp-json\/wp\/v2\/tags?post=11374"}],"curies":[{"name":"wp","href":"https:\/\/api.w.org\/{rel}","templated":true}]}}