{"id":11369,"date":"2019-11-15T00:49:02","date_gmt":"2019-11-15T00:49:02","guid":{"rendered":"https:\/\/jorgezanoni.com.br\/2019\/?p=11369"},"modified":"2019-11-15T00:49:02","modified_gmt":"2019-11-15T00:49:02","slug":"caozinho-nasce-com-rabinho-na-cabeca-e-recebe-apelido-de-unicornio-assista","status":"publish","type":"post","link":"https:\/\/jorgezanoni.com.br\/2019\/caozinho-nasce-com-rabinho-na-cabeca-e-recebe-apelido-de-unicornio-assista\/","title":{"rendered":"C\u00e3ozinho nasce com rabinho na cabe\u00e7a e recebe apelido de \u201cunic\u00f3rnio\u201d; assista"},"content":{"rendered":"<p style=\"text-align: justify;\">Na semana passada, a organiza\u00e7\u00e3o Mac\u2019s Mission que abriga animais abandonados resgatou um filhote muito peculiar. Por conta de um defeito gen\u00e9tico no filhote, o que era pra ser um rabo cresceu entre os seus olhos, ele ent\u00e3o foi apelidado de \u201cc\u00e3ozinho unic\u00f3rnio\u201d.<\/p>\n<p><img loading=\"lazy\" decoding=\"async\" class=\"alignnone size-full wp-image-11370\" src=\"https:\/\/jorgezanoni.com.br\/2019\/wp-content\/uploads\/2019\/11\/uni1.jpg\" alt=\"\" width=\"696\" height=\"436\" srcset=\"https:\/\/jorgezanoni.com.br\/2019\/wp-content\/uploads\/2019\/11\/uni1.jpg 696w, https:\/\/jorgezanoni.com.br\/2019\/wp-content\/uploads\/2019\/11\/uni1-300x188.jpg 300w, https:\/\/jorgezanoni.com.br\/2019\/wp-content\/uploads\/2019\/11\/uni1-670x420.jpg 670w\" sizes=\"auto, (max-width: 696px) 100vw, 696px\" \/><\/p>\n<figure class=\"wp-block-image\" style=\"text-align: justify;\"><figcaption>Foto: Reprodu\u00e7\u00e3o\/Mac\u2019s Mission<\/figcaption><\/figure>\n<p style=\"text-align: justify;\">O Dr. Heuring, veterin\u00e1rio que examinou o filhote, disse que o rabinho em sua testa n\u00e3o precisa ser removido, e que ele n\u00e3o causa nenhum dano ao cachorro. Quem adot\u00e1-lo \u00e9 quem decidir\u00e1 se ele permanecer\u00e1 ou n\u00e3o sendo o c\u00e3ozinho unic\u00f3rnio.<\/p>\n<p><img loading=\"lazy\" decoding=\"async\" class=\"alignnone size-full wp-image-11371\" src=\"https:\/\/jorgezanoni.com.br\/2019\/wp-content\/uploads\/2019\/11\/uni2.jpg\" alt=\"\" width=\"698\" height=\"507\" srcset=\"https:\/\/jorgezanoni.com.br\/2019\/wp-content\/uploads\/2019\/11\/uni2.jpg 698w, https:\/\/jorgezanoni.com.br\/2019\/wp-content\/uploads\/2019\/11\/uni2-300x218.jpg 300w, https:\/\/jorgezanoni.com.br\/2019\/wp-content\/uploads\/2019\/11\/uni2-324x235.jpg 324w, https:\/\/jorgezanoni.com.br\/2019\/wp-content\/uploads\/2019\/11\/uni2-696x506.jpg 696w, https:\/\/jorgezanoni.com.br\/2019\/wp-content\/uploads\/2019\/11\/uni2-578x420.jpg 578w\" sizes=\"auto, (max-width: 698px) 100vw, 698px\" \/><\/p>\n<figure class=\"wp-block-image\" style=\"text-align: justify;\"><figcaption>Foto: Reprodu\u00e7\u00e3o\/Mac\u2019s Mission<\/figcaption><\/figure>\n<p style=\"text-align: justify;\">Depois que o filhote foi parar nas redes sociais, centenas de pessoas j\u00e1 se propuseram a adot\u00e1-lo.<\/p>\n<p><strong>VEJA OS V\u00cdDEOS:<\/strong><\/p>\n<p><iframe loading=\"lazy\" title=\"C\u00e3ozinho nasce com rabinho na cabe\u00e7a e recebe apelido de \u201cunic\u00f3rnio\u201d\" width=\"696\" height=\"392\" src=\"https:\/\/www.youtube.com\/embed\/RpBnO-ssWAM?feature=oembed\" frameborder=\"0\" allow=\"accelerometer; autoplay; encrypted-media; gyroscope; picture-in-picture\" allowfullscreen><\/iframe><\/p>\n<p><iframe loading=\"lazy\" title=\"Conhe\u00e7a o c\u00e3ozinho unic\u00f3rnio!\" width=\"696\" height=\"392\" src=\"https:\/\/www.youtube.com\/embed\/hrM_Gw3b2uw?feature=oembed\" frameborder=\"0\" allow=\"accelerometer; autoplay; encrypted-media; gyroscope; picture-in-picture\" allowfullscreen><\/iframe><\/p>\n<p style=\"text-align: justify;\">Mesmo que n\u00e3o sejam unic\u00f3rnios, os c\u00e3es s\u00e3o \u00f3timos companheiros, protegem a casa, fortalecem seu sistema imunol\u00f3gico e alegram o dia. Adote um!<\/p>\n<p style=\"text-align: justify;\">Fonte: https:\/\/temlondrina.com.br\/animais\/caozinho-nasce-com-rabinho-na-cabeca-e-recebe-apelido-de-unicornio-assista\/<\/p>\n","protected":false},"excerpt":{"rendered":"<p>Na semana passada, a organiza\u00e7\u00e3o Mac\u2019s Mission que abriga animais abandonados resgatou um filhote muito peculiar. Por conta de um defeito gen\u00e9tico no filhote, o que era pra ser um rabo cresceu entre os seus olhos, ele ent\u00e3o foi apelidado de \u201cc\u00e3ozinho unic\u00f3rnio\u201d. Foto: Reprodu\u00e7\u00e3o\/Mac\u2019s Mission O Dr. Heuring, veterin\u00e1rio que examinou o filhote, disse [&hellip;]<\/p>\n","protected":false},"author":1,"featured_media":11372,"comment_status":"closed","ping_status":"open","sticky":false,"template":"","format":"video","meta":{"footnotes":""},"categories":[169],"tags":[],"class_list":["post-11369","post","type-post","status-publish","format-video","has-post-thumbnail","hentry","category-videos","post_format-post-format-video"],"_links":{"self":[{"href":"https:\/\/jorgezanoni.com.br\/2019\/wp-json\/wp\/v2\/posts\/11369","targetHints":{"allow":["GET"]}}],"collection":[{"href":"https:\/\/jorgezanoni.com.br\/2019\/wp-json\/wp\/v2\/posts"}],"about":[{"href":"https:\/\/jorgezanoni.com.br\/2019\/wp-json\/wp\/v2\/types\/post"}],"author":[{"embeddable":true,"href":"https:\/\/jorgezanoni.com.br\/2019\/wp-json\/wp\/v2\/users\/1"}],"replies":[{"embeddable":true,"href":"https:\/\/jorgezanoni.com.br\/2019\/wp-json\/wp\/v2\/comments?post=11369"}],"version-history":[{"count":0,"href":"https:\/\/jorgezanoni.com.br\/2019\/wp-json\/wp\/v2\/posts\/11369\/revisions"}],"wp:featuredmedia":[{"embeddable":true,"href":"https:\/\/jorgezanoni.com.br\/2019\/wp-json\/wp\/v2\/media\/11372"}],"wp:attachment":[{"href":"https:\/\/jorgezanoni.com.br\/2019\/wp-json\/wp\/v2\/media?parent=11369"}],"wp:term":[{"taxonomy":"category","embeddable":true,"href":"https:\/\/jorgezanoni.com.br\/2019\/wp-json\/wp\/v2\/categories?post=11369"},{"taxonomy":"post_tag","embeddable":true,"href":"https:\/\/jorgezanoni.com.br\/2019\/wp-json\/wp\/v2\/tags?post=11369"}],"curies":[{"name":"wp","href":"https:\/\/api.w.org\/{rel}","templated":true}]}}