{"id":11365,"date":"2019-11-14T22:03:15","date_gmt":"2019-11-14T22:03:15","guid":{"rendered":"https:\/\/jorgezanoni.com.br\/2019\/?p=11365"},"modified":"2019-11-14T22:03:15","modified_gmt":"2019-11-14T22:03:15","slug":"secretaria-de-meio-ambiente-anuncia-a-campanha-de-recolhimento-de-lixo-eletronico-e-troca-de-oleo-de-cozinha","status":"publish","type":"post","link":"https:\/\/jorgezanoni.com.br\/2019\/secretaria-de-meio-ambiente-anuncia-a-campanha-de-recolhimento-de-lixo-eletronico-e-troca-de-oleo-de-cozinha\/","title":{"rendered":"Secretaria de Meio Ambiente anuncia a Campanha de Recolhimento de Lixo Eletr\u00f4nico e Troca de \u00d3leo de Cozinha"},"content":{"rendered":"<p style=\"text-align: justify;\">Dia 23 de novembro, das 08h \u00e0s 14h na Pra\u00e7a Arthur Pagnozzi, haver\u00e1 Campanha de Recolhimento de Lixo Eletr\u00f4nico e Troca de \u00d3leo de Cozinha.<\/p>\n<p style=\"text-align: justify;\">&#8211; Leve 04 litros de \u00f3leo usado e troque por 01 litro de \u00f3leo novo.<\/p>\n<p style=\"text-align: justify;\">&#8211; Leve 02 litros de \u00f3leo usado e troque por 01 frasco (500 ml) de detergente.<\/p>\n<p style=\"text-align: justify;\">&#8211; Traga seu lixo eletr\u00f4nico que daremos o destino adequado (pilhas e l\u00e2mpadas fluorescentes n\u00e3o ser\u00e3o aceitas).<\/p>\n<p style=\"text-align: justify;\"><strong>REALIZA\u00c7\u00c3O:<\/strong><\/p>\n<p style=\"text-align: justify;\">&#8211; Prefeitura de Dracena<\/p>\n<p style=\"text-align: justify;\">&#8211; Secretaria de Agricultura, Meio Ambiente e Limpeza P\u00fablica<\/p>\n<p style=\"text-align: justify;\">&#8211; Lions Clube<\/p>\n<p style=\"text-align: justify;\">&#8211; Lions Clube Cinquenten\u00e1rio<\/p>\n<p style=\"text-align: justify;\">&#8211; Bioffaro Recicle.<\/p>\n<p style=\"text-align: justify;\"><strong>APOIO:<\/strong><\/p>\n<p style=\"text-align: justify;\">&#8211; Sicredi<\/p>\n<p style=\"text-align: justify;\"><em>Mais informa\u00e7\u00f5es (18) 3821-6337<\/em><\/p>\n<p style=\"text-align: justify;\">Fonte: Diretoria de Comunica\u00e7\u00e3o<\/p>\n","protected":false},"excerpt":{"rendered":"<p>Dia 23 de novembro, das 08h \u00e0s 14h na Pra\u00e7a Arthur Pagnozzi, haver\u00e1 Campanha de Recolhimento de Lixo Eletr\u00f4nico e Troca de \u00d3leo de Cozinha. &#8211; Leve 04 litros de \u00f3leo usado e troque por 01 litro de \u00f3leo novo. &#8211; Leve 02 litros de \u00f3leo usado e troque por 01 frasco (500 ml) de [&hellip;]<\/p>\n","protected":false},"author":1,"featured_media":11366,"comment_status":"closed","ping_status":"open","sticky":false,"template":"","format":"standard","meta":{"footnotes":""},"categories":[172,176],"tags":[],"class_list":["post-11365","post","type-post","status-publish","format-standard","has-post-thumbnail","hentry","category-agenda","category-meioambienteeagricultura"],"_links":{"self":[{"href":"https:\/\/jorgezanoni.com.br\/2019\/wp-json\/wp\/v2\/posts\/11365","targetHints":{"allow":["GET"]}}],"collection":[{"href":"https:\/\/jorgezanoni.com.br\/2019\/wp-json\/wp\/v2\/posts"}],"about":[{"href":"https:\/\/jorgezanoni.com.br\/2019\/wp-json\/wp\/v2\/types\/post"}],"author":[{"embeddable":true,"href":"https:\/\/jorgezanoni.com.br\/2019\/wp-json\/wp\/v2\/users\/1"}],"replies":[{"embeddable":true,"href":"https:\/\/jorgezanoni.com.br\/2019\/wp-json\/wp\/v2\/comments?post=11365"}],"version-history":[{"count":0,"href":"https:\/\/jorgezanoni.com.br\/2019\/wp-json\/wp\/v2\/posts\/11365\/revisions"}],"wp:featuredmedia":[{"embeddable":true,"href":"https:\/\/jorgezanoni.com.br\/2019\/wp-json\/wp\/v2\/media\/11366"}],"wp:attachment":[{"href":"https:\/\/jorgezanoni.com.br\/2019\/wp-json\/wp\/v2\/media?parent=11365"}],"wp:term":[{"taxonomy":"category","embeddable":true,"href":"https:\/\/jorgezanoni.com.br\/2019\/wp-json\/wp\/v2\/categories?post=11365"},{"taxonomy":"post_tag","embeddable":true,"href":"https:\/\/jorgezanoni.com.br\/2019\/wp-json\/wp\/v2\/tags?post=11365"}],"curies":[{"name":"wp","href":"https:\/\/api.w.org\/{rel}","templated":true}]}}