{"id":11358,"date":"2019-11-14T21:29:40","date_gmt":"2019-11-14T21:29:40","guid":{"rendered":"https:\/\/jorgezanoni.com.br\/2019\/?p=11358"},"modified":"2019-11-14T21:29:40","modified_gmt":"2019-11-14T21:29:40","slug":"novos-conselheiros-tutelares-de-dracena-participam-de-capacitacao-de-formacao","status":"publish","type":"post","link":"https:\/\/jorgezanoni.com.br\/2019\/novos-conselheiros-tutelares-de-dracena-participam-de-capacitacao-de-formacao\/","title":{"rendered":"Novos conselheiros tutelares de Dracena participam de capacita\u00e7\u00e3o de forma\u00e7\u00e3o"},"content":{"rendered":"<p style=\"text-align: justify;\">Na manh\u00e3 desta quarta-feira (13), os cinco novos conselheiros tutelares de Dracena, mais quatro suplentes, participaram de uma capacita\u00e7\u00e3o de forma\u00e7\u00e3o, no audit\u00f3rio do SENAI, ministrada pela assistente social Silvia Aline.<\/p>\n<p style=\"text-align: justify;\">Na oportunidade, tamb\u00e9m estiveram presentes o prefeito Juliano Bertolini, a secret\u00e1ria municipal de assist\u00eancia social designada Francine Ferrari, a presidente do Conselho Municipal dos Direitos da Crian\u00e7a e do Adolescente (CMDCA) Ana Mari\u00e9la Form\u00e1gio, e o promotor de justi\u00e7a da Inf\u00e2ncia e Juventude da comarca de Dracena, Ruy Fernando Anelli Bodini.<\/p>\n<p style=\"text-align: justify;\">O prefeito Juliano, que j\u00e1 havia recepcionado as novas conselheiras em seu gabinete, tornou a destacar a import\u00e2ncia dos conselheiros tutelares. \u201cContem com nosso apoio. O poder executivo est\u00e1 a disposi\u00e7\u00e3o para que fa\u00e7a-se valer os direitos das crian\u00e7as e adolescentes\u201d.<\/p>\n<p style=\"text-align: justify;\">&#8220;Deposito muita confian\u00e7a no trabalho que as senhoras ir\u00e3o desenvolver. A fun\u00e7\u00e3o de conselheiro n\u00e3o \u00e9 f\u00e1cil, mas me disponho a estarmos juntos para desenvolver essa atividade e zelar pelos direitos das crian\u00e7as e adolescentes\u201d, complementou o promotor.<\/p>\n<p style=\"text-align: justify;\">As novas conselheiras tutelares de Dracena foram escolhidas ap\u00f3s a elei\u00e7\u00e3o realizada no dia 06 de outubro e ir\u00e3o come\u00e7ar suas atividades no dia 10 de janeiro de 2020.<\/p>\n<p style=\"text-align: justify;\"><img loading=\"lazy\" decoding=\"async\" class=\"alignnone size-full wp-image-11362\" src=\"https:\/\/jorgezanoni.com.br\/2019\/wp-content\/uploads\/2019\/11\/tute3.jpeg\" alt=\"\" width=\"1032\" height=\"581\" srcset=\"https:\/\/jorgezanoni.com.br\/2019\/wp-content\/uploads\/2019\/11\/tute3.jpeg 1032w, https:\/\/jorgezanoni.com.br\/2019\/wp-content\/uploads\/2019\/11\/tute3-300x169.jpeg 300w, https:\/\/jorgezanoni.com.br\/2019\/wp-content\/uploads\/2019\/11\/tute3-768x432.jpeg 768w, https:\/\/jorgezanoni.com.br\/2019\/wp-content\/uploads\/2019\/11\/tute3-1024x576.jpeg 1024w, https:\/\/jorgezanoni.com.br\/2019\/wp-content\/uploads\/2019\/11\/tute3-696x392.jpeg 696w, https:\/\/jorgezanoni.com.br\/2019\/wp-content\/uploads\/2019\/11\/tute3-746x420.jpeg 746w\" sizes=\"auto, (max-width: 1032px) 100vw, 1032px\" \/> Fonte: Diretoria de Comunica\u00e7\u00e3o<\/p>\n","protected":false},"excerpt":{"rendered":"<p>Na manh\u00e3 desta quarta-feira (13), os cinco novos conselheiros tutelares de Dracena, mais quatro suplentes, participaram de uma capacita\u00e7\u00e3o de forma\u00e7\u00e3o, no audit\u00f3rio do SENAI, ministrada pela assistente social Silvia Aline. Na oportunidade, tamb\u00e9m estiveram presentes o prefeito Juliano Bertolini, a secret\u00e1ria municipal de assist\u00eancia social designada Francine Ferrari, a presidente do Conselho Municipal dos [&hellip;]<\/p>\n","protected":false},"author":1,"featured_media":11359,"comment_status":"closed","ping_status":"open","sticky":false,"template":"","format":"standard","meta":{"footnotes":""},"categories":[114],"tags":[],"class_list":["post-11358","post","type-post","status-publish","format-standard","has-post-thumbnail","hentry","category-geralecomercio"],"_links":{"self":[{"href":"https:\/\/jorgezanoni.com.br\/2019\/wp-json\/wp\/v2\/posts\/11358","targetHints":{"allow":["GET"]}}],"collection":[{"href":"https:\/\/jorgezanoni.com.br\/2019\/wp-json\/wp\/v2\/posts"}],"about":[{"href":"https:\/\/jorgezanoni.com.br\/2019\/wp-json\/wp\/v2\/types\/post"}],"author":[{"embeddable":true,"href":"https:\/\/jorgezanoni.com.br\/2019\/wp-json\/wp\/v2\/users\/1"}],"replies":[{"embeddable":true,"href":"https:\/\/jorgezanoni.com.br\/2019\/wp-json\/wp\/v2\/comments?post=11358"}],"version-history":[{"count":0,"href":"https:\/\/jorgezanoni.com.br\/2019\/wp-json\/wp\/v2\/posts\/11358\/revisions"}],"wp:featuredmedia":[{"embeddable":true,"href":"https:\/\/jorgezanoni.com.br\/2019\/wp-json\/wp\/v2\/media\/11359"}],"wp:attachment":[{"href":"https:\/\/jorgezanoni.com.br\/2019\/wp-json\/wp\/v2\/media?parent=11358"}],"wp:term":[{"taxonomy":"category","embeddable":true,"href":"https:\/\/jorgezanoni.com.br\/2019\/wp-json\/wp\/v2\/categories?post=11358"},{"taxonomy":"post_tag","embeddable":true,"href":"https:\/\/jorgezanoni.com.br\/2019\/wp-json\/wp\/v2\/tags?post=11358"}],"curies":[{"name":"wp","href":"https:\/\/api.w.org\/{rel}","templated":true}]}}