{"id":11308,"date":"2019-11-14T00:28:04","date_gmt":"2019-11-14T00:28:04","guid":{"rendered":"https:\/\/jorgezanoni.com.br\/2019\/?p=11308"},"modified":"2019-11-14T00:28:04","modified_gmt":"2019-11-14T00:28:04","slug":"mototaxi-no-estilo-tuk-tuk-chama-atencao-nas-ruas-de-cidade-do-interior-de-sp","status":"publish","type":"post","link":"https:\/\/jorgezanoni.com.br\/2019\/mototaxi-no-estilo-tuk-tuk-chama-atencao-nas-ruas-de-cidade-do-interior-de-sp\/","title":{"rendered":"Motot\u00e1xi no estilo \u2018tuk tuk\u2019 chama aten\u00e7\u00e3o nas ruas de cidade do interior de SP"},"content":{"rendered":"<h2 class=\"content-head__subtitle\" style=\"text-align: justify;\"><strong>Triciclo muito comum nos pa\u00edses asi\u00e1ticos \u00e9 op\u00e7\u00e3o de transporte para os moradores de Dois C\u00f3rregos (SP). Respons\u00e1veis pelo servi\u00e7o compraram uma das \u00faltimas unidades fabricadas em Manaus.<\/strong><\/h2>\n<div class=\"mc-column content-text active-extra-styles \" data-block-type=\"unstyled\" data-block-weight=\"46\" data-block-id=\"2\">\n<p class=\"content-text__container \" style=\"text-align: justify;\" data-track-category=\"Link no Texto\" data-track-links=\"\">Um tipo diferente de motot\u00e1xi tem chamado a aten\u00e7\u00e3o nas ruas de Dois C\u00f3rregos (SP), cidade com cerca de 30 mil habitantes no interior de SP. Isso porque a moto tem o estilo de um \u201ctuk tuk\u201d, triciclo que \u00e9 muito comum nos pa\u00edses asi\u00e1ticos.<\/p>\n<\/div>\n<div class=\"wall protected-content\">\n<div class=\"mc-column content-text active-extra-styles \" data-block-type=\"unstyled\" data-block-weight=\"25\" data-block-id=\"3\">\n<p class=\"content-text__container \" style=\"text-align: justify;\" data-track-category=\"Link no Texto\" data-track-links=\"\">Respons\u00e1veis pelo servi\u00e7o na cidade, as irm\u00e3s Lariene e Patr\u00edcia da Rocha Silva contam que a ideia surgiu ap\u00f3s viagens da fam\u00edlia para o exterior.<\/p>\n<div class=\"mc-column content-text active-extra-styles \" style=\"text-align: justify;\" data-block-type=\"unstyled\" data-block-weight=\"37\" data-block-id=\"6\">\n<p class=\"content-text__container \" data-track-category=\"Link no Texto\" data-track-links=\"\">\u201cTivemos a oportunidade de utilizar o &#8216;tuk tuk&#8217; e ficamos com aquilo na cabe\u00e7a. At\u00e9 que vimos na internet que algumas cidades ofereciam esse tipo de transporte e fomos atr\u00e1s para trazer um desses para cidade.\u201d<\/p>\n<\/div>\n<div class=\"mc-column content-text active-extra-styles \" data-block-type=\"unstyled\" data-block-weight=\"40\" data-block-id=\"7\">\n<p class=\"content-text__container \" style=\"text-align: justify;\" data-track-category=\"Link no Texto\" data-track-links=\"\">As empres\u00e1rias contam que encontraram uma f\u00e1brica em Manaus (AM) que produzia o triciclo, mas elas compraram uma das \u00faltimas unidades. Por enquanto, apenas um \u201ctuk tuk\u201d circula pelas ruas de Dois C\u00f3rregos, mas a ideia \u00e9 expandir o neg\u00f3cio.<\/p>\n<p data-track-category=\"Link no Texto\" data-track-links=\"\"><img loading=\"lazy\" decoding=\"async\" class=\"alignnone size-full wp-image-11310\" src=\"https:\/\/jorgezanoni.com.br\/2019\/wp-content\/uploads\/2019\/11\/tuktuk2.jpg\" alt=\"\" width=\"1200\" height=\"1405\" srcset=\"https:\/\/jorgezanoni.com.br\/2019\/wp-content\/uploads\/2019\/11\/tuktuk2.jpg 1200w, https:\/\/jorgezanoni.com.br\/2019\/wp-content\/uploads\/2019\/11\/tuktuk2-256x300.jpg 256w, https:\/\/jorgezanoni.com.br\/2019\/wp-content\/uploads\/2019\/11\/tuktuk2-768x899.jpg 768w, https:\/\/jorgezanoni.com.br\/2019\/wp-content\/uploads\/2019\/11\/tuktuk2-875x1024.jpg 875w, https:\/\/jorgezanoni.com.br\/2019\/wp-content\/uploads\/2019\/11\/tuktuk2-696x815.jpg 696w, https:\/\/jorgezanoni.com.br\/2019\/wp-content\/uploads\/2019\/11\/tuktuk2-1068x1250.jpg 1068w, https:\/\/jorgezanoni.com.br\/2019\/wp-content\/uploads\/2019\/11\/tuktuk2-359x420.jpg 359w\" sizes=\"auto, (max-width: 1200px) 100vw, 1200px\" \/><\/p>\n<div class=\"row medium-uncollapsed content-media content-photo\" data-block-type=\"backstage-photo\" data-block-id=\"8\">\n<div class=\"mc-column content-media__container\">\n<p class=\"content-media__description \" style=\"text-align: justify;\">Empres\u00e1rias compraram uma das \u00faltimas unidades fabricadas no Brasil \u2014 Foto: Lariene e Patr\u00edcia da Rocha Silva<\/p>\n<p class=\"content-media__description \" style=\"text-align: justify;\"><span style=\"font-style: italic; text-align: center;\">\u201cComo no Brasil n\u00e3o fabrica mais esse tipo de transporte estamos tentando importar mais unidades, para abranger melhor a popula\u00e7\u00e3o e quem sabe atuar na regi\u00e3o.\u201d<\/span><\/p>\n<div class=\"mc-column content-text active-extra-styles \" style=\"text-align: justify;\" data-block-type=\"unstyled\" data-block-weight=\"30\" data-block-id=\"11\">\n<p class=\"content-text__container \" data-track-category=\"Link no Texto\" data-track-links=\"\">Diferente de um motot\u00e1xi comum, o \u201ctuk tuk\u201d pode transportar at\u00e9 dois adultos e tamb\u00e9m mercadorias. N\u00e3o \u00e9 necess\u00e1rio o uso de capacetes, mas todos devem usar cinto de seguran\u00e7a.<\/p>\n<\/div>\n<div class=\"mc-column content-text active-extra-styles \" style=\"text-align: justify;\" data-block-type=\"unstyled\" data-block-weight=\"20\" data-block-id=\"12\">\n<p class=\"content-text__container \" data-track-category=\"Link no Texto\" data-track-links=\"\">Em Dois C\u00f3rregos, o valor da viagem \u00e9 acess\u00edvel, R$ 5 por passageiro para qualquer dist\u00e2ncia dentro da cidade.<\/p>\n<\/div>\n<div class=\"mc-column content-text active-extra-styles \" data-block-type=\"unstyled\" data-block-weight=\"27\" data-block-id=\"13\">\n<p class=\"content-text__container \" style=\"text-align: justify;\" data-track-category=\"Link no Texto\" data-track-links=\"\">Para a moradora Priscila Alessandra Fernandes Wang aprovou o servi\u00e7o. \u201cEu uso bastante, junto com meus filhos, d\u00e1 para irmos todos juntos para os lugares\u201d, afirma.<\/p>\n<p data-track-category=\"Link no Texto\" data-track-links=\"\"><img loading=\"lazy\" decoding=\"async\" class=\"alignnone size-full wp-image-11311\" src=\"https:\/\/jorgezanoni.com.br\/2019\/wp-content\/uploads\/2019\/11\/tuktuk6.jpg\" alt=\"\" width=\"1200\" height=\"741\" srcset=\"https:\/\/jorgezanoni.com.br\/2019\/wp-content\/uploads\/2019\/11\/tuktuk6.jpg 1200w, https:\/\/jorgezanoni.com.br\/2019\/wp-content\/uploads\/2019\/11\/tuktuk6-300x185.jpg 300w, https:\/\/jorgezanoni.com.br\/2019\/wp-content\/uploads\/2019\/11\/tuktuk6-768x474.jpg 768w, https:\/\/jorgezanoni.com.br\/2019\/wp-content\/uploads\/2019\/11\/tuktuk6-1024x632.jpg 1024w, https:\/\/jorgezanoni.com.br\/2019\/wp-content\/uploads\/2019\/11\/tuktuk6-356x220.jpg 356w, https:\/\/jorgezanoni.com.br\/2019\/wp-content\/uploads\/2019\/11\/tuktuk6-696x430.jpg 696w, https:\/\/jorgezanoni.com.br\/2019\/wp-content\/uploads\/2019\/11\/tuktuk6-1068x659.jpg 1068w, https:\/\/jorgezanoni.com.br\/2019\/wp-content\/uploads\/2019\/11\/tuktuk6-680x420.jpg 680w\" sizes=\"auto, (max-width: 1200px) 100vw, 1200px\" \/><\/p>\n<div class=\"mc-column content-text active-extra-styles \" data-block-type=\"unstyled\" data-block-weight=\"30\" data-block-id=\"11\">\n<p class=\"content-text__container \" style=\"text-align: justify;\" data-track-category=\"Link no Texto\" data-track-links=\"\">Diferente de um motot\u00e1xi comum, o \u201ctuk tuk\u201d pode transportar at\u00e9 dois adultos e tamb\u00e9m mercadorias. N\u00e3o \u00e9 necess\u00e1rio o uso de capacetes, mas todos devem usar cinto de seguran\u00e7a.<\/p>\n<\/div>\n<div class=\"mc-column content-text active-extra-styles \" style=\"text-align: justify;\" data-block-type=\"unstyled\" data-block-weight=\"20\" data-block-id=\"12\">\n<p class=\"content-text__container \" data-track-category=\"Link no Texto\" data-track-links=\"\">Em Dois C\u00f3rregos, o valor da viagem \u00e9 acess\u00edvel, R$ 5 por passageiro para qualquer dist\u00e2ncia dentro da cidade.<\/p>\n<\/div>\n<div class=\"mc-column content-text active-extra-styles \" data-block-type=\"unstyled\" data-block-weight=\"27\" data-block-id=\"13\">\n<p class=\"content-text__container \" style=\"text-align: justify;\" data-track-category=\"Link no Texto\" data-track-links=\"\">Para a moradora Priscila Alessandra Fernandes Wang aprovou o servi\u00e7o. \u201cEu uso bastante, junto com meus filhos, d\u00e1 para irmos todos juntos para os lugares\u201d, afirma.<\/p>\n<p style=\"text-align: justify;\" data-track-category=\"Link no Texto\" data-track-links=\"\">Fonte: G1<\/p>\n<\/div>\n<\/div>\n<\/div>\n<\/div>\n<\/div>\n<\/div>\n<\/div>\n","protected":false},"excerpt":{"rendered":"<p>Triciclo muito comum nos pa\u00edses asi\u00e1ticos \u00e9 op\u00e7\u00e3o de transporte para os moradores de Dois C\u00f3rregos (SP). Respons\u00e1veis pelo servi\u00e7o compraram uma das \u00faltimas unidades fabricadas em Manaus. Um tipo diferente de motot\u00e1xi tem chamado a aten\u00e7\u00e3o nas ruas de Dois C\u00f3rregos (SP), cidade com cerca de 30 mil habitantes no interior de SP. Isso [&hellip;]<\/p>\n","protected":false},"author":1,"featured_media":11309,"comment_status":"closed","ping_status":"open","sticky":false,"template":"","format":"standard","meta":{"footnotes":""},"categories":[180,110],"tags":[],"class_list":["post-11308","post","type-post","status-publish","format-standard","has-post-thumbnail","hentry","category-estradastransitoveiculos","category-noticiasdestaque"],"_links":{"self":[{"href":"https:\/\/jorgezanoni.com.br\/2019\/wp-json\/wp\/v2\/posts\/11308","targetHints":{"allow":["GET"]}}],"collection":[{"href":"https:\/\/jorgezanoni.com.br\/2019\/wp-json\/wp\/v2\/posts"}],"about":[{"href":"https:\/\/jorgezanoni.com.br\/2019\/wp-json\/wp\/v2\/types\/post"}],"author":[{"embeddable":true,"href":"https:\/\/jorgezanoni.com.br\/2019\/wp-json\/wp\/v2\/users\/1"}],"replies":[{"embeddable":true,"href":"https:\/\/jorgezanoni.com.br\/2019\/wp-json\/wp\/v2\/comments?post=11308"}],"version-history":[{"count":0,"href":"https:\/\/jorgezanoni.com.br\/2019\/wp-json\/wp\/v2\/posts\/11308\/revisions"}],"wp:featuredmedia":[{"embeddable":true,"href":"https:\/\/jorgezanoni.com.br\/2019\/wp-json\/wp\/v2\/media\/11309"}],"wp:attachment":[{"href":"https:\/\/jorgezanoni.com.br\/2019\/wp-json\/wp\/v2\/media?parent=11308"}],"wp:term":[{"taxonomy":"category","embeddable":true,"href":"https:\/\/jorgezanoni.com.br\/2019\/wp-json\/wp\/v2\/categories?post=11308"},{"taxonomy":"post_tag","embeddable":true,"href":"https:\/\/jorgezanoni.com.br\/2019\/wp-json\/wp\/v2\/tags?post=11308"}],"curies":[{"name":"wp","href":"https:\/\/api.w.org\/{rel}","templated":true}]}}