{"id":11305,"date":"2019-11-14T00:07:09","date_gmt":"2019-11-14T00:07:09","guid":{"rendered":"https:\/\/jorgezanoni.com.br\/2019\/?p=11305"},"modified":"2019-11-14T00:07:09","modified_gmt":"2019-11-14T00:07:09","slug":"seis-prefeituras-do-oeste-paulista-tem-concursos-e-processos-seletivos-com-inscricoes-abertas","status":"publish","type":"post","link":"https:\/\/jorgezanoni.com.br\/2019\/seis-prefeituras-do-oeste-paulista-tem-concursos-e-processos-seletivos-com-inscricoes-abertas\/","title":{"rendered":"Seis prefeituras do Oeste Paulista t\u00eam concursos e processos seletivos com inscri\u00e7\u00f5es abertas"},"content":{"rendered":"<h2 class=\"content-head__subtitle\" style=\"text-align: justify;\"><strong>Interessados devem se inscrever pela internet. Sal\u00e1rios variam de acordo com a carga hor\u00e1ria e a fun\u00e7\u00e3o pretendida.<\/strong><\/h2>\n<div class=\"mc-column content-text active-extra-styles \" style=\"text-align: justify;\" data-block-type=\"unstyled\" data-block-weight=\"24\" data-block-id=\"2\">\n<p class=\"content-text__container \" data-track-category=\"Link no Texto\" data-track-links=\"\">Seis prefeituras do Oeste Palista t\u00eam concursos e processos seletivos com inscri\u00e7\u00f5es abertas nesta semana. Tamb\u00e9m h\u00e1 oportunidades em um Centro Universit\u00e1rio, em Adamantina.<\/p>\n<\/div>\n<div class=\"wall protected-content\">\n<div class=\"mc-column content-text active-extra-styles \" style=\"text-align: justify;\" data-block-type=\"unstyled\" data-block-weight=\"43\" data-block-id=\"3\">\n<p class=\"content-text__container \" data-track-category=\"Link no Texto\" data-track-links=\"\">A Prefeitura de\u00a0<a href=\"https:\/\/g1.globo.com\/sp\/presidente-prudente-regiao\/cidade\/estrela-do-norte-sp\/\">Estrela do Norte<\/a>\u00a0tem processo seletivo com inscri\u00e7\u00f5es abertas, que visa ao preenchimento de quatro vagas nas \u00e1reas da sa\u00fade e da educa\u00e7\u00e3o. Os interessados devem se candidatar at\u00e9 13 de novembro, pela\u00a0<a href=\"https:\/\/www.consesp.com.br\/site\/index.php?pg=concursos\/inscrevasev&amp;cod_concurso=3358\" target=\"_blank\" rel=\"noopener noreferrer\">internet<\/a>. A taxa \u00e9 de R$ 50,42.<\/p>\n<\/div>\n<div class=\"mc-column content-text active-extra-styles \" style=\"text-align: justify;\" data-block-type=\"unstyled\" data-block-weight=\"30\" data-block-id=\"4\">\n<p class=\"content-text__container \" data-track-category=\"Link no Texto\" data-track-links=\"\">As oportunidades s\u00e3o para os cargos de m\u00e9dico PSF (1) e professor PEB I \u2013 substituto\/eventual nas seguintes modalidades: creche e pr\u00e9-escola (1), ensino fundamental (1) e educa\u00e7\u00e3o f\u00edsica (1).<\/p>\n<\/div>\n<div class=\"mc-column content-text active-extra-styles \" data-block-type=\"unstyled\" data-block-weight=\"44\" data-block-id=\"5\">\n<p class=\"content-text__container \" style=\"text-align: justify;\" data-track-category=\"Link no Texto\" data-track-links=\"\">O candidato deve possuir n\u00edvel superior e licenciatura na \u00e1rea em que pretende concorrer, bem como registro no conselho de classe. As fun\u00e7\u00f5es de professores dever\u00e3o ser exercidas em regime de 4 a 40 horas semanais, al\u00e9m de regime eventual, conforme o cargo escolhido.<\/p>\n<div class=\"mc-column content-text active-extra-styles \" style=\"text-align: justify;\" data-block-type=\"unstyled\" data-block-weight=\"24\" data-block-id=\"7\">\n<p class=\"content-text__container \" data-track-category=\"Link no Texto\" data-track-links=\"\">O contratado ao cargo de m\u00e9dico ser\u00e1 remunerado mensalmente no valor de R$ 11.781,08, acrescido de adicional insalubridade, de R$ 2.356,22, totalizando R$ 14.137,30.<\/p>\n<\/div>\n<div class=\"mc-column content-text active-extra-styles \" style=\"text-align: justify;\" data-block-type=\"unstyled\" data-block-weight=\"55\" data-block-id=\"8\">\n<p class=\"content-text__container \" data-track-category=\"Link no Texto\" data-track-links=\"\">J\u00e1 os servidores destinados a ocupar os cargos de professor dever\u00e3o receber a remunera\u00e7\u00e3o vari\u00e1vel de R$ 12,79 a R$ 17,89 por hora\/aula. A previs\u00e3o \u00e9 de que a prova objetiva seja aplicada em 1\u00ba de dezembro, em local a ser divulgado. Tamb\u00e9m ser\u00e1 realizada a prova de t\u00edtulos aos candidatos \u00e0 fun\u00e7\u00e3o de professor.<\/p>\n<\/div>\n<div class=\"mc-column content-text active-extra-styles \" style=\"text-align: justify;\" data-block-type=\"unstyled\" data-block-weight=\"7\" data-block-id=\"9\">\n<p class=\"content-text__container \" data-track-category=\"Link no Texto\" data-track-links=\"\">Mais detalhes podem ser consultados no\u00a0<a href=\"https:\/\/www.consesp.com.br\/imagens_arquivos\/concursos\/arquivos\/3358_estreladonorte0022019processo.pdf\" target=\"_blank\" rel=\"noopener noreferrer\">edital<\/a>.<\/p>\n<\/div>\n<div class=\"mc-column content-text active-extra-styles\" style=\"text-align: justify;\" data-block-type=\"raw\" data-block-weight=\"4\" data-block-id=\"10\">\n<div class=\"content-intertitle\">\n<h2>Euclides da Cunha Paulista<\/h2>\n<\/div>\n<\/div>\n<div class=\"mc-column content-text active-extra-styles \" style=\"text-align: justify;\" data-block-type=\"unstyled\" data-block-weight=\"32\" data-block-id=\"11\">\n<p class=\"content-text__container \" data-track-category=\"Link no Texto\" data-track-links=\"\">A Prefeitura de\u00a0<a href=\"https:\/\/g1.globo.com\/sp\/presidente-prudente-regiao\/cidade\/euclides-da-cunha-paulista\/\">Euclides da Cunha Paulista<\/a>\u00a0tem processo seletivo para forma\u00e7\u00e3o de cadastro reserva de professores. As\u00a0<a href=\"https:\/\/cmmconcursos.com.br\/editais\/ver\/2413\" target=\"_blank\" rel=\"noopener noreferrer\">inscri\u00e7\u00f5es\u00a0<\/a>seguem at\u00e9 24 de novembro de 2019. A taxa \u00e9 de R$ 30.<\/p>\n<\/div>\n<div class=\"mc-column content-text active-extra-styles \" style=\"text-align: justify;\" data-block-type=\"unstyled\" data-block-weight=\"55\" data-block-id=\"12\">\n<p class=\"content-text__container \" data-track-category=\"Link no Texto\" data-track-links=\"\">Os cargos dispon\u00edveis para cadastro reserva s\u00e3o: professor de arte &#8211; PEB, professor de creche, professor de educa\u00e7\u00e3o f\u00edsica, professor de ensino fundamental &#8211; PEB I, professor de m\u00fasica, professor educa\u00e7\u00e3o especial &#8211; PEB I, professor de Educa\u00e7\u00e3o Jovens e Adultos (EJA), professor de creche (estudante) e professor de ensino fundamental &#8211; PEB I (estudante).<\/p>\n<\/div>\n<div class=\"mc-column content-text active-extra-styles \" data-block-type=\"unstyled\" data-block-weight=\"24\" data-block-id=\"13\">\n<p class=\"content-text__container \" style=\"text-align: justify;\" data-track-category=\"Link no Texto\" data-track-links=\"\">Os contratados ter\u00e3o carga hor\u00e1ria de 18 a 40 horas semanais e a remunera\u00e7\u00e3o para o cargo de professor EJA ser\u00e1 de R$ 1.234,38.<\/p>\n<div class=\"mc-column content-text active-extra-styles \" style=\"text-align: justify;\" data-block-type=\"unstyled\" data-block-weight=\"22\" data-block-id=\"15\">\n<p class=\"content-text__container \" data-track-category=\"Link no Texto\" data-track-links=\"\">A sele\u00e7\u00e3o ser\u00e1 realizada por meio de prova objetiva prevista para o dia 15 de dezembro de 2019 e prova de t\u00edtulos.<\/p>\n<\/div>\n<div class=\"mc-column content-text active-extra-styles \" style=\"text-align: justify;\" data-block-type=\"unstyled\" data-block-weight=\"6\" data-block-id=\"16\">\n<p class=\"content-text__container \" data-track-category=\"Link no Texto\" data-track-links=\"\">Para mais detalhes, confira o\u00a0<a href=\"https:\/\/cdn.gestoreditais.com.br\/edital\/63\/2413\/b7596376427cc4ad99c1338d76cc3f06.pdf\" target=\"_blank\" rel=\"noopener noreferrer\">edital<\/a>.<\/p>\n<\/div>\n<div class=\"mc-column content-text active-extra-styles\" style=\"text-align: justify;\" data-block-type=\"raw\" data-block-weight=\"2\" data-block-id=\"17\">\n<div class=\"content-intertitle\">\n<h2>Ouro Verde<\/h2>\n<\/div>\n<\/div>\n<div class=\"mc-column content-text active-extra-styles \" style=\"text-align: justify;\" data-block-type=\"unstyled\" data-block-weight=\"59\" data-block-id=\"18\">\n<p class=\"content-text__container \" data-track-category=\"Link no Texto\" data-track-links=\"\">A Prefeitura de\u00a0<a href=\"https:\/\/g1.globo.com\/sp\/presidente-prudente-regiao\/cidade\/ouro-verde-sp\/\">Ouro Verde<\/a>, por meio de processo seletivo de n\u00edvel superior, busca formar cadastros reservas nos cargos de professores nas seguintes especialidades: educa\u00e7\u00e3o especial, educa\u00e7\u00e3o especial &#8211; libras, educa\u00e7\u00e3o infantil, educador, ensino fundamental I e ensino fundamental II em arte, ci\u00eancias f\u00edsicas e biol\u00f3gicas; educa\u00e7\u00e3o f\u00edsica; geografia; hist\u00f3ria; l\u00edngua estrangeira moderna &#8211; ingl\u00eas, l\u00edngua portuguesa e matem\u00e1tica.<\/p>\n<\/div>\n<div class=\"mc-column content-text active-extra-styles \" style=\"text-align: justify;\" data-block-type=\"unstyled\" data-block-weight=\"31\" data-block-id=\"19\">\n<p class=\"content-text__container \" data-track-category=\"Link no Texto\" data-track-links=\"\">As inscri\u00e7\u00f5es podem ser feitas pelo\u00a0<a href=\"https:\/\/www.consesp.com.br\/site\/index.php?pg=concursos\/inscrevasev&amp;cod_concurso=3363\" target=\"_blank\" rel=\"noopener noreferrer\">site<\/a>\u00a0at\u00e9 o dia 13 de novembro de 2019. Para se inscrever, o interessado deve efetuar o pagamento de R$ 30 da taxa de participa\u00e7\u00e3o.<\/p>\n<\/div>\n<div class=\"mc-column content-text active-extra-styles \" style=\"text-align: justify;\" data-block-type=\"unstyled\" data-block-weight=\"29\" data-block-id=\"20\">\n<p class=\"content-text__container \" data-track-category=\"Link no Texto\" data-track-links=\"\">A classifica\u00e7\u00e3o dos participantes inscritos consistir\u00e1 em duas etapas compostas por prova objetiva escrita, prevista para ser aplicada no dia 8 de dezembro de 2019, e avalia\u00e7\u00e3o de t\u00edtulos.<\/p>\n<\/div>\n<div class=\"mc-column content-text active-extra-styles \" style=\"text-align: justify;\" data-block-type=\"unstyled\" data-block-weight=\"6\" data-block-id=\"21\">\n<p class=\"content-text__container \" data-track-category=\"Link no Texto\" data-track-links=\"\">Para mais informa\u00e7\u00f5es, acesse o\u00a0<a href=\"https:\/\/www.consesp.com.br\/imagens_arquivos\/concursos\/arquivos\/3363_ouroverde0012019processo.pdf\" target=\"_blank\" rel=\"noopener noreferrer\">edital<\/a>.<\/p>\n<\/div>\n<div class=\"mc-column content-text active-extra-styles\" style=\"text-align: justify;\" data-block-type=\"raw\" data-block-weight=\"3\" data-block-id=\"22\">\n<div class=\"content-intertitle\">\n<h2>Unifai &#8211; Adamantina<\/h2>\n<\/div>\n<\/div>\n<div class=\"mc-column content-text active-extra-styles \" style=\"text-align: justify;\" data-block-type=\"unstyled\" data-block-weight=\"20\" data-block-id=\"23\">\n<p class=\"content-text__container \" data-track-category=\"Link no Texto\" data-track-links=\"\">O Centro Universit\u00e1rio de\u00a0<a href=\"https:\/\/g1.globo.com\/sp\/presidente-prudente-regiao\/cidade\/adamantina\/\">Adamantina\u00a0<\/a>(Unifai) abre vagas para o quadro de pessoal atrav\u00e9s de concurso p\u00fablico e processo seletivo.<\/p>\n<\/div>\n<div class=\"mc-column content-text active-extra-styles \" data-block-type=\"unstyled\" data-block-weight=\"35\" data-block-id=\"24\">\n<p class=\"content-text__container \" style=\"text-align: justify;\" data-track-category=\"Link no Texto\" data-track-links=\"\">As inscri\u00e7\u00f5es para o\u00a0<a href=\"https:\/\/www.consesp.com.br\/site\/index.php?pg=concursos\/inscrevasev&amp;cod_concurso=3364\" target=\"_blank\" rel=\"noopener noreferrer\">concurso p\u00fablico<\/a>\u00a0e o\u00a0<a href=\"https:\/\/www.consesp.com.br\/site\/index.php?pg=concursos\/info&amp;codigo=3365\" target=\"_blank\" rel=\"noopener noreferrer\">processo seletivo<\/a>\u00a0podem ser realizadas at\u00e9 o dia 13 de novembro de 2019, mediante pagamento de taxa de inscri\u00e7\u00e3o, que varia de R$ 50 a R$ 75.<\/p>\n<div class=\"mc-column content-text active-extra-styles \" style=\"text-align: justify;\" data-block-type=\"unstyled\" data-block-weight=\"49\" data-block-id=\"26\">\n<p class=\"content-text__container \" data-track-category=\"Link no Texto\" data-track-links=\"\">O concurso p\u00fablico, conforme\u00a0<a href=\"https:\/\/www.consesp.com.br\/imagens_arquivos\/concursos\/arquivos\/3364_adamantinaunifai0372019.pdf\" target=\"_blank\" rel=\"noopener noreferrer\">edital<\/a>, pretende preencher os cargos de eletricista (1) e encarregado do setor de almoxarifado e patrim\u00f4nio (1). J\u00e1 o processo seletivo, segundo descrito no\u00a0<a href=\"https:\/\/www.consesp.com.br\/imagens_arquivos\/concursos\/arquivos\/3365_adamantinaunifai0382019processso.pdf\" target=\"_blank\" rel=\"noopener noreferrer\">edital<\/a>, possui tr\u00eas vagas dispon\u00edveis para os cargos de educador f\u00edsico (1), encarregado do setor de contabilidade (1) e psic\u00f3logo (1).<\/p>\n<\/div>\n<div class=\"mc-column content-text active-extra-styles \" style=\"text-align: justify;\" data-block-type=\"unstyled\" data-block-weight=\"41\" data-block-id=\"27\">\n<p class=\"content-text__container \" data-track-category=\"Link no Texto\" data-track-links=\"\">Os contratados ter\u00e3o carga hor\u00e1ria de 44 horas semanais e remunera\u00e7\u00e3o que varia de R$ 1.518,02 a R$ 3.381,87. Para se inscrever, o interessado deve possuir n\u00edveis fundamental e superior completo nas \u00e1reas espec\u00edficas com registro no Conselho Regional da profiss\u00e3o.<\/p>\n<\/div>\n<div class=\"mc-column content-text active-extra-styles \" style=\"text-align: justify;\" data-block-type=\"unstyled\" data-block-weight=\"12\" data-block-id=\"28\">\n<p class=\"content-text__container \" data-track-category=\"Link no Texto\" data-track-links=\"\">A prova deve ser realizada no dia 8 de dezembro de 2019.<\/p>\n<\/div>\n<div class=\"mc-column content-text active-extra-styles\" style=\"text-align: justify;\" data-block-type=\"raw\" data-block-weight=\"2\" data-block-id=\"29\">\n<div class=\"content-intertitle\">\n<h2>Presidente Epit\u00e1cio<\/h2>\n<\/div>\n<\/div>\n<div class=\"mc-column content-text active-extra-styles \" style=\"text-align: justify;\" data-block-type=\"unstyled\" data-block-weight=\"18\" data-block-id=\"30\">\n<p class=\"content-text__container \" data-track-category=\"Link no Texto\" data-track-links=\"\">A Prefeitura de\u00a0<a href=\"https:\/\/g1.globo.com\/sp\/presidente-prudente-regiao\/cidade\/presidente-epitacio\/\">Presidente Epit\u00e1cio<\/a>\u00a0abriu\u00a0<a href=\"https:\/\/www.unisisp.com.br\/site\/index.php?pg=concursos\/info&amp;codigo=116\" target=\"_blank\" rel=\"noopener noreferrer\">processo seletivo<\/a>\u00a0para forma\u00e7\u00e3o de cadastro reserva na \u00e1rea da educa\u00e7\u00e3o.<\/p>\n<\/div>\n<div class=\"mc-column content-text active-extra-styles \" style=\"text-align: justify;\" data-block-type=\"unstyled\" data-block-weight=\"23\" data-block-id=\"31\">\n<p class=\"content-text__container \" data-track-category=\"Link no Texto\" data-track-links=\"\">As inscri\u00e7\u00f5es podem ser realizadas at\u00e9 o dia 1\u00ba de dezembro de 2019 pela internet. A taxa de inscri\u00e7\u00e3o \u00e9 de R$ 19.<\/p>\n<\/div>\n<div class=\"mc-column content-text active-extra-styles \" style=\"text-align: justify;\" data-block-type=\"unstyled\" data-block-weight=\"22\" data-block-id=\"32\">\n<p class=\"content-text__container \" data-track-category=\"Link no Texto\" data-track-links=\"\">Os cargos dispon\u00edveis para cadastro reserva s\u00e3o para professores de educa\u00e7\u00e3o b\u00e1sica, auxiliar de servi\u00e7os gerais, merendeira e auxiliar de desenvolvimento infantil.<\/p>\n<\/div>\n<div class=\"mc-column content-text active-extra-styles \" style=\"text-align: justify;\" data-block-type=\"unstyled\" data-block-weight=\"7\" data-block-id=\"33\">\n<p class=\"content-text__container \" data-track-category=\"Link no Texto\" data-track-links=\"\">O edital completo pode ser conferido\u00a0<a href=\"https:\/\/www.unisisp.com.br\/imagens_arquivos\/concursos\/arquivos\/116_presidenteepitacio_edital_ps_002_2019_2.pdf\" target=\"_blank\" rel=\"noopener noreferrer\">aqui<\/a>.<\/p>\n<\/div>\n<div class=\"mc-column content-text active-extra-styles\" style=\"text-align: justify;\" data-block-type=\"raw\" data-block-weight=\"1\" data-block-id=\"34\">\n<div class=\"content-intertitle\">\n<h2>Rin\u00f3polis<\/h2>\n<\/div>\n<\/div>\n<div class=\"mc-column content-text active-extra-styles \" data-block-type=\"unstyled\" data-block-weight=\"40\" data-block-id=\"35\">\n<p class=\"content-text__container \" style=\"text-align: justify;\" data-track-category=\"Link no Texto\" data-track-links=\"\">A Prefeitura de\u00a0<a href=\"https:\/\/g1.globo.com\/sp\/presidente-prudente-regiao\/cidade\/rinopolis\/\">Rin\u00f3polis\u00a0<\/a>tem concurso p\u00fablico com inscri\u00e7\u00f5es abertas para o preenchimento de uma vaga no cargo de m\u00e9dico (ESF). Interessados devem se candidatar at\u00e9 as 12h de 20 de novembro, pela\u00a0<a href=\"http:\/\/www.exitusconcursos.com.br\/cadvisitante.php?concurso=229&amp;prefeitura_nome=Prefeitura%20Municipal%20de%20Rin%F3polis&amp;edital_numero=CP%2002\/2019\" target=\"_blank\" rel=\"noopener noreferrer\">internet<\/a>. A taxa \u00e9 de R$ 80.<\/p>\n<div class=\"mc-column content-text active-extra-styles \" style=\"text-align: justify;\" data-block-type=\"unstyled\" data-block-weight=\"20\" data-block-id=\"37\">\n<p class=\"content-text__container \" data-track-category=\"Link no Texto\" data-track-links=\"\">O candidato deve possuir escolaridade em n\u00edvel superior completo em medicina, bem como registro no Conselho Regional de Medicina (CRM).<\/p>\n<\/div>\n<div class=\"mc-column content-text active-extra-styles \" style=\"text-align: justify;\" data-block-type=\"unstyled\" data-block-weight=\"31\" data-block-id=\"38\">\n<p class=\"content-text__container \" data-track-category=\"Link no Texto\" data-track-links=\"\">A carga hor\u00e1ria de trabalho deve ser de 40 horas semanais e a remunera\u00e7\u00e3o mensal de R$ 2.251,65, mais gratifica\u00e7\u00e3o, conforme os termos do artigo 6 da lei municipal n\u00ba 1.899\/2019.<\/p>\n<\/div>\n<div class=\"mc-column content-text active-extra-styles \" style=\"text-align: justify;\" data-block-type=\"unstyled\" data-block-weight=\"24\" data-block-id=\"39\">\n<p class=\"content-text__container \" data-track-category=\"Link no Texto\" data-track-links=\"\">A sele\u00e7\u00e3o ser\u00e1 realizada por meio de prova escrita, cuja aplica\u00e7\u00e3o est\u00e1 prevista para 1\u00ba de dezembro, em local e hor\u00e1rio a serem informados.<\/p>\n<\/div>\n<div class=\"mc-column content-text active-extra-styles \" style=\"text-align: justify;\" data-block-type=\"unstyled\" data-block-weight=\"7\" data-block-id=\"40\">\n<p class=\"content-text__container \" data-track-category=\"Link no Texto\" data-track-links=\"\">Mais detalhes podem ser consultados no\u00a0<a href=\"http:\/\/www.exitusconcursos.com.br\/concurso\/229\/EDITAL%20%20CP%2002-%2019%20-%20M%C3%89DICO%20ESF.pdf\" target=\"_blank\" rel=\"noopener noreferrer\">edital<\/a>.<\/p>\n<\/div>\n<div class=\"mc-column content-text active-extra-styles\" style=\"text-align: justify;\" data-block-type=\"raw\" data-block-weight=\"1\" data-block-id=\"41\">\n<div class=\"content-intertitle\">\n<h2>Junqueir\u00f3polis<\/h2>\n<\/div>\n<\/div>\n<div class=\"mc-column content-text active-extra-styles \" style=\"text-align: justify;\" data-block-type=\"unstyled\" data-block-weight=\"21\" data-block-id=\"42\">\n<p class=\"content-text__container \" data-track-category=\"Link no Texto\" data-track-links=\"\">A Prefeitura\u00a0<a href=\"https:\/\/g1.globo.com\/sp\/presidente-prudente-regiao\/cidade\/junqueiropolis\/\">Junqueir\u00f3polis<\/a>\u00a0abriu concurso p\u00fablico para a contrata\u00e7\u00e3o de seis profissionais que tenham ensinos fundamental e superior nas \u00e1reas exigidas.<\/p>\n<\/div>\n<div class=\"mc-column content-text active-extra-styles \" style=\"text-align: justify;\" data-block-type=\"unstyled\" data-block-weight=\"16\" data-block-id=\"43\">\n<p class=\"content-text__container \" data-track-category=\"Link no Texto\" data-track-links=\"\">H\u00e1 oportunidades dispon\u00edveis para os seguintes cargos: motorista, professor assistente e professor de educa\u00e7\u00e3o b\u00e1sica 2.<\/p>\n<\/div>\n<div class=\"mc-column content-text active-extra-styles \" style=\"text-align: justify;\" data-block-type=\"unstyled\" data-block-weight=\"19\" data-block-id=\"44\">\n<p class=\"content-text__container \" data-track-category=\"Link no Texto\" data-track-links=\"\">Os profissionais contratados receber\u00e3o uma remunera\u00e7\u00e3o que varia de R$ 16,81 por hora-aula e R$ 1.027,89 a R$ 3.362,19.<\/p>\n<\/div>\n<div class=\"mc-column content-text active-extra-styles \" style=\"text-align: justify;\" data-block-type=\"unstyled\" data-block-weight=\"25\" data-block-id=\"45\">\n<p class=\"content-text__container \" data-track-category=\"Link no Texto\" data-track-links=\"\">Os interessados podem se inscrever at\u00e9 o dia 29 de novembro de 2019 pela\u00a0<a href=\"http:\/\/www.aplicativaassessoria.net\/inscricao\/inscrever\/concurso\/50\" target=\"_blank\" rel=\"noopener noreferrer\">internet<\/a>. O valor da taxa de inscri\u00e7\u00e3o \u00e9 de R$ 9.<\/p>\n<\/div>\n<div class=\"mc-column content-text active-extra-styles \" style=\"text-align: justify;\" data-block-type=\"unstyled\" data-block-weight=\"7\" data-block-id=\"46\">\n<p class=\"content-text__container \" data-track-category=\"Link no Texto\" data-track-links=\"\">Mais informa\u00e7\u00f5es podem ser conferidas no\u00a0<a href=\"http:\/\/www.aplicativaassessoria.net\/concurso\/show\/id\/50\" target=\"_blank\" rel=\"noopener noreferrer\">edital<\/a>.<\/p>\n<\/div>\n<div class=\"mc-column content-text active-extra-styles \" style=\"text-align: justify;\" data-block-type=\"unstyled\" data-block-weight=\"14\" data-block-id=\"47\">\n<p class=\"content-text__container \" data-track-category=\"Link no Texto\" data-track-links=\"\">O Poder Executivo de Junqueir\u00f3polis ainda possui um\u00a0<a href=\"http:\/\/www.aplicativaassessoria.net\/concurso\/show\/id\/49\" target=\"_blank\" rel=\"noopener noreferrer\">processo seletivo<\/a>\u00a0para contrata\u00e7\u00e3o de professores.<\/p>\n<\/div>\n<div class=\"mc-column content-text active-extra-styles \" data-block-type=\"unstyled\" data-block-weight=\"22\" data-block-id=\"48\">\n<p class=\"content-text__container \" style=\"text-align: justify;\" data-track-category=\"Link no Texto\" data-track-links=\"\">Os interessados devem se inscrever at\u00e9 o dia 6 de dezembro pela internet. A taxa de inscri\u00e7\u00e3o tamb\u00e9m \u00e9 de R$ 9.<\/p>\n<p style=\"text-align: justify;\" data-track-category=\"Link no Texto\" data-track-links=\"\">Mais informa\u00e7\u00f5es podem ser conferidas no\u00a0<a href=\"http:\/\/www.aplicativaassessoria.net\/inscricao\/inscrever\/concurso\/49\" target=\"_blank\" rel=\"noopener noreferrer\">edital<\/a>.<\/p>\n<p style=\"text-align: justify;\" data-track-category=\"Link no Texto\" data-track-links=\"\">Fonte: G1<\/p>\n<\/div>\n<\/div>\n<\/div>\n<\/div>\n<\/div>\n<\/div>\n","protected":false},"excerpt":{"rendered":"<p>Interessados devem se inscrever pela internet. Sal\u00e1rios variam de acordo com a carga hor\u00e1ria e a fun\u00e7\u00e3o pretendida. Seis prefeituras do Oeste Palista t\u00eam concursos e processos seletivos com inscri\u00e7\u00f5es abertas nesta semana. Tamb\u00e9m h\u00e1 oportunidades em um Centro Universit\u00e1rio, em Adamantina. A Prefeitura de\u00a0Estrela do Norte\u00a0tem processo seletivo com inscri\u00e7\u00f5es abertas, que visa ao [&hellip;]<\/p>\n","protected":false},"author":1,"featured_media":11306,"comment_status":"closed","ping_status":"open","sticky":false,"template":"","format":"standard","meta":{"footnotes":""},"categories":[122],"tags":[],"class_list":["post-11305","post","type-post","status-publish","format-standard","has-post-thumbnail","hentry","category-saudeeducacaoeconcurso"],"_links":{"self":[{"href":"https:\/\/jorgezanoni.com.br\/2019\/wp-json\/wp\/v2\/posts\/11305","targetHints":{"allow":["GET"]}}],"collection":[{"href":"https:\/\/jorgezanoni.com.br\/2019\/wp-json\/wp\/v2\/posts"}],"about":[{"href":"https:\/\/jorgezanoni.com.br\/2019\/wp-json\/wp\/v2\/types\/post"}],"author":[{"embeddable":true,"href":"https:\/\/jorgezanoni.com.br\/2019\/wp-json\/wp\/v2\/users\/1"}],"replies":[{"embeddable":true,"href":"https:\/\/jorgezanoni.com.br\/2019\/wp-json\/wp\/v2\/comments?post=11305"}],"version-history":[{"count":0,"href":"https:\/\/jorgezanoni.com.br\/2019\/wp-json\/wp\/v2\/posts\/11305\/revisions"}],"wp:featuredmedia":[{"embeddable":true,"href":"https:\/\/jorgezanoni.com.br\/2019\/wp-json\/wp\/v2\/media\/11306"}],"wp:attachment":[{"href":"https:\/\/jorgezanoni.com.br\/2019\/wp-json\/wp\/v2\/media?parent=11305"}],"wp:term":[{"taxonomy":"category","embeddable":true,"href":"https:\/\/jorgezanoni.com.br\/2019\/wp-json\/wp\/v2\/categories?post=11305"},{"taxonomy":"post_tag","embeddable":true,"href":"https:\/\/jorgezanoni.com.br\/2019\/wp-json\/wp\/v2\/tags?post=11305"}],"curies":[{"name":"wp","href":"https:\/\/api.w.org\/{rel}","templated":true}]}}