{"id":11283,"date":"2019-11-13T17:16:02","date_gmt":"2019-11-13T17:16:02","guid":{"rendered":"https:\/\/jorgezanoni.com.br\/2019\/?p=11283"},"modified":"2019-11-13T17:32:28","modified_gmt":"2019-11-13T17:32:28","slug":"crianca-de-12-anos-esta-desaparecida-em-dracena","status":"publish","type":"post","link":"https:\/\/jorgezanoni.com.br\/2019\/crianca-de-12-anos-esta-desaparecida-em-dracena\/","title":{"rendered":"Crian\u00e7a de 12 anos est\u00e1 desaparecida em Dracena"},"content":{"rendered":"<p style=\"text-align: justify;\">Est\u00e1 desaparecido desde as 13 Hs de ontem (12), o garoto JHONATAN FELIPE MORENO DE SIQUEIRA de 12 anos de idade.<\/p>\n<p style=\"text-align: justify;\"><img loading=\"lazy\" decoding=\"async\" class=\"alignnone size-full wp-image-11289\" src=\"https:\/\/jorgezanoni.com.br\/2019\/wp-content\/uploads\/2019\/11\/jona-2.jpg\" alt=\"\" width=\"424\" height=\"767\" srcset=\"https:\/\/jorgezanoni.com.br\/2019\/wp-content\/uploads\/2019\/11\/jona-2.jpg 424w, https:\/\/jorgezanoni.com.br\/2019\/wp-content\/uploads\/2019\/11\/jona-2-166x300.jpg 166w, https:\/\/jorgezanoni.com.br\/2019\/wp-content\/uploads\/2019\/11\/jona-2-232x420.jpg 232w\" sizes=\"auto, (max-width: 424px) 100vw, 424px\" \/><\/p>\n<p style=\"text-align: justify;\">Ele voltou da escola normalmente e segundo a m\u00e3e n\u00e3o tinha motivos aparentes para ter sa\u00eddo de casa. Trajava no momento blusa azul com listras finas de preto, um short de futebol azul e chinelo preto havaiana.<\/p>\n<p style=\"text-align: justify;\">\u00c9 morador da rua Leordino Silva Costa no bairro jardim Kenedy em Dracena.<\/p>\n<p style=\"text-align: justify;\">J\u00e1 foi elaborado um B.O (Boletim de Ocorr\u00eancia) de pessoa desaparecida. As informa\u00e7\u00f5es foram prestadas pela genitora do garoto.<\/p>\n<p style=\"text-align: justify;\">Qualquer informa\u00e7\u00e3o entrar em contato no cel. 99819 9165 ou 190 PM.<\/p>\n<p>&nbsp;<\/p>\n<p>&nbsp;<\/p>\n","protected":false},"excerpt":{"rendered":"<p>Est\u00e1 desaparecido desde as 13 Hs de ontem (12), o garoto JHONATAN FELIPE MORENO DE SIQUEIRA de 12 anos de idade. Ele voltou da escola normalmente e segundo a m\u00e3e n\u00e3o tinha motivos aparentes para ter sa\u00eddo de casa. Trajava no momento blusa azul com listras finas de preto, um short de futebol azul e [&hellip;]<\/p>\n","protected":false},"author":1,"featured_media":11285,"comment_status":"closed","ping_status":"open","sticky":false,"template":"","format":"standard","meta":{"footnotes":""},"categories":[110,2],"tags":[],"class_list":["post-11283","post","type-post","status-publish","format-standard","has-post-thumbnail","hentry","category-noticiasdestaque","category-policial"],"_links":{"self":[{"href":"https:\/\/jorgezanoni.com.br\/2019\/wp-json\/wp\/v2\/posts\/11283","targetHints":{"allow":["GET"]}}],"collection":[{"href":"https:\/\/jorgezanoni.com.br\/2019\/wp-json\/wp\/v2\/posts"}],"about":[{"href":"https:\/\/jorgezanoni.com.br\/2019\/wp-json\/wp\/v2\/types\/post"}],"author":[{"embeddable":true,"href":"https:\/\/jorgezanoni.com.br\/2019\/wp-json\/wp\/v2\/users\/1"}],"replies":[{"embeddable":true,"href":"https:\/\/jorgezanoni.com.br\/2019\/wp-json\/wp\/v2\/comments?post=11283"}],"version-history":[{"count":0,"href":"https:\/\/jorgezanoni.com.br\/2019\/wp-json\/wp\/v2\/posts\/11283\/revisions"}],"wp:featuredmedia":[{"embeddable":true,"href":"https:\/\/jorgezanoni.com.br\/2019\/wp-json\/wp\/v2\/media\/11285"}],"wp:attachment":[{"href":"https:\/\/jorgezanoni.com.br\/2019\/wp-json\/wp\/v2\/media?parent=11283"}],"wp:term":[{"taxonomy":"category","embeddable":true,"href":"https:\/\/jorgezanoni.com.br\/2019\/wp-json\/wp\/v2\/categories?post=11283"},{"taxonomy":"post_tag","embeddable":true,"href":"https:\/\/jorgezanoni.com.br\/2019\/wp-json\/wp\/v2\/tags?post=11283"}],"curies":[{"name":"wp","href":"https:\/\/api.w.org\/{rel}","templated":true}]}}