{"id":11272,"date":"2019-11-13T16:04:26","date_gmt":"2019-11-13T16:04:26","guid":{"rendered":"https:\/\/jorgezanoni.com.br\/2019\/?p=11272"},"modified":"2019-11-13T16:04:50","modified_gmt":"2019-11-13T16:04:50","slug":"recem-nascido-achado-coberto-por-formigas-na-calcada-morre-em-hospital-de-ribeirao-preto-sp","status":"publish","type":"post","link":"https:\/\/jorgezanoni.com.br\/2019\/recem-nascido-achado-coberto-por-formigas-na-calcada-morre-em-hospital-de-ribeirao-preto-sp\/","title":{"rendered":"Rec\u00e9m-nascido achado coberto por formigas na cal\u00e7ada morre em hospital de Ribeir\u00e3o Preto, SP"},"content":{"rendered":"<h2 class=\"content-head__subtitle\" style=\"text-align: justify;\"><strong>Menino estava com a placenta e o cord\u00e3o umbilical ao ser resgatado na ter\u00e7a-feira (12), em Serra Azul, SP. Pol\u00edcia busca imagens que possam ajudar a identificar a pessoa que o deixou no local.<\/strong><\/h2>\n<div class=\"mc-column content-text active-extra-styles \" data-block-type=\"unstyled\" data-block-weight=\"25\" data-block-id=\"2\">\n<p class=\"content-text__container \" style=\"text-align: justify;\" data-track-category=\"Link no Texto\" data-track-links=\"\">Morreu na madrugada desta quarta-feira (13), em Ribeir\u00e3o Preto (SP), o\u00a0<a href=\"https:\/\/g1.globo.com\/sp\/ribeirao-preto-franca\/noticia\/2019\/11\/13\/cena-forte-diz-mulher-que-socorreu-recem-nascido-abandonado-em-serra-azul-sp.ghtml\">rec\u00e9m-nascido encontrado abandonado em uma cal\u00e7ada<\/a>, na ter\u00e7a-feira (12), em Serra Azul (SP).<\/p>\n<\/div>\n<div class=\"wall protected-content\">\n<div class=\"mc-column content-text active-extra-styles \" style=\"text-align: justify;\" data-block-type=\"unstyled\" data-block-weight=\"31\" data-block-id=\"3\">\n<p class=\"content-text__container \" data-track-category=\"Link no Texto\" data-track-links=\"\">O menino estava internado na Unidade de Terapia Intensiva (UTI) Neonatal do Hospital Santa Lydia. Segundo a Secretaria Municipal de Sa\u00fade, ele morreu por insufici\u00eancia de m\u00faltiplos \u00f3rg\u00e3os e sistemas.<\/p>\n<\/div>\n<div class=\"mc-column content-text active-extra-styles \" style=\"text-align: justify;\" data-block-type=\"unstyled\" data-block-weight=\"21\" data-block-id=\"4\">\n<p class=\"content-text__container \" data-track-category=\"Link no Texto\" data-track-links=\"\">Ao dar entrada no hospital, o beb\u00ea apresentava desidrata\u00e7\u00e3o profunda, les\u00f5es causadas por picadas de formigas e uma les\u00e3o ocular.<\/p>\n<\/div>\n<div class=\"mc-column content-text active-extra-styles \" data-block-type=\"unstyled\" data-block-weight=\"40\" data-block-id=\"5\">\n<p class=\"content-text__container \" style=\"text-align: justify;\" data-track-category=\"Link no Texto\" data-track-links=\"\">\u201cApesar de toda assist\u00eancia dispensada, disponibilizando todos os recursos necess\u00e1rios, o resultado obtido n\u00e3o foi o que desej\u00e1vamos, j\u00e1 que se tratava de um caso de extrema gravidade em um paciente com alta fragilidade\u201d, diz a nota divulgada pelo hospital.<\/p>\n<p style=\"text-align: justify;\" data-track-category=\"Link no Texto\" data-track-links=\"\"><img loading=\"lazy\" decoding=\"async\" class=\"alignnone size-full wp-image-11274\" src=\"https:\/\/jorgezanoni.com.br\/2019\/wp-content\/uploads\/2019\/11\/bb1.jpg\" alt=\"\" width=\"1200\" height=\"674\" srcset=\"https:\/\/jorgezanoni.com.br\/2019\/wp-content\/uploads\/2019\/11\/bb1.jpg 1200w, https:\/\/jorgezanoni.com.br\/2019\/wp-content\/uploads\/2019\/11\/bb1-300x169.jpg 300w, https:\/\/jorgezanoni.com.br\/2019\/wp-content\/uploads\/2019\/11\/bb1-768x431.jpg 768w, https:\/\/jorgezanoni.com.br\/2019\/wp-content\/uploads\/2019\/11\/bb1-1024x575.jpg 1024w, https:\/\/jorgezanoni.com.br\/2019\/wp-content\/uploads\/2019\/11\/bb1-696x391.jpg 696w, https:\/\/jorgezanoni.com.br\/2019\/wp-content\/uploads\/2019\/11\/bb1-1068x600.jpg 1068w, https:\/\/jorgezanoni.com.br\/2019\/wp-content\/uploads\/2019\/11\/bb1-748x420.jpg 748w\" sizes=\"auto, (max-width: 1200px) 100vw, 1200px\" \/>A diarista Marta Aguiar da Silva encontrou beb\u00ea enrolado em manta em Serra Azul, SP \u2014 Foto: Luciano Tolentino\/EPTV<\/p>\n<div class=\"mc-column content-text active-extra-styles\" style=\"text-align: justify;\" data-block-type=\"raw\" data-block-weight=\"3\" data-block-id=\"8\">\n<div class=\"content-intertitle\">\n<h2>Achado na cal\u00e7ada<\/h2>\n<\/div>\n<\/div>\n<div class=\"mc-column content-text active-extra-styles \" style=\"text-align: justify;\" data-block-type=\"unstyled\" data-block-weight=\"45\" data-block-id=\"9\">\n<p class=\"content-text__container \" data-track-category=\"Link no Texto\" data-track-links=\"\">A crian\u00e7a foi encontrada por moradores do conjunto habitacional Benedito Giolo. A diarista Marta Aguiar da Silva voltava do mercado, quando\u00a0<a href=\"https:\/\/g1.globo.com\/sp\/ribeirao-preto-franca\/noticia\/2019\/11\/13\/cena-forte-diz-mulher-que-socorreu-recem-nascido-abandonado-em-serra-azul-sp.ghtml\">viu uma manta na cal\u00e7ada de uma casa<\/a>. Ela pensou que havia um bicho morto enrolado, mas levou um susto ao puxar o tecido.<\/p>\n<\/div>\n<div class=\"mc-column content-text active-extra-styles \" style=\"text-align: justify;\" data-block-type=\"unstyled\" data-block-weight=\"26\" data-block-id=\"10\">\n<p class=\"content-text__container \" data-track-category=\"Link no Texto\" data-track-links=\"\">\u201cN\u00e3o dava para ver que era uma crian\u00e7a. Quando eu descobri, era um nen\u00ea. Ele olhou para mim e eu comecei a tremer, a chorar\u201d, diz.<\/p>\n<\/div>\n<div class=\"mc-column content-text active-extra-styles \" data-block-type=\"unstyled\" data-block-weight=\"66\" data-block-id=\"11\">\n<p class=\"content-text__container \" style=\"text-align: justify;\" data-track-category=\"Link no Texto\" data-track-links=\"\">Marta pediu ajuda \u00e0 dona de casa Tauana Evangelista da Silva, que passava de carro. As duas viram que o\u00a0<a href=\"https:\/\/g1.globo.com\/sp\/ribeirao-preto-franca\/noticia\/2019\/11\/12\/recem-nascido-e-abandonado-em-mata-na-regiao-de-conjunto-habitacional-em-serra-azul-sp.ghtml\">menino ainda estava com a placenta e o cord\u00e3o umbilical<\/a>. Elas chamaram o Servi\u00e7o de Atendimento M\u00f3vel de Urg\u00eancia (Samu) e a equipe levou a crian\u00e7a \u00e0 Unidade Mista de Sa\u00fade. De l\u00e1, ela foi transferida para o Hospital Santa Lydia, em Ribeir\u00e3o Preto.<\/p>\n<div class=\"mc-column content-text active-extra-styles \" style=\"text-align: justify;\" data-block-type=\"unstyled\" data-block-weight=\"38\" data-block-id=\"13\">\n<p class=\"content-text__container \" data-track-category=\"Link no Texto\" data-track-links=\"\">A Pol\u00edcia Militar busca imagens de c\u00e2meras de seguran\u00e7a para tentar identificar a pessoa que deixou o rec\u00e9m-nascido no bairro. Segundo moradores, a regi\u00e3o \u00e9 tranquila e o menino foi abandonado em uma rua com pouca movimenta\u00e7\u00e3o.<\/p>\n<\/div>\n<div class=\"mc-column content-text active-extra-styles \" data-block-type=\"unstyled\" data-block-weight=\"32\" data-block-id=\"14\">\n<p class=\"content-text__container \" style=\"text-align: justify;\" data-track-category=\"Link no Texto\" data-track-links=\"\">O caso foi registrado na Pol\u00edcia Civil como abandono de incapaz, com pena m\u00e1xima de quatro anos de reclus\u00e3o. Com a morte da crian\u00e7a, a tipifica\u00e7\u00e3o do crime poder\u00e1 ser alterada.<\/p>\n<p style=\"text-align: justify;\" data-track-category=\"Link no Texto\" data-track-links=\"\">Fonte: G1<\/p>\n<\/div>\n<\/div>\n<\/div>\n<\/div>\n","protected":false},"excerpt":{"rendered":"<p>Menino estava com a placenta e o cord\u00e3o umbilical ao ser resgatado na ter\u00e7a-feira (12), em Serra Azul, SP. Pol\u00edcia busca imagens que possam ajudar a identificar a pessoa que o deixou no local. Morreu na madrugada desta quarta-feira (13), em Ribeir\u00e3o Preto (SP), o\u00a0rec\u00e9m-nascido encontrado abandonado em uma cal\u00e7ada, na ter\u00e7a-feira (12), em Serra [&hellip;]<\/p>\n","protected":false},"author":1,"featured_media":11273,"comment_status":"closed","ping_status":"open","sticky":false,"template":"","format":"standard","meta":{"footnotes":""},"categories":[110,2],"tags":[],"class_list":["post-11272","post","type-post","status-publish","format-standard","has-post-thumbnail","hentry","category-noticiasdestaque","category-policial"],"_links":{"self":[{"href":"https:\/\/jorgezanoni.com.br\/2019\/wp-json\/wp\/v2\/posts\/11272","targetHints":{"allow":["GET"]}}],"collection":[{"href":"https:\/\/jorgezanoni.com.br\/2019\/wp-json\/wp\/v2\/posts"}],"about":[{"href":"https:\/\/jorgezanoni.com.br\/2019\/wp-json\/wp\/v2\/types\/post"}],"author":[{"embeddable":true,"href":"https:\/\/jorgezanoni.com.br\/2019\/wp-json\/wp\/v2\/users\/1"}],"replies":[{"embeddable":true,"href":"https:\/\/jorgezanoni.com.br\/2019\/wp-json\/wp\/v2\/comments?post=11272"}],"version-history":[{"count":0,"href":"https:\/\/jorgezanoni.com.br\/2019\/wp-json\/wp\/v2\/posts\/11272\/revisions"}],"wp:featuredmedia":[{"embeddable":true,"href":"https:\/\/jorgezanoni.com.br\/2019\/wp-json\/wp\/v2\/media\/11273"}],"wp:attachment":[{"href":"https:\/\/jorgezanoni.com.br\/2019\/wp-json\/wp\/v2\/media?parent=11272"}],"wp:term":[{"taxonomy":"category","embeddable":true,"href":"https:\/\/jorgezanoni.com.br\/2019\/wp-json\/wp\/v2\/categories?post=11272"},{"taxonomy":"post_tag","embeddable":true,"href":"https:\/\/jorgezanoni.com.br\/2019\/wp-json\/wp\/v2\/tags?post=11272"}],"curies":[{"name":"wp","href":"https:\/\/api.w.org\/{rel}","templated":true}]}}