{"id":11268,"date":"2019-11-13T15:29:21","date_gmt":"2019-11-13T15:29:21","guid":{"rendered":"https:\/\/jorgezanoni.com.br\/2019\/?p=11268"},"modified":"2019-11-13T15:29:21","modified_gmt":"2019-11-13T15:29:21","slug":"profissionais-da-rede-municipal-de-educacao-apresentam-boas-praticas-no-ecap-2019","status":"publish","type":"post","link":"https:\/\/jorgezanoni.com.br\/2019\/profissionais-da-rede-municipal-de-educacao-apresentam-boas-praticas-no-ecap-2019\/","title":{"rendered":"Profissionais da Rede Municipal de Educa\u00e7\u00e3o apresentam boas pr\u00e1ticas no ECAP 2019"},"content":{"rendered":"<p style=\"text-align: justify;\">Na \u00faltima semana, profissionais da Rede Municipal de Educa\u00e7\u00e3o de Dracena participaram do Encontro Cient\u00edfico da Alta Paulista (ECAP), edi\u00e7\u00e3o 2019, promovido pela Unifadra\/Fundec.<\/p>\n<p style=\"text-align: justify;\">O objetivo do evento que ocorre anualmente \u00e9 reunir estudantes, profissionais, pesquisadores e docentes para promover atividades cient\u00edficas realizadas por meio de intera\u00e7\u00e3o e troca de experi\u00eancias relacionadas a diversas \u00e1reas de conhecimento, al\u00e9m de estimular o interesse de estudantes pela pesquisa.<\/p>\n<p style=\"text-align: justify;\">Os docentes da rede apresentaram dez trabalhos na modalidade p\u00f4ster de relatos de experi\u00eancias exitosas, apresentando projetos relacionados \u00e0 Educa\u00e7\u00e3o Infantil, ao Ensino Fundamental I e \u00e0 Educa\u00e7\u00e3o a Dist\u00e2ncia.<\/p>\n<p style=\"text-align: justify;\">Para a Secret\u00e1ria de Educa\u00e7\u00e3o, Prof\u00aa Ms. Vanessa Redigolo Castilho \u201c\u00e9 necess\u00e1ria a pr\u00e1tica de investiga\u00e7\u00e3o por parte dos docentes, a fim de contribuir no processo de desenvolvimento profissional dos professores. Nesta perceptiva, a\u00e7\u00f5es como estas visam o fortalecimento do desenvolvimento de boas pr\u00e1ticas, de modo que os estudantes sejam beneficiados pelo trabalho docente diferenciado\u201d.<\/p>\n<p style=\"text-align: justify;\">Participaram do evento, representando os docentes da rede, as professoras Amanda Maria da Silva Firmino, da EMEI Nana Nen\u00ea; Arlete Cristina Motovani Ziliani, da EMEFI Jo\u00e3o Milan Barbosa; Clelma Tiago de Oliveira, da EMEFI Prof\u00aa Luiza Rossa Ribeiro; Elisabete Maldonado Kozan, da EMEFI Prof\u00ba Moacir Simardi; Eurides de Azevedo Meneghello, da EMEFI Prof\u00ba Waldomiro Machado; Graziely Heloisa Morceli, da EMEI Nana Nen\u00ea; Leila Cristina do Nascimento Santos, da EMEI Cantiga de Ninar; Maria Augusta Bertolin, da EMEFI Guilherme Tammerik; Michele Patr\u00edcia Dejavitte da Silva Costa, da EMEFI Guilherme Tammerik e Nayra Modesto dos Santos Nunes, da EMEFI Ott\u00edlia Braz Noguerol, acompanhadas por Tha\u00eds Regina Miranda Martins, representante da Secretaria Municipal de Educa\u00e7\u00e3o.<\/p>\n<p><img loading=\"lazy\" decoding=\"async\" class=\"alignnone size-full wp-image-11269\" src=\"https:\/\/jorgezanoni.com.br\/2019\/wp-content\/uploads\/2019\/11\/Ecap1.jpeg\" alt=\"\" width=\"1280\" height=\"960\" srcset=\"https:\/\/jorgezanoni.com.br\/2019\/wp-content\/uploads\/2019\/11\/Ecap1.jpeg 1280w, https:\/\/jorgezanoni.com.br\/2019\/wp-content\/uploads\/2019\/11\/Ecap1-300x225.jpeg 300w, https:\/\/jorgezanoni.com.br\/2019\/wp-content\/uploads\/2019\/11\/Ecap1-768x576.jpeg 768w, https:\/\/jorgezanoni.com.br\/2019\/wp-content\/uploads\/2019\/11\/Ecap1-1024x768.jpeg 1024w, https:\/\/jorgezanoni.com.br\/2019\/wp-content\/uploads\/2019\/11\/Ecap1-80x60.jpeg 80w, https:\/\/jorgezanoni.com.br\/2019\/wp-content\/uploads\/2019\/11\/Ecap1-265x198.jpeg 265w, https:\/\/jorgezanoni.com.br\/2019\/wp-content\/uploads\/2019\/11\/Ecap1-696x522.jpeg 696w, https:\/\/jorgezanoni.com.br\/2019\/wp-content\/uploads\/2019\/11\/Ecap1-1068x801.jpeg 1068w, https:\/\/jorgezanoni.com.br\/2019\/wp-content\/uploads\/2019\/11\/Ecap1-560x420.jpeg 560w\" sizes=\"auto, (max-width: 1280px) 100vw, 1280px\" \/><\/p>\n<p>Diretoria de Comunica\u00e7\u00e3o<\/p>\n","protected":false},"excerpt":{"rendered":"<p>Na \u00faltima semana, profissionais da Rede Municipal de Educa\u00e7\u00e3o de Dracena participaram do Encontro Cient\u00edfico da Alta Paulista (ECAP), edi\u00e7\u00e3o 2019, promovido pela Unifadra\/Fundec. O objetivo do evento que ocorre anualmente \u00e9 reunir estudantes, profissionais, pesquisadores e docentes para promover atividades cient\u00edficas realizadas por meio de intera\u00e7\u00e3o e troca de experi\u00eancias relacionadas a diversas \u00e1reas [&hellip;]<\/p>\n","protected":false},"author":1,"featured_media":11270,"comment_status":"closed","ping_status":"open","sticky":false,"template":"","format":"standard","meta":{"footnotes":""},"categories":[122],"tags":[],"class_list":["post-11268","post","type-post","status-publish","format-standard","has-post-thumbnail","hentry","category-saudeeducacaoeconcurso"],"_links":{"self":[{"href":"https:\/\/jorgezanoni.com.br\/2019\/wp-json\/wp\/v2\/posts\/11268","targetHints":{"allow":["GET"]}}],"collection":[{"href":"https:\/\/jorgezanoni.com.br\/2019\/wp-json\/wp\/v2\/posts"}],"about":[{"href":"https:\/\/jorgezanoni.com.br\/2019\/wp-json\/wp\/v2\/types\/post"}],"author":[{"embeddable":true,"href":"https:\/\/jorgezanoni.com.br\/2019\/wp-json\/wp\/v2\/users\/1"}],"replies":[{"embeddable":true,"href":"https:\/\/jorgezanoni.com.br\/2019\/wp-json\/wp\/v2\/comments?post=11268"}],"version-history":[{"count":0,"href":"https:\/\/jorgezanoni.com.br\/2019\/wp-json\/wp\/v2\/posts\/11268\/revisions"}],"wp:featuredmedia":[{"embeddable":true,"href":"https:\/\/jorgezanoni.com.br\/2019\/wp-json\/wp\/v2\/media\/11270"}],"wp:attachment":[{"href":"https:\/\/jorgezanoni.com.br\/2019\/wp-json\/wp\/v2\/media?parent=11268"}],"wp:term":[{"taxonomy":"category","embeddable":true,"href":"https:\/\/jorgezanoni.com.br\/2019\/wp-json\/wp\/v2\/categories?post=11268"},{"taxonomy":"post_tag","embeddable":true,"href":"https:\/\/jorgezanoni.com.br\/2019\/wp-json\/wp\/v2\/tags?post=11268"}],"curies":[{"name":"wp","href":"https:\/\/api.w.org\/{rel}","templated":true}]}}