{"id":11265,"date":"2019-11-13T15:18:00","date_gmt":"2019-11-13T15:18:00","guid":{"rendered":"https:\/\/jorgezanoni.com.br\/2019\/?p=11265"},"modified":"2019-11-13T15:18:00","modified_gmt":"2019-11-13T15:18:00","slug":"prefeitura-de-dracena-realizara-venda-de-sete-terrenos","status":"publish","type":"post","link":"https:\/\/jorgezanoni.com.br\/2019\/prefeitura-de-dracena-realizara-venda-de-sete-terrenos\/","title":{"rendered":"Prefeitura de Dracena realizar\u00e1 venda de sete terrenos"},"content":{"rendered":"<p style=\"text-align: justify;\">A Prefeitura de Dracena torna p\u00fablico para conhecimento dos interessados, que est\u00e1 aberta a Concorr\u00eancia P\u00fablica n\u00ba 003\/2019, do tipo de maior oferta unit\u00e1ria, para aliena\u00e7\u00e3o de 07 (sete) im\u00f3veis pertencentes ao munic\u00edpio de Dracena, que ser\u00e1 regido conforme determina a Lei Federal 8.666\/93 e altera\u00e7\u00f5es.<\/p>\n<p style=\"text-align: justify;\">Os envelopes com a oferta pode ser entregue no setor de licita\u00e7\u00e3o da Prefeitura at\u00e9 o dia 09 de dezembro de 2019 \u00e0s 13h30. Abertura dos envelopes ser\u00e1 no mesmo dia \u00e0s 13h35.<\/p>\n<p style=\"text-align: justify;\">Veja abaixo a localiza\u00e7\u00e3o e tamanho dos terrenos:<\/p>\n<ul style=\"text-align: justify;\">\n<li>Item 01 &#8211; Lote 09 da Quadra 04, localizado \u00e0 Rua Marechal Deodoro da Fonseca, com \u00e1rea de 507,00 m\u00b2, matr\u00edcula n\u00ba 16.778;<\/li>\n<li>Item 02 &#8211; Lote 05 da Quadra I, localizado na Rua dos Tr\u00eas Poderes, com \u00e1rea de 250,00 m\u00b2, matr\u00edcula n\u00ba 16.762;<\/li>\n<li>Item 03 &#8211; Lote 03 da Quadra 05, localizado na Rua Alameda Salvador, com \u00e1rea de 2.382,00 m\u00b2, matr\u00edcula n\u00ba 19.020;<\/li>\n<li>Item 04 &#8211; Lote 14 da Quadra 61, localizado na Rua Medardo Belantani, com \u00e1rea de 364,00 m\u00b2, matr\u00edcula n\u00ba 6.709;<\/li>\n<li>Item 05 &#8211; Lote 12 da Quadra 13, localizado na Rua Olavo Bilac, com \u00e1rea de 348,60 m\u00b2, matr\u00edcula n\u00ba 3.815;<\/li>\n<li>Item 06 &#8211; Lote 13 da Quadra 04, localizado na Rua Carlos Gomes, com \u00e1rea de 364,00 m\u00b2, matr\u00edcula n\u00ba 6.698;<\/li>\n<li>Item 07 &#8211; Lote 12 da Quadra 04, localizado na Rua Carlos Gomes, com \u00e1rea de 364,00 m\u00b2, matr\u00edcula n\u00ba 13.218.<\/li>\n<\/ul>\n<p style=\"text-align: justify;\">Mais informa\u00e7\u00f5es no Setor de Licita\u00e7\u00e3o da Prefeitura de Dracena que fica no Pa\u00e7o Municipal, telefones (18) 3821-8000 e (18) 3821-8013 ou via e-mail licitacao@dracena.sp.gov.br.<\/p>\n<p style=\"text-align: justify;\">Edital completo no site\u00a0<a href=\"http:\/\/www.dracena.sp.gov.br\/\" target=\"_blank\" rel=\"noopener noreferrer\">www.dracena.sp.gov.br<\/a><\/p>\n<p style=\"text-align: justify;\">Fonte: Diretoria de Comunica\u00e7\u00e3o<\/p>\n","protected":false},"excerpt":{"rendered":"<p>A Prefeitura de Dracena torna p\u00fablico para conhecimento dos interessados, que est\u00e1 aberta a Concorr\u00eancia P\u00fablica n\u00ba 003\/2019, do tipo de maior oferta unit\u00e1ria, para aliena\u00e7\u00e3o de 07 (sete) im\u00f3veis pertencentes ao munic\u00edpio de Dracena, que ser\u00e1 regido conforme determina a Lei Federal 8.666\/93 e altera\u00e7\u00f5es. Os envelopes com a oferta pode ser entregue no [&hellip;]<\/p>\n","protected":false},"author":1,"featured_media":11266,"comment_status":"closed","ping_status":"open","sticky":false,"template":"","format":"standard","meta":{"footnotes":""},"categories":[114,110],"tags":[],"class_list":["post-11265","post","type-post","status-publish","format-standard","has-post-thumbnail","hentry","category-geralecomercio","category-noticiasdestaque"],"_links":{"self":[{"href":"https:\/\/jorgezanoni.com.br\/2019\/wp-json\/wp\/v2\/posts\/11265","targetHints":{"allow":["GET"]}}],"collection":[{"href":"https:\/\/jorgezanoni.com.br\/2019\/wp-json\/wp\/v2\/posts"}],"about":[{"href":"https:\/\/jorgezanoni.com.br\/2019\/wp-json\/wp\/v2\/types\/post"}],"author":[{"embeddable":true,"href":"https:\/\/jorgezanoni.com.br\/2019\/wp-json\/wp\/v2\/users\/1"}],"replies":[{"embeddable":true,"href":"https:\/\/jorgezanoni.com.br\/2019\/wp-json\/wp\/v2\/comments?post=11265"}],"version-history":[{"count":0,"href":"https:\/\/jorgezanoni.com.br\/2019\/wp-json\/wp\/v2\/posts\/11265\/revisions"}],"wp:featuredmedia":[{"embeddable":true,"href":"https:\/\/jorgezanoni.com.br\/2019\/wp-json\/wp\/v2\/media\/11266"}],"wp:attachment":[{"href":"https:\/\/jorgezanoni.com.br\/2019\/wp-json\/wp\/v2\/media?parent=11265"}],"wp:term":[{"taxonomy":"category","embeddable":true,"href":"https:\/\/jorgezanoni.com.br\/2019\/wp-json\/wp\/v2\/categories?post=11265"},{"taxonomy":"post_tag","embeddable":true,"href":"https:\/\/jorgezanoni.com.br\/2019\/wp-json\/wp\/v2\/tags?post=11265"}],"curies":[{"name":"wp","href":"https:\/\/api.w.org\/{rel}","templated":true}]}}