{"id":11252,"date":"2019-11-13T14:15:05","date_gmt":"2019-11-13T14:15:05","guid":{"rendered":"https:\/\/jorgezanoni.com.br\/2019\/?p=11252"},"modified":"2019-11-13T14:15:05","modified_gmt":"2019-11-13T14:15:05","slug":"representantes-de-dracena-participam-de-reuniao-gabinete-itinerante-com-secretario-de-estado-da-saude-de-sao-paulo","status":"publish","type":"post","link":"https:\/\/jorgezanoni.com.br\/2019\/representantes-de-dracena-participam-de-reuniao-gabinete-itinerante-com-secretario-de-estado-da-saude-de-sao-paulo\/","title":{"rendered":"Representantes de Dracena participam de reuni\u00e3o \u201cGabinete Itinerante\u201d com Secret\u00e1rio de Estado da Sa\u00fade de S\u00e3o Paulo"},"content":{"rendered":"<p style=\"text-align: justify;\">A Secretaria de Estado da Sa\u00fade de S\u00e3o Paulo promoveu a reuni\u00e3o \u201cGabinete Itinerante em Presidente Prudente\u201d, realizada no Hospital Regional, com a presen\u00e7a do Secret\u00e1rio Estadual da pasta, Sr. Jos\u00e9 Henrique Germann Ferreira.<\/p>\n<p style=\"text-align: justify;\">Dracena foi representada pela Secret\u00e1ria Municipal designada de Sa\u00fade e Higiene P\u00fablica, Mirian Iasniswski e pela Diretora de Planejamento Valdete Ramos. Tamb\u00e9m participaram do evento prefeitos, secret\u00e1rios municipais de sa\u00fade e coordenadores e t\u00e9cnicos da Rede Regional de Aten\u00e7\u00e3o em Sa\u00fade (RRAS &#8211; 11).<\/p>\n<p style=\"text-align: justify;\">A reuni\u00e3o teve como objetivo um diagn\u00f3stico da realidade da sa\u00fade em nossa regi\u00e3o, o que \u00e9 realizado em todo primeiro ano de mandato de governador. Os conte\u00fados apresentados tamb\u00e9m ser\u00e3o utilizados para a execu\u00e7\u00e3o de um Plano Estadual de Sa\u00fade, que est\u00e1 sendo organizado pelo Governo do Estado.<\/p>\n<p style=\"text-align: justify;\">No caso de Dracena, foi destacada a necessidade de algumas especialidades como cirurgi\u00e3o vascular, oftalmologista e cirurgias eletivas. \u201cFoi um encontro muito produtivo, onde pudemos discutir as demandas mais urgentes de cada munic\u00edpio, apresentar os problemas e avaliar a sa\u00fade do Estado\u201d, comentou a Secret\u00e1ria designada Mirian.<\/p>\n<p style=\"text-align: justify;\"><strong>FOTO:\u00a0<\/strong>Na foto, o\u00a0secret\u00e1rio estadual de sa\u00fade,\u00a0Sr. Jos\u00e9 Henrique Germann Ferreira, ladeado pelas representantes da sa\u00fade municipal de Dracena, Valdete e Mirian (<strong>Cr\u00e9ditos:<\/strong>\u00a0Secretaria de Sa\u00fade)<\/p>\n<p>Fonte: Diretoria de Comunica\u00e7\u00e3o<\/p>\n","protected":false},"excerpt":{"rendered":"<p>A Secretaria de Estado da Sa\u00fade de S\u00e3o Paulo promoveu a reuni\u00e3o \u201cGabinete Itinerante em Presidente Prudente\u201d, realizada no Hospital Regional, com a presen\u00e7a do Secret\u00e1rio Estadual da pasta, Sr. Jos\u00e9 Henrique Germann Ferreira. Dracena foi representada pela Secret\u00e1ria Municipal designada de Sa\u00fade e Higiene P\u00fablica, Mirian Iasniswski e pela Diretora de Planejamento Valdete Ramos. [&hellip;]<\/p>\n","protected":false},"author":1,"featured_media":11253,"comment_status":"closed","ping_status":"open","sticky":false,"template":"","format":"standard","meta":{"footnotes":""},"categories":[122],"tags":[],"class_list":["post-11252","post","type-post","status-publish","format-standard","has-post-thumbnail","hentry","category-saudeeducacaoeconcurso"],"_links":{"self":[{"href":"https:\/\/jorgezanoni.com.br\/2019\/wp-json\/wp\/v2\/posts\/11252","targetHints":{"allow":["GET"]}}],"collection":[{"href":"https:\/\/jorgezanoni.com.br\/2019\/wp-json\/wp\/v2\/posts"}],"about":[{"href":"https:\/\/jorgezanoni.com.br\/2019\/wp-json\/wp\/v2\/types\/post"}],"author":[{"embeddable":true,"href":"https:\/\/jorgezanoni.com.br\/2019\/wp-json\/wp\/v2\/users\/1"}],"replies":[{"embeddable":true,"href":"https:\/\/jorgezanoni.com.br\/2019\/wp-json\/wp\/v2\/comments?post=11252"}],"version-history":[{"count":0,"href":"https:\/\/jorgezanoni.com.br\/2019\/wp-json\/wp\/v2\/posts\/11252\/revisions"}],"wp:featuredmedia":[{"embeddable":true,"href":"https:\/\/jorgezanoni.com.br\/2019\/wp-json\/wp\/v2\/media\/11253"}],"wp:attachment":[{"href":"https:\/\/jorgezanoni.com.br\/2019\/wp-json\/wp\/v2\/media?parent=11252"}],"wp:term":[{"taxonomy":"category","embeddable":true,"href":"https:\/\/jorgezanoni.com.br\/2019\/wp-json\/wp\/v2\/categories?post=11252"},{"taxonomy":"post_tag","embeddable":true,"href":"https:\/\/jorgezanoni.com.br\/2019\/wp-json\/wp\/v2\/tags?post=11252"}],"curies":[{"name":"wp","href":"https:\/\/api.w.org\/{rel}","templated":true}]}}