{"id":11243,"date":"2019-11-13T14:03:50","date_gmt":"2019-11-13T14:03:50","guid":{"rendered":"https:\/\/jorgezanoni.com.br\/2019\/?p=11243"},"modified":"2019-11-13T14:03:50","modified_gmt":"2019-11-13T14:03:50","slug":"rede-municipal-de-educacao-de-dracena-conquistou-tres-premios-no-13o-concurso-internacional-visual-class","status":"publish","type":"post","link":"https:\/\/jorgezanoni.com.br\/2019\/rede-municipal-de-educacao-de-dracena-conquistou-tres-premios-no-13o-concurso-internacional-visual-class\/","title":{"rendered":"Rede Municipal de Educa\u00e7\u00e3o de Dracena conquistou tr\u00eas pr\u00eamios no 13\u00ba Concurso Internacional Visual Class"},"content":{"rendered":"<p style=\"text-align: justify;\">Estudantes da EMEFI \u201cProfessor S\u00e9rgio Liberatti\u201d da Rede Municipal de Educa\u00e7\u00e3o de Dracena, localizada no Distrito de Jacipor\u00e3, participaram no dia 25 de outubro, pela primeira vez, do 11\u00ba Encontro Nacional de Educa\u00e7\u00e3o Tecnol\u00f3gica (ENETEC), conquistando o 3\u00ba Lugar do 13\u00ba Concurso Internacional Visual Class na cidade de Presidente Prudente\/SP.<\/p>\n<p style=\"text-align: justify;\">Al\u00e9m da terceira coloca\u00e7\u00e3o em apresenta\u00e7\u00e3o de teatro e m\u00fasica, a rede ficou em 1\u00ba lugar pela torcida organizada e o Prof\u00ba Alexandro Zullato ficou em 3\u00ba lugar na categoria \u201cProfessor Pr\u00eamio Multim\u00eddia\u201d. Tamb\u00e9m participou do evento, o professor Lu\u00eds Fernando da Costa, na mesma categoria.<\/p>\n<p style=\"text-align: justify;\">A Secret\u00e1ria de Educa\u00e7\u00e3o, Prof\u00aa Ms. Vanessa Red\u00edgolo Castilho destaca que \u201cessa oportunidade permitiu o envolvimento das crian\u00e7as com aprendizagens muito pertinentes, voltadas a um tema atual da sociedade, que \u00e9 a quest\u00e3o da viol\u00eancia contra a mulher\u201d.<\/p>\n<p style=\"text-align: justify;\">Estiveram presentes no evento estudantes e profissionais de diversos munic\u00edpios em um n\u00famero de aproximadamente quinhentas pessoas da regi\u00e3o.<\/p>\n<p style=\"text-align: justify;\">Para comemorar a conquista, o Prefeito, juntamente com a Secret\u00e1ria de Educa\u00e7\u00e3o, reuniu hoje (12) no gabinete os estudantes e profissionais participantes, para uma homenagem pelos t\u00edtulos trazidos ao munic\u00edpio.<\/p>\n<p style=\"text-align: justify;\">A Prefeitura de Dracena parabeniza todos os professores envolvidos no ENETEC 2019:<\/p>\n<ul style=\"text-align: justify;\">\n<li>PROFESSOR EDISON CARLOS DA SILVA (COORDENADOR DE INFORM\u00c1TICA)<\/li>\n<li>PROFESSORA BIANCA DAMI\u00c3O SILVA PINTO (PROFESSORA RESPONS\u00c1VEL PELO PROJETO) \u2013 EMEFI PROF. S\u00c9RGIO LIBERATTI<\/li>\n<li>PROFESSOR ALEXANDRO ZULLATTO \u2013 PROFESSOR DE INFORM\u00c1TICA VENCEDOR \u2013 PR\u00caMIO MULTIM\u00cdDIA<\/li>\n<li>PROFESSOR LUIS FERNANDO DA COSTA \u2013 PARTICIPANTE DO CONCURSO<\/li>\n<li>PROFESSORA DE DAN\u00c7A \u2013 NATH\u00c1LIA GARCIA SUEZA<\/li>\n<li>PROFESSOR RESPONS\u00c1VEL PELA TORCIDA \u2013 DAVID NORONHA<\/li>\n<li>PROFESSORES RESPONS\u00c1VEIS PELO TEATRO \u2013 ANTONIO COSTA DA SILVA E JO\u00c3O VITTOR FINOTTO<\/li>\n<li>PROFESSORES RESPONS\u00c1VEIS PELA ORGANIZA\u00c7\u00c3O GERAL \u2013 PATR\u00cdCIA BRESSANTI E DIEGO MIRANDA<\/li>\n<li>COORDENADORA DA ESCOLA \u2013 VILMA RAMOS DOS SANTOS MARTINEZ<\/li>\n<li>DIRETORA DA ESCOLA \u2013 MARIA IN\u00caS RONDI<\/li>\n<\/ul>\n<p style=\"text-align: justify;\">O evento tem como organizador o consultor em tecnologia Celso Tatizana, da Caltech, idealizador do software Visual Class.<\/p>\n<p><img loading=\"lazy\" decoding=\"async\" class=\"alignnone size-full wp-image-11244\" src=\"https:\/\/jorgezanoni.com.br\/2019\/wp-content\/uploads\/2019\/11\/edu.jpg\" alt=\"\" width=\"1024\" height=\"485\" srcset=\"https:\/\/jorgezanoni.com.br\/2019\/wp-content\/uploads\/2019\/11\/edu.jpg 1024w, https:\/\/jorgezanoni.com.br\/2019\/wp-content\/uploads\/2019\/11\/edu-300x142.jpg 300w, https:\/\/jorgezanoni.com.br\/2019\/wp-content\/uploads\/2019\/11\/edu-768x364.jpg 768w, https:\/\/jorgezanoni.com.br\/2019\/wp-content\/uploads\/2019\/11\/edu-696x330.jpg 696w, https:\/\/jorgezanoni.com.br\/2019\/wp-content\/uploads\/2019\/11\/edu-887x420.jpg 887w\" sizes=\"auto, (max-width: 1024px) 100vw, 1024px\" \/> <img loading=\"lazy\" decoding=\"async\" class=\"alignnone size-full wp-image-11245\" src=\"https:\/\/jorgezanoni.com.br\/2019\/wp-content\/uploads\/2019\/11\/edu1.jpg\" alt=\"\" width=\"240\" height=\"135\" \/> <img loading=\"lazy\" decoding=\"async\" class=\"alignnone size-full wp-image-11246\" src=\"https:\/\/jorgezanoni.com.br\/2019\/wp-content\/uploads\/2019\/11\/edu2.jpg\" alt=\"\" width=\"240\" height=\"150\" \/><img loading=\"lazy\" decoding=\"async\" class=\"alignnone size-full wp-image-11248\" src=\"https:\/\/jorgezanoni.com.br\/2019\/wp-content\/uploads\/2019\/11\/edu4.jpg\" alt=\"\" width=\"170\" height=\"240\" \/> <img loading=\"lazy\" decoding=\"async\" class=\"alignnone size-full wp-image-11249\" src=\"https:\/\/jorgezanoni.com.br\/2019\/wp-content\/uploads\/2019\/11\/edu5.jpg\" alt=\"\" width=\"177\" height=\"240\" \/> <img loading=\"lazy\" decoding=\"async\" class=\"alignnone size-full wp-image-11250\" src=\"https:\/\/jorgezanoni.com.br\/2019\/wp-content\/uploads\/2019\/11\/edu6.jpg\" alt=\"\" width=\"240\" height=\"124\" \/><\/p>\n<p>Fonte: Diretoria de Comunica\u00e7\u00e3o<\/p>\n","protected":false},"excerpt":{"rendered":"<p>Estudantes da EMEFI \u201cProfessor S\u00e9rgio Liberatti\u201d da Rede Municipal de Educa\u00e7\u00e3o de Dracena, localizada no Distrito de Jacipor\u00e3, participaram no dia 25 de outubro, pela primeira vez, do 11\u00ba Encontro Nacional de Educa\u00e7\u00e3o Tecnol\u00f3gica (ENETEC), conquistando o 3\u00ba Lugar do 13\u00ba Concurso Internacional Visual Class na cidade de Presidente Prudente\/SP. Al\u00e9m da terceira coloca\u00e7\u00e3o em [&hellip;]<\/p>\n","protected":false},"author":1,"featured_media":11247,"comment_status":"closed","ping_status":"open","sticky":false,"template":"","format":"standard","meta":{"footnotes":""},"categories":[122],"tags":[],"class_list":["post-11243","post","type-post","status-publish","format-standard","has-post-thumbnail","hentry","category-saudeeducacaoeconcurso"],"_links":{"self":[{"href":"https:\/\/jorgezanoni.com.br\/2019\/wp-json\/wp\/v2\/posts\/11243","targetHints":{"allow":["GET"]}}],"collection":[{"href":"https:\/\/jorgezanoni.com.br\/2019\/wp-json\/wp\/v2\/posts"}],"about":[{"href":"https:\/\/jorgezanoni.com.br\/2019\/wp-json\/wp\/v2\/types\/post"}],"author":[{"embeddable":true,"href":"https:\/\/jorgezanoni.com.br\/2019\/wp-json\/wp\/v2\/users\/1"}],"replies":[{"embeddable":true,"href":"https:\/\/jorgezanoni.com.br\/2019\/wp-json\/wp\/v2\/comments?post=11243"}],"version-history":[{"count":0,"href":"https:\/\/jorgezanoni.com.br\/2019\/wp-json\/wp\/v2\/posts\/11243\/revisions"}],"wp:featuredmedia":[{"embeddable":true,"href":"https:\/\/jorgezanoni.com.br\/2019\/wp-json\/wp\/v2\/media\/11247"}],"wp:attachment":[{"href":"https:\/\/jorgezanoni.com.br\/2019\/wp-json\/wp\/v2\/media?parent=11243"}],"wp:term":[{"taxonomy":"category","embeddable":true,"href":"https:\/\/jorgezanoni.com.br\/2019\/wp-json\/wp\/v2\/categories?post=11243"},{"taxonomy":"post_tag","embeddable":true,"href":"https:\/\/jorgezanoni.com.br\/2019\/wp-json\/wp\/v2\/tags?post=11243"}],"curies":[{"name":"wp","href":"https:\/\/api.w.org\/{rel}","templated":true}]}}