{"id":11237,"date":"2019-11-13T13:39:45","date_gmt":"2019-11-13T13:39:45","guid":{"rendered":"https:\/\/jorgezanoni.com.br\/2019\/?p=11237"},"modified":"2019-11-13T13:39:45","modified_gmt":"2019-11-13T13:39:45","slug":"edital-de-convocacao-de-audiencia-publica-da-camara-municipal-de-dracena","status":"publish","type":"post","link":"https:\/\/jorgezanoni.com.br\/2019\/edital-de-convocacao-de-audiencia-publica-da-camara-municipal-de-dracena\/","title":{"rendered":"Edital de convoca\u00e7\u00e3o de Audi\u00eancia P\u00fablica da C\u00e2mara Municipal de Dracena"},"content":{"rendered":"<p style=\"text-align: justify;\"><strong><u>EDITAL DE CONVOCA\u00c7\u00c3O DE AUDI\u00caNCIA P\u00daBLICA.<\/u><\/strong><\/p>\n<p style=\"text-align: justify;\">A C\u00e2mara Municipal de Dracena, por seu Presidente Vereador Milton Polon e a Comiss\u00e3o de Finan\u00e7as e Or\u00e7amento, por seu Presidente Vereador C\u00e9lio Antonio Ferregutti, em cumprimento ao exigido no artigo 71, letra &#8220;d&#8221;, das \u00a0Instru\u00e7\u00f5es n.\u00ba 02\/2008 do Tribunal de Contas do Estado e nos termos do par\u00e1grafo \u00fanico do artigo 48 da LRF \u00a0n\u00ba 101\/00 (LRF), convocam os Vereadores, as Entidades de Classe, Entidades Estudantis, Associa\u00e7\u00f5es Civis e Comunit\u00e1rias, Institui\u00e7\u00f5es Religiosas e Filos\u00f3ficas e Mun\u00edcipes em Geral para participar da\u00a0<strong>AUDI\u00caNCIA P\u00daBLICA<\/strong>\u00a0que ser\u00e1 realizada no dia\u00a0<strong><u>14\/11\/2019, \u00e0s 09:00 horas<\/u><\/strong> no pr\u00e9dio da C\u00e2mara, situado na rua Princesa Isabel, n.\u00ba 1.635, para dar conhecimento \u00e0 popula\u00e7\u00e3o do Projeto de Lei n.\u00ba 57, de 31 de outubro de 2019, de autoria do Poder Executivo, \u00a0que estima a receita e fixa a despesa do munic\u00edpio para o exerc\u00edcio de 2020.<\/p>\n<div>\n<div style=\"text-align: justify;\">Assessora de Imprensa<\/div>\n<\/div>\n","protected":false},"excerpt":{"rendered":"<p>EDITAL DE CONVOCA\u00c7\u00c3O DE AUDI\u00caNCIA P\u00daBLICA. A C\u00e2mara Municipal de Dracena, por seu Presidente Vereador Milton Polon e a Comiss\u00e3o de Finan\u00e7as e Or\u00e7amento, por seu Presidente Vereador C\u00e9lio Antonio Ferregutti, em cumprimento ao exigido no artigo 71, letra &#8220;d&#8221;, das \u00a0Instru\u00e7\u00f5es n.\u00ba 02\/2008 do Tribunal de Contas do Estado e nos termos do par\u00e1grafo [&hellip;]<\/p>\n","protected":false},"author":1,"featured_media":11238,"comment_status":"closed","ping_status":"open","sticky":false,"template":"","format":"standard","meta":{"footnotes":""},"categories":[114],"tags":[],"class_list":["post-11237","post","type-post","status-publish","format-standard","has-post-thumbnail","hentry","category-geralecomercio"],"_links":{"self":[{"href":"https:\/\/jorgezanoni.com.br\/2019\/wp-json\/wp\/v2\/posts\/11237","targetHints":{"allow":["GET"]}}],"collection":[{"href":"https:\/\/jorgezanoni.com.br\/2019\/wp-json\/wp\/v2\/posts"}],"about":[{"href":"https:\/\/jorgezanoni.com.br\/2019\/wp-json\/wp\/v2\/types\/post"}],"author":[{"embeddable":true,"href":"https:\/\/jorgezanoni.com.br\/2019\/wp-json\/wp\/v2\/users\/1"}],"replies":[{"embeddable":true,"href":"https:\/\/jorgezanoni.com.br\/2019\/wp-json\/wp\/v2\/comments?post=11237"}],"version-history":[{"count":0,"href":"https:\/\/jorgezanoni.com.br\/2019\/wp-json\/wp\/v2\/posts\/11237\/revisions"}],"wp:featuredmedia":[{"embeddable":true,"href":"https:\/\/jorgezanoni.com.br\/2019\/wp-json\/wp\/v2\/media\/11238"}],"wp:attachment":[{"href":"https:\/\/jorgezanoni.com.br\/2019\/wp-json\/wp\/v2\/media?parent=11237"}],"wp:term":[{"taxonomy":"category","embeddable":true,"href":"https:\/\/jorgezanoni.com.br\/2019\/wp-json\/wp\/v2\/categories?post=11237"},{"taxonomy":"post_tag","embeddable":true,"href":"https:\/\/jorgezanoni.com.br\/2019\/wp-json\/wp\/v2\/tags?post=11237"}],"curies":[{"name":"wp","href":"https:\/\/api.w.org\/{rel}","templated":true}]}}