{"id":11234,"date":"2019-11-13T13:25:36","date_gmt":"2019-11-13T13:25:36","guid":{"rendered":"https:\/\/jorgezanoni.com.br\/2019\/?p=11234"},"modified":"2019-11-13T13:25:36","modified_gmt":"2019-11-13T13:25:36","slug":"yes-amplia-e-reinaugura-fabrica-com-investimentos-de-r-10-milhoes-em-lucelia","status":"publish","type":"post","link":"https:\/\/jorgezanoni.com.br\/2019\/yes-amplia-e-reinaugura-fabrica-com-investimentos-de-r-10-milhoes-em-lucelia\/","title":{"rendered":"Yes amplia e reinaugura f\u00e1brica com investimentos de R$ 10 milh\u00f5es em Luc\u00e9lia"},"content":{"rendered":"<p style=\"text-align: justify;\"><strong>A Yes, empresa que desenvolve solu\u00e7\u00f5es biotecnol\u00f3gicas para uma nutri\u00e7\u00e3o animal, reinaugurou sua f\u00e1brica em Luc\u00e9lia com a presen\u00e7a de autoridades do munic\u00edpio.<\/strong><\/p>\n<p style=\"text-align: justify;\">Nos \u00faltimos 12 meses, os investimentos em infraestrutura na unidade de Luc\u00e9lia somaram R$ 10 milh\u00f5es, e fazem parte das estrat\u00e9gias de reposicionamento da marca para 2020.<\/p>\n<p style=\"text-align: justify;\">\u201cConcebida sobre os pilares da sustentabilidade, seguran\u00e7a alimentar e bem-estar animal, a Yes se orgulha de ser uma empresa altamente comprometida com o ambiente no qual est\u00e1 inserida, atuando com processos produtivos 100% sustent\u00e1veis e reconhecidos internacionalmente, e com certifica\u00e7\u00f5es como a Patente Verde concedida pelo Instituto Nacional da Propriedade Industrial (INPI) para novas tecnologias voltadas \u00e0 preserva\u00e7\u00e3o do meio ambiente. Temos tamb\u00e9m a certifica\u00e7\u00e3o GMP+, internacionalmente reconhecida como um selo que garante a qualidade, a seguran\u00e7a de alimentos e atesta aos consumidores que os ingredientes s\u00e3o manipulados em toda a cadeia de fornecimento de maneira respons\u00e1vel\u201d, salienta o diretor de opera\u00e7\u00f5es da Yes, Leonnardo Lopes Ferreira.<\/p>\n<p style=\"text-align: justify;\">A empresa garante tamb\u00e9m a gera\u00e7\u00e3o de emprego na regi\u00e3o. S\u00f3 na unidade de Luc\u00e9lia s\u00e3o empregados 140 colaboradores, estando 100 na f\u00e1brica e 40 no IBC (Centro de Distribui\u00e7\u00e3o).<\/p>\n<p style=\"text-align: justify;\">Fonte: Folha Regional<\/p>\n","protected":false},"excerpt":{"rendered":"<p>A Yes, empresa que desenvolve solu\u00e7\u00f5es biotecnol\u00f3gicas para uma nutri\u00e7\u00e3o animal, reinaugurou sua f\u00e1brica em Luc\u00e9lia com a presen\u00e7a de autoridades do munic\u00edpio. Nos \u00faltimos 12 meses, os investimentos em infraestrutura na unidade de Luc\u00e9lia somaram R$ 10 milh\u00f5es, e fazem parte das estrat\u00e9gias de reposicionamento da marca para 2020. \u201cConcebida sobre os pilares da [&hellip;]<\/p>\n","protected":false},"author":1,"featured_media":11235,"comment_status":"closed","ping_status":"open","sticky":false,"template":"","format":"standard","meta":{"footnotes":""},"categories":[110,116],"tags":[],"class_list":["post-11234","post","type-post","status-publish","format-standard","has-post-thumbnail","hentry","category-noticiasdestaque","category-politicaeeconomia"],"_links":{"self":[{"href":"https:\/\/jorgezanoni.com.br\/2019\/wp-json\/wp\/v2\/posts\/11234","targetHints":{"allow":["GET"]}}],"collection":[{"href":"https:\/\/jorgezanoni.com.br\/2019\/wp-json\/wp\/v2\/posts"}],"about":[{"href":"https:\/\/jorgezanoni.com.br\/2019\/wp-json\/wp\/v2\/types\/post"}],"author":[{"embeddable":true,"href":"https:\/\/jorgezanoni.com.br\/2019\/wp-json\/wp\/v2\/users\/1"}],"replies":[{"embeddable":true,"href":"https:\/\/jorgezanoni.com.br\/2019\/wp-json\/wp\/v2\/comments?post=11234"}],"version-history":[{"count":0,"href":"https:\/\/jorgezanoni.com.br\/2019\/wp-json\/wp\/v2\/posts\/11234\/revisions"}],"wp:featuredmedia":[{"embeddable":true,"href":"https:\/\/jorgezanoni.com.br\/2019\/wp-json\/wp\/v2\/media\/11235"}],"wp:attachment":[{"href":"https:\/\/jorgezanoni.com.br\/2019\/wp-json\/wp\/v2\/media?parent=11234"}],"wp:term":[{"taxonomy":"category","embeddable":true,"href":"https:\/\/jorgezanoni.com.br\/2019\/wp-json\/wp\/v2\/categories?post=11234"},{"taxonomy":"post_tag","embeddable":true,"href":"https:\/\/jorgezanoni.com.br\/2019\/wp-json\/wp\/v2\/tags?post=11234"}],"curies":[{"name":"wp","href":"https:\/\/api.w.org\/{rel}","templated":true}]}}