{"id":1123,"date":"2019-07-20T00:18:41","date_gmt":"2019-07-20T00:18:41","guid":{"rendered":"http:\/\/jorgezanoni.com.br\/2019\/?p=1123"},"modified":"2019-07-20T00:18:41","modified_gmt":"2019-07-20T00:18:41","slug":"justica-de-varginha-mg-libera-alvara-de-soltura-para-goleiro-bruno","status":"publish","type":"post","link":"https:\/\/jorgezanoni.com.br\/2019\/justica-de-varginha-mg-libera-alvara-de-soltura-para-goleiro-bruno\/","title":{"rendered":"Justi\u00e7a de Varginha (MG) libera alvar\u00e1 de soltura para goleiro Bruno"},"content":{"rendered":"<h2 class=\"subtitle\"><strong>Atleta vai para o regime semiaberto depois de cumprir 43% do total da pena de 20 anos e nove meses por sequestro e assassinato de Eliza Samudio.<\/strong><\/h2>\n<p>O ju\u00edz Tarciso Moreira de Souza, da 1\u00aa Vara Criminal e de Execu\u00e7\u00f5es Penais da Comarca de Varginha, a 320 km de Belo Horizonte, expediu, na tarde desta sexta-feira (19), o alvar\u00e1 de soltura para o\u00a0<a href=\"https:\/\/esportes.r7.com\/prisma\/cosme-rimoli\/fora-da-cadeia-bruno-quer-voltar-a-jogar-pelo-boa-esporte-19072019\" target=\"_blank\" rel=\"noopener noreferrer\"><strong>goleiro Bruno Fernandes<\/strong><\/a>. Nesta quinta-feira (18), o magistrado autorizou a\u00a0<a href=\"https:\/\/noticias.r7.com\/minas-gerais\/justica-autoriza-goleiro-bruno-a-cumprir-pena-em-semiaberto-18072019\" target=\"_blank\" rel=\"noopener noreferrer\"><strong>progress\u00e3o do regime\u00a0<\/strong><\/a>de pris\u00e3o do atleta para o semiaberto. Com a decis\u00e3o, o atleta condenado pelo sequestro e morte da ex-amante Eliza Samudio pode deixar a pris\u00e3o a qualquer momento.<\/p>\n<p>Nesta tarde, o ex-goleiro do Flamengou participou de uma audi\u00eancia no F\u00f3rum de Varginha para ser informado de suas obriga\u00e7\u00f5es durante o novo regime. Agora, o alvar\u00e1 ser\u00e1 avaliado pela Pol\u00edcia Civil e, em seguida, ser\u00e1 encaminhado para a Secretaria de Estado de Administra\u00e7\u00e3o Prisional, que vai articular a soltura do ex-jogador.<\/p>\n<p>Fonte: R7<\/p>\n","protected":false},"excerpt":{"rendered":"<p>Atleta vai para o regime semiaberto depois de cumprir 43% do total da pena de 20 anos e nove meses por sequestro e assassinato de Eliza Samudio. O ju\u00edz Tarciso Moreira de Souza, da 1\u00aa Vara Criminal e de Execu\u00e7\u00f5es Penais da Comarca de Varginha, a 320 km de Belo Horizonte, expediu, na tarde desta [&hellip;]<\/p>\n","protected":false},"author":1,"featured_media":1124,"comment_status":"open","ping_status":"open","sticky":false,"template":"","format":"standard","meta":{"footnotes":""},"categories":[120],"tags":[],"class_list":["post-1123","post","type-post","status-publish","format-standard","has-post-thumbnail","hentry","category-justicahabitacaotecnologia"],"_links":{"self":[{"href":"https:\/\/jorgezanoni.com.br\/2019\/wp-json\/wp\/v2\/posts\/1123","targetHints":{"allow":["GET"]}}],"collection":[{"href":"https:\/\/jorgezanoni.com.br\/2019\/wp-json\/wp\/v2\/posts"}],"about":[{"href":"https:\/\/jorgezanoni.com.br\/2019\/wp-json\/wp\/v2\/types\/post"}],"author":[{"embeddable":true,"href":"https:\/\/jorgezanoni.com.br\/2019\/wp-json\/wp\/v2\/users\/1"}],"replies":[{"embeddable":true,"href":"https:\/\/jorgezanoni.com.br\/2019\/wp-json\/wp\/v2\/comments?post=1123"}],"version-history":[{"count":0,"href":"https:\/\/jorgezanoni.com.br\/2019\/wp-json\/wp\/v2\/posts\/1123\/revisions"}],"wp:featuredmedia":[{"embeddable":true,"href":"https:\/\/jorgezanoni.com.br\/2019\/wp-json\/wp\/v2\/media\/1124"}],"wp:attachment":[{"href":"https:\/\/jorgezanoni.com.br\/2019\/wp-json\/wp\/v2\/media?parent=1123"}],"wp:term":[{"taxonomy":"category","embeddable":true,"href":"https:\/\/jorgezanoni.com.br\/2019\/wp-json\/wp\/v2\/categories?post=1123"},{"taxonomy":"post_tag","embeddable":true,"href":"https:\/\/jorgezanoni.com.br\/2019\/wp-json\/wp\/v2\/tags?post=1123"}],"curies":[{"name":"wp","href":"https:\/\/api.w.org\/{rel}","templated":true}]}}