{"id":11222,"date":"2019-11-13T12:45:24","date_gmt":"2019-11-13T12:45:24","guid":{"rendered":"https:\/\/jorgezanoni.com.br\/2019\/?p=11222"},"modified":"2019-11-13T12:45:24","modified_gmt":"2019-11-13T12:45:24","slug":"balde-cheio-de-terra-atinge-a-cabeca-de-trabalhador-durante-a-escavacao-de-poco-no-distrito-de-porto-primavera","status":"publish","type":"post","link":"https:\/\/jorgezanoni.com.br\/2019\/balde-cheio-de-terra-atinge-a-cabeca-de-trabalhador-durante-a-escavacao-de-poco-no-distrito-de-porto-primavera\/","title":{"rendered":"Balde cheio de terra atinge a cabe\u00e7a de trabalhador durante a escava\u00e7\u00e3o de po\u00e7o no distrito de Porto Primavera"},"content":{"rendered":"<h2 class=\"content-head__subtitle\" style=\"text-align: justify;\"><strong>V\u00edtima foi socorrida consciente e encaminhada a atendimento m\u00e9dico, com les\u00f5es na regi\u00e3o cervical e um corte de aproximadamente dez cent\u00edmetros na cabe\u00e7a, nesta ter\u00e7a-feira (12).<\/strong><\/h2>\n<div class=\"mc-column content-text active-extra-styles \" data-block-type=\"unstyled\" data-block-weight=\"40\" data-block-id=\"2\">\n<p class=\"content-text__container \" style=\"text-align: justify;\" data-track-category=\"Link no Texto\" data-track-links=\"\">Um homem de 58 anos ficou ferido durante a escava\u00e7\u00e3o de um po\u00e7o para a retirada de \u00e1gua na manh\u00e3 desta ter\u00e7a-feira (12) em uma obra particular em um rancho localizado no Centro do distrito de Porto Primavera, em\u00a0<a href=\"https:\/\/g1.globo.com\/sp\/presidente-prudente-regiao\/cidade\/rosana\/\">Rosana<\/a>.<\/p>\n<\/div>\n<div class=\"wall protected-content\">\n<div class=\"mc-column content-text active-extra-styles \" style=\"text-align: justify;\" data-block-type=\"unstyled\" data-block-weight=\"31\" data-block-id=\"3\">\n<p class=\"content-text__container \" data-track-category=\"Link no Texto\" data-track-links=\"\">De acordo com as informa\u00e7\u00f5es disponibilizadas pelo Corpo de Bombeiros, o homem estava dentro do po\u00e7o, a uma profundidade de 15 metros, onde trabalhava na retirada de terra durante a escava\u00e7\u00e3o.<\/p>\n<\/div>\n<div class=\"mc-column content-text active-extra-styles \" style=\"text-align: justify;\" data-block-type=\"unstyled\" data-block-weight=\"27\" data-block-id=\"4\">\n<p class=\"content-text__container \" data-track-category=\"Link no Texto\" data-track-links=\"\">Ele colocava a terra escavada dentro de um balde de pl\u00e1stico, que estava preso a uma corda e era puxado por uma outra pessoa fora do po\u00e7o.<\/p>\n<\/div>\n<div class=\"mc-column content-text active-extra-styles \" data-block-type=\"unstyled\" data-block-weight=\"28\" data-block-id=\"5\">\n<p class=\"content-text__container \" style=\"text-align: justify;\" data-track-category=\"Link no Texto\" data-track-links=\"\">O acidente ocorreu, ainda segundo os bombeiros, no momento em que se rompeu a al\u00e7a pl\u00e1stica do balde cheio de terra que era puxado para fora do po\u00e7o.<\/p>\n<div class=\"mc-column content-text active-extra-styles \" style=\"text-align: justify;\" data-block-type=\"unstyled\" data-block-weight=\"36\" data-block-id=\"7\">\n<p class=\"content-text__container \" data-track-category=\"Link no Texto\" data-track-links=\"\">O rompimento da al\u00e7a fez com que o balde cheio de terra, com um peso estimado pelos bombeiros em aproximadamente 20 quilos, ca\u00edsse em cima da cabe\u00e7a do homem que trabalhava na escava\u00e7\u00e3o dentro do po\u00e7o.<\/p>\n<\/div>\n<div class=\"mc-column content-text active-extra-styles \" style=\"text-align: justify;\" data-block-type=\"unstyled\" data-block-weight=\"34\" data-block-id=\"8\">\n<p class=\"content-text__container \" data-track-category=\"Link no Texto\" data-track-links=\"\">Segundo os bombeiros, a v\u00edtima foi socorrida consciente e encaminhada ao Hospital Estadual, em Porto Primavera, para receber atendimento m\u00e9dico, com les\u00f5es na regi\u00e3o cervical e um corte de aproximadamente dez cent\u00edmetros na cabe\u00e7a.<\/p>\n<\/div>\n<div class=\"mc-column content-text active-extra-styles \" style=\"text-align: justify;\" data-block-type=\"unstyled\" data-block-weight=\"24\" data-block-id=\"9\">\n<p class=\"content-text__container \" data-track-category=\"Link no Texto\" data-track-links=\"\">Em nota ao\u00a0<strong>G1<\/strong>, o Hospital Estadual de Porto Primavera informou que o paciente em quest\u00e3o deu entrada no pronto-socorro da unidade \u00e0s 10h35.<\/p>\n<\/div>\n<div class=\"mc-column content-text active-extra-styles \" style=\"text-align: justify;\" data-block-type=\"unstyled\" data-block-weight=\"23\" data-block-id=\"10\">\n<p class=\"content-text__container \" data-track-category=\"Link no Texto\" data-track-links=\"\">Na tarde desta ter\u00e7a-feira (12), ainda segundo o hospital, \u201cele se encontra em observa\u00e7\u00e3o e o seu quadro de sa\u00fade \u00e9 considerado est\u00e1vel\u201d.<\/p>\n<\/div>\n<div class=\"mc-column content-text active-extra-styles \" data-block-type=\"unstyled\" data-block-weight=\"16\" data-block-id=\"11\">\n<p class=\"content-text__container \" style=\"text-align: justify;\" data-track-category=\"Link no Texto\" data-track-links=\"\">A Pol\u00edcia Civil registrou o caso como les\u00e3o corporal e ir\u00e1 investigar as circunst\u00e2ncias do ocorrido.<\/p>\n<\/div>\n<div class=\"row medium-uncollapsed content-media content-photo\" data-block-type=\"backstage-photo\" data-block-id=\"12\">\n<div class=\"mc-column content-media__container\">\n<div class=\"progressive-img can-open-lightbox\" data-min-size=\"1008x1344\" data-min-size-url=\"https:\/\/s2.glbimg.com\/ZEVpMn0HaA3LSg0BwFseyNovt8c=\/0x0:780x1040\/1008x0\/smart\/filters:strip_icc()\/i.s3.glbimg.com\/v1\/AUTH_59edd422c0c84a879bd37670ae4f538a\/internal_photos\/bs\/2019\/x\/a\/3djdB1TvWCTWtsL1suaQ\/dcd7d445-f4c0-4adb-be20-95a9e587141c.jpg\" data-max-size=\"1600x2133\" data-max-size-url=\"https:\/\/s2.glbimg.com\/yWRh6v-H5YAFYeEFKZrheYGS6io=\/0x0:780x1040\/1600x0\/smart\/filters:strip_icc()\/i.s3.glbimg.com\/v1\/AUTH_59edd422c0c84a879bd37670ae4f538a\/internal_photos\/bs\/2019\/x\/a\/3djdB1TvWCTWtsL1suaQ\/dcd7d445-f4c0-4adb-be20-95a9e587141c.jpg\" data-media-index=\"1\"><img loading=\"lazy\" decoding=\"async\" class=\"alignnone size-full wp-image-11223\" src=\"https:\/\/jorgezanoni.com.br\/2019\/wp-content\/uploads\/2019\/11\/po\u00e7o1.jpg\" alt=\"\" width=\"1200\" height=\"1600\" srcset=\"https:\/\/jorgezanoni.com.br\/2019\/wp-content\/uploads\/2019\/11\/po\u00e7o1.jpg 1200w, https:\/\/jorgezanoni.com.br\/2019\/wp-content\/uploads\/2019\/11\/po\u00e7o1-225x300.jpg 225w, https:\/\/jorgezanoni.com.br\/2019\/wp-content\/uploads\/2019\/11\/po\u00e7o1-768x1024.jpg 768w, https:\/\/jorgezanoni.com.br\/2019\/wp-content\/uploads\/2019\/11\/po\u00e7o1-696x928.jpg 696w, https:\/\/jorgezanoni.com.br\/2019\/wp-content\/uploads\/2019\/11\/po\u00e7o1-1068x1424.jpg 1068w, https:\/\/jorgezanoni.com.br\/2019\/wp-content\/uploads\/2019\/11\/po\u00e7o1-315x420.jpg 315w\" sizes=\"auto, (max-width: 1200px) 100vw, 1200px\" \/>V\u00edtima trabalhava em po\u00e7o no distrito de Porto Primavera, em Rosana \u2014 Foto: Cedida<\/div>\n<div data-min-size=\"1008x1344\" data-min-size-url=\"https:\/\/s2.glbimg.com\/ZEVpMn0HaA3LSg0BwFseyNovt8c=\/0x0:780x1040\/1008x0\/smart\/filters:strip_icc()\/i.s3.glbimg.com\/v1\/AUTH_59edd422c0c84a879bd37670ae4f538a\/internal_photos\/bs\/2019\/x\/a\/3djdB1TvWCTWtsL1suaQ\/dcd7d445-f4c0-4adb-be20-95a9e587141c.jpg\" data-max-size=\"1600x2133\" data-max-size-url=\"https:\/\/s2.glbimg.com\/yWRh6v-H5YAFYeEFKZrheYGS6io=\/0x0:780x1040\/1600x0\/smart\/filters:strip_icc()\/i.s3.glbimg.com\/v1\/AUTH_59edd422c0c84a879bd37670ae4f538a\/internal_photos\/bs\/2019\/x\/a\/3djdB1TvWCTWtsL1suaQ\/dcd7d445-f4c0-4adb-be20-95a9e587141c.jpg\" data-media-index=\"1\"><\/div>\n<\/div>\n<\/div>\n<\/div>\n<\/div>\n<div data-min-size=\"1008x1344\" data-min-size-url=\"https:\/\/s2.glbimg.com\/ZEVpMn0HaA3LSg0BwFseyNovt8c=\/0x0:780x1040\/1008x0\/smart\/filters:strip_icc()\/i.s3.glbimg.com\/v1\/AUTH_59edd422c0c84a879bd37670ae4f538a\/internal_photos\/bs\/2019\/x\/a\/3djdB1TvWCTWtsL1suaQ\/dcd7d445-f4c0-4adb-be20-95a9e587141c.jpg\" data-max-size=\"1600x2133\" data-max-size-url=\"https:\/\/s2.glbimg.com\/yWRh6v-H5YAFYeEFKZrheYGS6io=\/0x0:780x1040\/1600x0\/smart\/filters:strip_icc()\/i.s3.glbimg.com\/v1\/AUTH_59edd422c0c84a879bd37670ae4f538a\/internal_photos\/bs\/2019\/x\/a\/3djdB1TvWCTWtsL1suaQ\/dcd7d445-f4c0-4adb-be20-95a9e587141c.jpg\" data-media-index=\"1\"><img loading=\"lazy\" decoding=\"async\" class=\"alignnone size-full wp-image-11224\" src=\"https:\/\/jorgezanoni.com.br\/2019\/wp-content\/uploads\/2019\/11\/po\u00e7o2.jpg\" alt=\"\" width=\"1200\" height=\"1600\" srcset=\"https:\/\/jorgezanoni.com.br\/2019\/wp-content\/uploads\/2019\/11\/po\u00e7o2.jpg 1200w, https:\/\/jorgezanoni.com.br\/2019\/wp-content\/uploads\/2019\/11\/po\u00e7o2-225x300.jpg 225w, https:\/\/jorgezanoni.com.br\/2019\/wp-content\/uploads\/2019\/11\/po\u00e7o2-768x1024.jpg 768w, https:\/\/jorgezanoni.com.br\/2019\/wp-content\/uploads\/2019\/11\/po\u00e7o2-696x928.jpg 696w, https:\/\/jorgezanoni.com.br\/2019\/wp-content\/uploads\/2019\/11\/po\u00e7o2-1068x1424.jpg 1068w, https:\/\/jorgezanoni.com.br\/2019\/wp-content\/uploads\/2019\/11\/po\u00e7o2-315x420.jpg 315w\" sizes=\"auto, (max-width: 1200px) 100vw, 1200px\" \/><\/p>\n<div class=\"row medium-uncollapsed content-media content-photo\" data-block-type=\"backstage-photo\" data-block-id=\"14\">\n<div class=\"mc-column content-media__container\">\n<p class=\"content-media__description \">V\u00edtima trabalhava em po\u00e7o no distrito de Porto Primavera, em Rosana \u2014 Foto: Cedida<\/p>\n<\/div>\n<\/div>\n<div class=\"row medium-uncollapsed content-media content-photo\" data-block-type=\"backstage-photo\" data-block-id=\"15\">\n<div class=\"mc-column content-media__container\">\n<div class=\"progressive-img can-open-lightbox\" style=\"text-align: justify;\" data-min-size=\"1008x755\" data-min-size-url=\"https:\/\/s2.glbimg.com\/0RL2m7ARq7uS2gBzeLd1GoI3_j8=\/0x0:1299x974\/1008x0\/smart\/filters:strip_icc()\/i.s3.glbimg.com\/v1\/AUTH_59edd422c0c84a879bd37670ae4f538a\/internal_photos\/bs\/2017\/E\/B\/yD1TZUQgqL9dE2T6wuPw\/hospital-de-porto-primavera-1.jpg\" data-max-size=\"1600x1199\" data-max-size-url=\"https:\/\/s2.glbimg.com\/dpENerXRhC7kb6RHdrJOfD3h0_o=\/0x0:1299x974\/1600x0\/smart\/filters:strip_icc()\/i.s3.glbimg.com\/v1\/AUTH_59edd422c0c84a879bd37670ae4f538a\/internal_photos\/bs\/2017\/E\/B\/yD1TZUQgqL9dE2T6wuPw\/hospital-de-porto-primavera-1.jpg\" data-media-index=\"3\"><img loading=\"lazy\" decoding=\"async\" class=\"alignnone size-full wp-image-11225\" src=\"https:\/\/jorgezanoni.com.br\/2019\/wp-content\/uploads\/2019\/11\/po\u00e7o3.jpg\" alt=\"\" width=\"1200\" height=\"900\" srcset=\"https:\/\/jorgezanoni.com.br\/2019\/wp-content\/uploads\/2019\/11\/po\u00e7o3.jpg 1200w, https:\/\/jorgezanoni.com.br\/2019\/wp-content\/uploads\/2019\/11\/po\u00e7o3-300x225.jpg 300w, https:\/\/jorgezanoni.com.br\/2019\/wp-content\/uploads\/2019\/11\/po\u00e7o3-768x576.jpg 768w, https:\/\/jorgezanoni.com.br\/2019\/wp-content\/uploads\/2019\/11\/po\u00e7o3-1024x768.jpg 1024w, https:\/\/jorgezanoni.com.br\/2019\/wp-content\/uploads\/2019\/11\/po\u00e7o3-80x60.jpg 80w, https:\/\/jorgezanoni.com.br\/2019\/wp-content\/uploads\/2019\/11\/po\u00e7o3-265x198.jpg 265w, https:\/\/jorgezanoni.com.br\/2019\/wp-content\/uploads\/2019\/11\/po\u00e7o3-696x522.jpg 696w, https:\/\/jorgezanoni.com.br\/2019\/wp-content\/uploads\/2019\/11\/po\u00e7o3-1068x801.jpg 1068w, https:\/\/jorgezanoni.com.br\/2019\/wp-content\/uploads\/2019\/11\/po\u00e7o3-560x420.jpg 560w\" sizes=\"auto, (max-width: 1200px) 100vw, 1200px\" \/>V\u00edtima foi hospitalizada \u2014 Foto: Associa\u00e7\u00e3o Lar S\u00e3o Francisco de Assis na Provid\u00eancia de Deus\/Divulga\u00e7\u00e3o<\/div>\n<div data-min-size=\"1008x755\" data-min-size-url=\"https:\/\/s2.glbimg.com\/0RL2m7ARq7uS2gBzeLd1GoI3_j8=\/0x0:1299x974\/1008x0\/smart\/filters:strip_icc()\/i.s3.glbimg.com\/v1\/AUTH_59edd422c0c84a879bd37670ae4f538a\/internal_photos\/bs\/2017\/E\/B\/yD1TZUQgqL9dE2T6wuPw\/hospital-de-porto-primavera-1.jpg\" data-max-size=\"1600x1199\" data-max-size-url=\"https:\/\/s2.glbimg.com\/dpENerXRhC7kb6RHdrJOfD3h0_o=\/0x0:1299x974\/1600x0\/smart\/filters:strip_icc()\/i.s3.glbimg.com\/v1\/AUTH_59edd422c0c84a879bd37670ae4f538a\/internal_photos\/bs\/2017\/E\/B\/yD1TZUQgqL9dE2T6wuPw\/hospital-de-porto-primavera-1.jpg\" data-media-index=\"3\"><\/div>\n<\/div>\n<div data-min-size=\"1008x755\" data-min-size-url=\"https:\/\/s2.glbimg.com\/0RL2m7ARq7uS2gBzeLd1GoI3_j8=\/0x0:1299x974\/1008x0\/smart\/filters:strip_icc()\/i.s3.glbimg.com\/v1\/AUTH_59edd422c0c84a879bd37670ae4f538a\/internal_photos\/bs\/2017\/E\/B\/yD1TZUQgqL9dE2T6wuPw\/hospital-de-porto-primavera-1.jpg\" data-max-size=\"1600x1199\" data-max-size-url=\"https:\/\/s2.glbimg.com\/dpENerXRhC7kb6RHdrJOfD3h0_o=\/0x0:1299x974\/1600x0\/smart\/filters:strip_icc()\/i.s3.glbimg.com\/v1\/AUTH_59edd422c0c84a879bd37670ae4f538a\/internal_photos\/bs\/2017\/E\/B\/yD1TZUQgqL9dE2T6wuPw\/hospital-de-porto-primavera-1.jpg\" data-media-index=\"3\">Fonte: G1<\/div>\n<\/div>\n<\/div>\n<div class=\"wall protected-content\">\n<div class=\"mc-column content-text active-extra-styles \" data-block-type=\"unstyled\" data-block-weight=\"28\" data-block-id=\"5\">\n<div data-min-size=\"1008x1344\" data-min-size-url=\"https:\/\/s2.glbimg.com\/ZEVpMn0HaA3LSg0BwFseyNovt8c=\/0x0:780x1040\/1008x0\/smart\/filters:strip_icc()\/i.s3.glbimg.com\/v1\/AUTH_59edd422c0c84a879bd37670ae4f538a\/internal_photos\/bs\/2019\/x\/a\/3djdB1TvWCTWtsL1suaQ\/dcd7d445-f4c0-4adb-be20-95a9e587141c.jpg\" data-max-size=\"1600x2133\" data-max-size-url=\"https:\/\/s2.glbimg.com\/yWRh6v-H5YAFYeEFKZrheYGS6io=\/0x0:780x1040\/1600x0\/smart\/filters:strip_icc()\/i.s3.glbimg.com\/v1\/AUTH_59edd422c0c84a879bd37670ae4f538a\/internal_photos\/bs\/2019\/x\/a\/3djdB1TvWCTWtsL1suaQ\/dcd7d445-f4c0-4adb-be20-95a9e587141c.jpg\" data-media-index=\"1\"><\/div>\n<\/div>\n<\/div>\n","protected":false},"excerpt":{"rendered":"<p>V\u00edtima foi socorrida consciente e encaminhada a atendimento m\u00e9dico, com les\u00f5es na regi\u00e3o cervical e um corte de aproximadamente dez cent\u00edmetros na cabe\u00e7a, nesta ter\u00e7a-feira (12). Um homem de 58 anos ficou ferido durante a escava\u00e7\u00e3o de um po\u00e7o para a retirada de \u00e1gua na manh\u00e3 desta ter\u00e7a-feira (12) em uma obra particular em um [&hellip;]<\/p>\n","protected":false},"author":1,"featured_media":11226,"comment_status":"closed","ping_status":"open","sticky":false,"template":"","format":"standard","meta":{"footnotes":""},"categories":[170,110],"tags":[],"class_list":["post-11222","post","type-post","status-publish","format-standard","has-post-thumbnail","hentry","category-acidentes","category-noticiasdestaque"],"_links":{"self":[{"href":"https:\/\/jorgezanoni.com.br\/2019\/wp-json\/wp\/v2\/posts\/11222","targetHints":{"allow":["GET"]}}],"collection":[{"href":"https:\/\/jorgezanoni.com.br\/2019\/wp-json\/wp\/v2\/posts"}],"about":[{"href":"https:\/\/jorgezanoni.com.br\/2019\/wp-json\/wp\/v2\/types\/post"}],"author":[{"embeddable":true,"href":"https:\/\/jorgezanoni.com.br\/2019\/wp-json\/wp\/v2\/users\/1"}],"replies":[{"embeddable":true,"href":"https:\/\/jorgezanoni.com.br\/2019\/wp-json\/wp\/v2\/comments?post=11222"}],"version-history":[{"count":0,"href":"https:\/\/jorgezanoni.com.br\/2019\/wp-json\/wp\/v2\/posts\/11222\/revisions"}],"wp:featuredmedia":[{"embeddable":true,"href":"https:\/\/jorgezanoni.com.br\/2019\/wp-json\/wp\/v2\/media\/11226"}],"wp:attachment":[{"href":"https:\/\/jorgezanoni.com.br\/2019\/wp-json\/wp\/v2\/media?parent=11222"}],"wp:term":[{"taxonomy":"category","embeddable":true,"href":"https:\/\/jorgezanoni.com.br\/2019\/wp-json\/wp\/v2\/categories?post=11222"},{"taxonomy":"post_tag","embeddable":true,"href":"https:\/\/jorgezanoni.com.br\/2019\/wp-json\/wp\/v2\/tags?post=11222"}],"curies":[{"name":"wp","href":"https:\/\/api.w.org\/{rel}","templated":true}]}}