{"id":11198,"date":"2019-11-13T11:47:32","date_gmt":"2019-11-13T11:47:32","guid":{"rendered":"https:\/\/jorgezanoni.com.br\/2019\/?p=11198"},"modified":"2019-11-13T11:47:32","modified_gmt":"2019-11-13T11:47:32","slug":"aniversariantes-do-dia-13-11-19","status":"publish","type":"post","link":"https:\/\/jorgezanoni.com.br\/2019\/aniversariantes-do-dia-13-11-19\/","title":{"rendered":"Aniversariantes do Dia 13\/11\/19"},"content":{"rendered":"<p>PARABENIZAMOS OS ANIVERSARIANTES DE HOJE:<\/p>\n<p><img loading=\"lazy\" decoding=\"async\" class=\"alignnone size-full wp-image-11199\" src=\"https:\/\/jorgezanoni.com.br\/2019\/wp-content\/uploads\/2019\/11\/Barbara-Kato.jpg\" alt=\"\" width=\"960\" height=\"960\" srcset=\"https:\/\/jorgezanoni.com.br\/2019\/wp-content\/uploads\/2019\/11\/Barbara-Kato.jpg 960w, https:\/\/jorgezanoni.com.br\/2019\/wp-content\/uploads\/2019\/11\/Barbara-Kato-150x150.jpg 150w, https:\/\/jorgezanoni.com.br\/2019\/wp-content\/uploads\/2019\/11\/Barbara-Kato-300x300.jpg 300w, https:\/\/jorgezanoni.com.br\/2019\/wp-content\/uploads\/2019\/11\/Barbara-Kato-768x768.jpg 768w, https:\/\/jorgezanoni.com.br\/2019\/wp-content\/uploads\/2019\/11\/Barbara-Kato-696x696.jpg 696w, https:\/\/jorgezanoni.com.br\/2019\/wp-content\/uploads\/2019\/11\/Barbara-Kato-420x420.jpg 420w\" sizes=\"auto, (max-width: 960px) 100vw, 960px\" \/><\/p>\n<p>Barbara Kato<\/p>\n<p><img loading=\"lazy\" decoding=\"async\" class=\"alignnone size-full wp-image-11200\" src=\"https:\/\/jorgezanoni.com.br\/2019\/wp-content\/uploads\/2019\/11\/Camila-Belotto.jpg\" alt=\"\" width=\"960\" height=\"959\" srcset=\"https:\/\/jorgezanoni.com.br\/2019\/wp-content\/uploads\/2019\/11\/Camila-Belotto.jpg 960w, https:\/\/jorgezanoni.com.br\/2019\/wp-content\/uploads\/2019\/11\/Camila-Belotto-150x150.jpg 150w, https:\/\/jorgezanoni.com.br\/2019\/wp-content\/uploads\/2019\/11\/Camila-Belotto-300x300.jpg 300w, https:\/\/jorgezanoni.com.br\/2019\/wp-content\/uploads\/2019\/11\/Camila-Belotto-768x767.jpg 768w, https:\/\/jorgezanoni.com.br\/2019\/wp-content\/uploads\/2019\/11\/Camila-Belotto-696x695.jpg 696w, https:\/\/jorgezanoni.com.br\/2019\/wp-content\/uploads\/2019\/11\/Camila-Belotto-420x420.jpg 420w\" sizes=\"auto, (max-width: 960px) 100vw, 960px\" \/><\/p>\n<p>Camila Belotto<\/p>\n<p><img loading=\"lazy\" decoding=\"async\" class=\"alignnone size-full wp-image-11201\" src=\"https:\/\/jorgezanoni.com.br\/2019\/wp-content\/uploads\/2019\/11\/Clodoaldo-Rampazo.jpg\" alt=\"\" width=\"720\" height=\"960\" srcset=\"https:\/\/jorgezanoni.com.br\/2019\/wp-content\/uploads\/2019\/11\/Clodoaldo-Rampazo.jpg 720w, https:\/\/jorgezanoni.com.br\/2019\/wp-content\/uploads\/2019\/11\/Clodoaldo-Rampazo-225x300.jpg 225w, https:\/\/jorgezanoni.com.br\/2019\/wp-content\/uploads\/2019\/11\/Clodoaldo-Rampazo-696x928.jpg 696w, https:\/\/jorgezanoni.com.br\/2019\/wp-content\/uploads\/2019\/11\/Clodoaldo-Rampazo-315x420.jpg 315w\" sizes=\"auto, (max-width: 720px) 100vw, 720px\" \/><\/p>\n<p>Clodoaldo Rampazo<\/p>\n<p><img loading=\"lazy\" decoding=\"async\" class=\"alignnone size-full wp-image-11202\" src=\"https:\/\/jorgezanoni.com.br\/2019\/wp-content\/uploads\/2019\/11\/Cristiane-Vidotti.jpg\" alt=\"\" width=\"720\" height=\"960\" srcset=\"https:\/\/jorgezanoni.com.br\/2019\/wp-content\/uploads\/2019\/11\/Cristiane-Vidotti.jpg 720w, https:\/\/jorgezanoni.com.br\/2019\/wp-content\/uploads\/2019\/11\/Cristiane-Vidotti-225x300.jpg 225w, https:\/\/jorgezanoni.com.br\/2019\/wp-content\/uploads\/2019\/11\/Cristiane-Vidotti-696x928.jpg 696w, https:\/\/jorgezanoni.com.br\/2019\/wp-content\/uploads\/2019\/11\/Cristiane-Vidotti-315x420.jpg 315w\" sizes=\"auto, (max-width: 720px) 100vw, 720px\" \/><\/p>\n<p>Cristiane Vidotti<\/p>\n<p><img loading=\"lazy\" decoding=\"async\" class=\"alignnone size-full wp-image-11203\" src=\"https:\/\/jorgezanoni.com.br\/2019\/wp-content\/uploads\/2019\/11\/\u00c9rica-Celestino-Morari.jpg\" alt=\"\" width=\"953\" height=\"960\" srcset=\"https:\/\/jorgezanoni.com.br\/2019\/wp-content\/uploads\/2019\/11\/\u00c9rica-Celestino-Morari.jpg 953w, https:\/\/jorgezanoni.com.br\/2019\/wp-content\/uploads\/2019\/11\/\u00c9rica-Celestino-Morari-150x150.jpg 150w, https:\/\/jorgezanoni.com.br\/2019\/wp-content\/uploads\/2019\/11\/\u00c9rica-Celestino-Morari-298x300.jpg 298w, https:\/\/jorgezanoni.com.br\/2019\/wp-content\/uploads\/2019\/11\/\u00c9rica-Celestino-Morari-768x774.jpg 768w, https:\/\/jorgezanoni.com.br\/2019\/wp-content\/uploads\/2019\/11\/\u00c9rica-Celestino-Morari-696x701.jpg 696w, https:\/\/jorgezanoni.com.br\/2019\/wp-content\/uploads\/2019\/11\/\u00c9rica-Celestino-Morari-417x420.jpg 417w\" sizes=\"auto, (max-width: 953px) 100vw, 953px\" \/><\/p>\n<p>\u00c9rica Celestino Morari<\/p>\n<p><img loading=\"lazy\" decoding=\"async\" class=\"alignnone size-full wp-image-11204\" src=\"https:\/\/jorgezanoni.com.br\/2019\/wp-content\/uploads\/2019\/11\/Marcia-Bandeira.jpg\" alt=\"\" width=\"960\" height=\"720\" srcset=\"https:\/\/jorgezanoni.com.br\/2019\/wp-content\/uploads\/2019\/11\/Marcia-Bandeira.jpg 960w, https:\/\/jorgezanoni.com.br\/2019\/wp-content\/uploads\/2019\/11\/Marcia-Bandeira-300x225.jpg 300w, https:\/\/jorgezanoni.com.br\/2019\/wp-content\/uploads\/2019\/11\/Marcia-Bandeira-768x576.jpg 768w, https:\/\/jorgezanoni.com.br\/2019\/wp-content\/uploads\/2019\/11\/Marcia-Bandeira-80x60.jpg 80w, https:\/\/jorgezanoni.com.br\/2019\/wp-content\/uploads\/2019\/11\/Marcia-Bandeira-265x198.jpg 265w, https:\/\/jorgezanoni.com.br\/2019\/wp-content\/uploads\/2019\/11\/Marcia-Bandeira-696x522.jpg 696w, https:\/\/jorgezanoni.com.br\/2019\/wp-content\/uploads\/2019\/11\/Marcia-Bandeira-560x420.jpg 560w\" sizes=\"auto, (max-width: 960px) 100vw, 960px\" \/><\/p>\n<p>Marcia Bandeira<\/p>\n<p><img loading=\"lazy\" decoding=\"async\" class=\"alignnone size-full wp-image-11205\" src=\"https:\/\/jorgezanoni.com.br\/2019\/wp-content\/uploads\/2019\/11\/Maria-de-F\u00e1tima-Freitas-da-Palma.jpg\" alt=\"\" width=\"960\" height=\"960\" srcset=\"https:\/\/jorgezanoni.com.br\/2019\/wp-content\/uploads\/2019\/11\/Maria-de-F\u00e1tima-Freitas-da-Palma.jpg 960w, https:\/\/jorgezanoni.com.br\/2019\/wp-content\/uploads\/2019\/11\/Maria-de-F\u00e1tima-Freitas-da-Palma-150x150.jpg 150w, https:\/\/jorgezanoni.com.br\/2019\/wp-content\/uploads\/2019\/11\/Maria-de-F\u00e1tima-Freitas-da-Palma-300x300.jpg 300w, https:\/\/jorgezanoni.com.br\/2019\/wp-content\/uploads\/2019\/11\/Maria-de-F\u00e1tima-Freitas-da-Palma-768x768.jpg 768w, https:\/\/jorgezanoni.com.br\/2019\/wp-content\/uploads\/2019\/11\/Maria-de-F\u00e1tima-Freitas-da-Palma-696x696.jpg 696w, https:\/\/jorgezanoni.com.br\/2019\/wp-content\/uploads\/2019\/11\/Maria-de-F\u00e1tima-Freitas-da-Palma-420x420.jpg 420w\" sizes=\"auto, (max-width: 960px) 100vw, 960px\" \/><\/p>\n<p>Maria de F\u00e1tima Freitas da Palma<\/p>\n<p><img loading=\"lazy\" decoding=\"async\" class=\"alignnone size-full wp-image-11206\" src=\"https:\/\/jorgezanoni.com.br\/2019\/wp-content\/uploads\/2019\/11\/Priscila-Ara\u00fajo.jpg\" alt=\"\" width=\"960\" height=\"957\" srcset=\"https:\/\/jorgezanoni.com.br\/2019\/wp-content\/uploads\/2019\/11\/Priscila-Ara\u00fajo.jpg 960w, https:\/\/jorgezanoni.com.br\/2019\/wp-content\/uploads\/2019\/11\/Priscila-Ara\u00fajo-150x150.jpg 150w, https:\/\/jorgezanoni.com.br\/2019\/wp-content\/uploads\/2019\/11\/Priscila-Ara\u00fajo-300x300.jpg 300w, https:\/\/jorgezanoni.com.br\/2019\/wp-content\/uploads\/2019\/11\/Priscila-Ara\u00fajo-768x766.jpg 768w, https:\/\/jorgezanoni.com.br\/2019\/wp-content\/uploads\/2019\/11\/Priscila-Ara\u00fajo-696x694.jpg 696w, https:\/\/jorgezanoni.com.br\/2019\/wp-content\/uploads\/2019\/11\/Priscila-Ara\u00fajo-421x420.jpg 421w\" sizes=\"auto, (max-width: 960px) 100vw, 960px\" \/><\/p>\n<p>Priscila Ara\u00fajo<\/p>\n<p><img loading=\"lazy\" decoding=\"async\" class=\"alignnone size-full wp-image-11207\" src=\"https:\/\/jorgezanoni.com.br\/2019\/wp-content\/uploads\/2019\/11\/Rildo-Herrera.jpg\" alt=\"\" width=\"719\" height=\"719\" srcset=\"https:\/\/jorgezanoni.com.br\/2019\/wp-content\/uploads\/2019\/11\/Rildo-Herrera.jpg 719w, https:\/\/jorgezanoni.com.br\/2019\/wp-content\/uploads\/2019\/11\/Rildo-Herrera-150x150.jpg 150w, https:\/\/jorgezanoni.com.br\/2019\/wp-content\/uploads\/2019\/11\/Rildo-Herrera-300x300.jpg 300w, https:\/\/jorgezanoni.com.br\/2019\/wp-content\/uploads\/2019\/11\/Rildo-Herrera-696x696.jpg 696w, https:\/\/jorgezanoni.com.br\/2019\/wp-content\/uploads\/2019\/11\/Rildo-Herrera-420x420.jpg 420w\" sizes=\"auto, (max-width: 719px) 100vw, 719px\" \/><\/p>\n<p>Rildo Herrera<\/p>\n<p><img loading=\"lazy\" decoding=\"async\" class=\"alignnone size-full wp-image-11208\" src=\"https:\/\/jorgezanoni.com.br\/2019\/wp-content\/uploads\/2019\/11\/Sandra-Rugani.jpg\" alt=\"\" width=\"600\" height=\"400\" srcset=\"https:\/\/jorgezanoni.com.br\/2019\/wp-content\/uploads\/2019\/11\/Sandra-Rugani.jpg 600w, https:\/\/jorgezanoni.com.br\/2019\/wp-content\/uploads\/2019\/11\/Sandra-Rugani-300x200.jpg 300w\" sizes=\"auto, (max-width: 600px) 100vw, 600px\" \/><\/p>\n<p>Sandra Rugani<\/p>\n<p><img loading=\"lazy\" decoding=\"async\" class=\"alignnone size-full wp-image-11209\" src=\"https:\/\/jorgezanoni.com.br\/2019\/wp-content\/uploads\/2019\/11\/Valci-Souza.jpg\" alt=\"\" width=\"405\" height=\"405\" srcset=\"https:\/\/jorgezanoni.com.br\/2019\/wp-content\/uploads\/2019\/11\/Valci-Souza.jpg 405w, https:\/\/jorgezanoni.com.br\/2019\/wp-content\/uploads\/2019\/11\/Valci-Souza-150x150.jpg 150w, https:\/\/jorgezanoni.com.br\/2019\/wp-content\/uploads\/2019\/11\/Valci-Souza-300x300.jpg 300w\" sizes=\"auto, (max-width: 405px) 100vw, 405px\" \/><\/p>\n<p>Valci Souza<\/p>\n<p><img loading=\"lazy\" decoding=\"async\" class=\"alignnone size-full wp-image-11210\" src=\"https:\/\/jorgezanoni.com.br\/2019\/wp-content\/uploads\/2019\/11\/Viviane-Sacramento.jpg\" alt=\"\" width=\"960\" height=\"960\" srcset=\"https:\/\/jorgezanoni.com.br\/2019\/wp-content\/uploads\/2019\/11\/Viviane-Sacramento.jpg 960w, https:\/\/jorgezanoni.com.br\/2019\/wp-content\/uploads\/2019\/11\/Viviane-Sacramento-150x150.jpg 150w, https:\/\/jorgezanoni.com.br\/2019\/wp-content\/uploads\/2019\/11\/Viviane-Sacramento-300x300.jpg 300w, https:\/\/jorgezanoni.com.br\/2019\/wp-content\/uploads\/2019\/11\/Viviane-Sacramento-768x768.jpg 768w, https:\/\/jorgezanoni.com.br\/2019\/wp-content\/uploads\/2019\/11\/Viviane-Sacramento-696x696.jpg 696w, https:\/\/jorgezanoni.com.br\/2019\/wp-content\/uploads\/2019\/11\/Viviane-Sacramento-420x420.jpg 420w\" sizes=\"auto, (max-width: 960px) 100vw, 960px\" \/><\/p>\n<p>Viviane Sacramento<\/p>\n<p>&nbsp;<\/p>\n","protected":false},"excerpt":{"rendered":"<p>PARABENIZAMOS OS ANIVERSARIANTES DE HOJE: Barbara Kato Camila Belotto Clodoaldo Rampazo Cristiane Vidotti \u00c9rica Celestino Morari Marcia Bandeira Maria de F\u00e1tima Freitas da Palma Priscila Ara\u00fajo Rildo Herrera Sandra Rugani Valci Souza Viviane Sacramento &nbsp;<\/p>\n","protected":false},"author":1,"featured_media":11206,"comment_status":"closed","ping_status":"open","sticky":false,"template":"","format":"standard","meta":{"footnotes":""},"categories":[174],"tags":[],"class_list":["post-11198","post","type-post","status-publish","format-standard","has-post-thumbnail","hentry","category-aniversariantes"],"_links":{"self":[{"href":"https:\/\/jorgezanoni.com.br\/2019\/wp-json\/wp\/v2\/posts\/11198","targetHints":{"allow":["GET"]}}],"collection":[{"href":"https:\/\/jorgezanoni.com.br\/2019\/wp-json\/wp\/v2\/posts"}],"about":[{"href":"https:\/\/jorgezanoni.com.br\/2019\/wp-json\/wp\/v2\/types\/post"}],"author":[{"embeddable":true,"href":"https:\/\/jorgezanoni.com.br\/2019\/wp-json\/wp\/v2\/users\/1"}],"replies":[{"embeddable":true,"href":"https:\/\/jorgezanoni.com.br\/2019\/wp-json\/wp\/v2\/comments?post=11198"}],"version-history":[{"count":0,"href":"https:\/\/jorgezanoni.com.br\/2019\/wp-json\/wp\/v2\/posts\/11198\/revisions"}],"wp:featuredmedia":[{"embeddable":true,"href":"https:\/\/jorgezanoni.com.br\/2019\/wp-json\/wp\/v2\/media\/11206"}],"wp:attachment":[{"href":"https:\/\/jorgezanoni.com.br\/2019\/wp-json\/wp\/v2\/media?parent=11198"}],"wp:term":[{"taxonomy":"category","embeddable":true,"href":"https:\/\/jorgezanoni.com.br\/2019\/wp-json\/wp\/v2\/categories?post=11198"},{"taxonomy":"post_tag","embeddable":true,"href":"https:\/\/jorgezanoni.com.br\/2019\/wp-json\/wp\/v2\/tags?post=11198"}],"curies":[{"name":"wp","href":"https:\/\/api.w.org\/{rel}","templated":true}]}}