{"id":11192,"date":"2019-11-13T10:54:24","date_gmt":"2019-11-13T10:54:24","guid":{"rendered":"https:\/\/jorgezanoni.com.br\/2019\/?p=11192"},"modified":"2019-11-13T10:54:24","modified_gmt":"2019-11-13T10:54:24","slug":"gol-anuncia-novos-voos-para-prudente","status":"publish","type":"post","link":"https:\/\/jorgezanoni.com.br\/2019\/gol-anuncia-novos-voos-para-prudente\/","title":{"rendered":"Gol anuncia novos voos para Prudente"},"content":{"rendered":"<p style=\"text-align: justify;\"><strong>A novidade est\u00e1 na linha de Guarulhos com destino \u00e0 capital do oeste paulista \u00e0s 18h05, e da cidade a Guarulhos \u00e0s 19h45.<\/strong><\/p>\n<p style=\"text-align: justify;\">A partir de 22 de novembro, a Gol Linhas A\u00e9reas Brasileiras incluir\u00e1 em sua malha o terceiro voo di\u00e1rio de S\u00e3o Paulo para Presidente Prudente. Com isso, a empresa ter\u00e1 dois voos di\u00e1rios decolando do Aeroporto de Congonhas e um do Aeroporto Internacional de Guarulhos, que permitir\u00e1 a f\u00e1cil conex\u00e3o dos clientes com os demais destinos operados pela companhia e suas parceiras. A novidade, por sua vez, est\u00e1 no voo de Guarulhos com destino a Prudente \u00e0s 18h05, e da capital do oeste paulista a Guarulhos \u00e0s 19h45.<\/p>\n<p style=\"text-align: justify;\">Segundo o presidente da Aviesp (Associa\u00e7\u00e3o das Ag\u00eancias de Viagens do Interior de S\u00e3o Paulo), Marcos Ant\u00f4nio Carvalho Lucas, no in\u00edcio do ano foi feito um acordo com as empresas a\u00e9reas e o governo do Estado e, como contrapartida dessa redu\u00e7\u00e3o, as companhias teriam que iniciar novos voos, a qual a desonera\u00e7\u00e3o tribut\u00e1ria ser\u00e1 compensada pela amplia\u00e7\u00e3o dos servi\u00e7os oferecidos pelas companhias. \u201cEste novo voo demonstra, por sua vez, a for\u00e7a da regi\u00e3o e a resposta que ela d\u00e1 para o transporte aerovi\u00e1rio. Ent\u00e3o, houve um acordo entre o governo do Estado ao promover incentivos em reduzir custos de impostos e combust\u00edveis de avia\u00e7\u00e3o das companhias a\u00e9reas, em troca da cria\u00e7\u00e3o de novos voos\u201d.<\/p>\n<p style=\"text-align: justify;\"><strong>REDU\u00c7\u00c3O DE ICMS<\/strong><\/p>\n<p style=\"text-align: justify;\"><strong>SOBRE COMBUST\u00cdVEL<\/strong><\/p>\n<p style=\"text-align: justify;\">Conforme anunciou este di\u00e1rio, a Secretaria Estadual de Log\u00edstica e Transportes e a Secretaria Estadual de Turismo publicaram em julho uma resolu\u00e7\u00e3o conjunta que regulamenta o benef\u00edcio da redu\u00e7\u00e3o do ICMS (Imposto Sobre Circula\u00e7\u00e3o de Mercadorias) para as empresas a\u00e9reas. Proposta pelo governo do Estado e j\u00e1 aprovada pela Assembleia Legislativa de S\u00e3o Paulo, a medida prev\u00ea a redu\u00e7\u00e3o do ICMS de 25% para 12% sobre o combust\u00edvel de avia\u00e7\u00e3o. Em nota, o Estado explicou em setembro deste ano, que a contrapartida das companhias a\u00e9reas incluiria a oferta, em at\u00e9 180 dias, de 490 novos voos semanais para 21 Estados e 38 aeroportos, al\u00e9m da cria\u00e7\u00e3o de seis novos destinos dentro de S\u00e3o Paulo, aumentando a oferta de destinos em todo o Brasil.<\/p>\n<p style=\"text-align: justify;\">Segundo o governo, a arrecada\u00e7\u00e3o prevista para 2019 sobre a comercializa\u00e7\u00e3o de querosene a\u00e9reo cair\u00e1 de R$ 627 milh\u00f5es para R$ 422 milh\u00f5es. A estimativa, por sua vez, ser\u00e1 compensada na cria\u00e7\u00e3o de 59 mil empregos gerados nos pr\u00f3ximos 18 meses a partir da desonera\u00e7\u00e3o, com previs\u00e3o de R$ 1,4 bilh\u00e3o em sal\u00e1rios anualmente.<\/p>\n<p style=\"text-align: justify;\"><strong>INTERIOR SOMA\u00a0<\/strong><strong>50%<\/strong><\/p>\n<p style=\"text-align: justify;\"><strong>DO FLUXO TUR\u00cdSTICO<\/strong><\/p>\n<p style=\"text-align: justify;\">Ontem, em visita a Santo Expedito, o coordenador estadual de Turismo, Bruno Ramos, destacou que entre as novidades da Secretaria de Turismo do Estado, est\u00e3o as a\u00e7\u00f5es para fomentar o turismo n\u00e3o s\u00f3 na capital, mas tamb\u00e9m em todo o interior, que hoje representa 50% do fluxo tur\u00edstico do Estado. \u201cN\u00f3s sabemos que o Estado de S\u00e3o Paulo j\u00e1 conta com as principais rodovias, por\u00e9m, ainda temos dificuldade em conectividade a\u00e9rea, e o turista busca cada vez mais agilidade em se deslocar para os lugares\u201d.<\/p>\n<p style=\"text-align: justify;\">Para que essas a\u00e7\u00f5es sejam promovidas, Bruno Ramos confirma que o governo vem trabalhando junto \u00e0s companhias a\u00e9reas e as pastas de Log\u00edstica e Transportes, para melhorar a infraestrutura aerovi\u00e1ria dos munic\u00edpios. Ent\u00e3o, a ideia, segundo ele, \u00e9 que daqui a alguns meses, as companhias a\u00e9reas regulares possam trazer mais voos para a regi\u00e3o, e fomentar, consequentemente, o fluxo tur\u00edstico regional n\u00e3o s\u00f3 rodovi\u00e1rio, mas tamb\u00e9m nos aeroportos.<\/p>\n<p style=\"text-align: justify;\"><img decoding=\"async\" src=\"http:\/\/imparcial.com.br\/images\/galeria\/1573598804.png\" \/><\/p>\n<p>Fonte: http:\/\/www.imparcial.com.br\/noticias\/gol-anuncia-novos-voos-para-prudente<\/p>\n","protected":false},"excerpt":{"rendered":"<p>A novidade est\u00e1 na linha de Guarulhos com destino \u00e0 capital do oeste paulista \u00e0s 18h05, e da cidade a Guarulhos \u00e0s 19h45. A partir de 22 de novembro, a Gol Linhas A\u00e9reas Brasileiras incluir\u00e1 em sua malha o terceiro voo di\u00e1rio de S\u00e3o Paulo para Presidente Prudente. Com isso, a empresa ter\u00e1 dois voos [&hellip;]<\/p>\n","protected":false},"author":1,"featured_media":11193,"comment_status":"closed","ping_status":"open","sticky":false,"template":"","format":"standard","meta":{"footnotes":""},"categories":[114,110],"tags":[],"class_list":["post-11192","post","type-post","status-publish","format-standard","has-post-thumbnail","hentry","category-geralecomercio","category-noticiasdestaque"],"_links":{"self":[{"href":"https:\/\/jorgezanoni.com.br\/2019\/wp-json\/wp\/v2\/posts\/11192","targetHints":{"allow":["GET"]}}],"collection":[{"href":"https:\/\/jorgezanoni.com.br\/2019\/wp-json\/wp\/v2\/posts"}],"about":[{"href":"https:\/\/jorgezanoni.com.br\/2019\/wp-json\/wp\/v2\/types\/post"}],"author":[{"embeddable":true,"href":"https:\/\/jorgezanoni.com.br\/2019\/wp-json\/wp\/v2\/users\/1"}],"replies":[{"embeddable":true,"href":"https:\/\/jorgezanoni.com.br\/2019\/wp-json\/wp\/v2\/comments?post=11192"}],"version-history":[{"count":0,"href":"https:\/\/jorgezanoni.com.br\/2019\/wp-json\/wp\/v2\/posts\/11192\/revisions"}],"wp:featuredmedia":[{"embeddable":true,"href":"https:\/\/jorgezanoni.com.br\/2019\/wp-json\/wp\/v2\/media\/11193"}],"wp:attachment":[{"href":"https:\/\/jorgezanoni.com.br\/2019\/wp-json\/wp\/v2\/media?parent=11192"}],"wp:term":[{"taxonomy":"category","embeddable":true,"href":"https:\/\/jorgezanoni.com.br\/2019\/wp-json\/wp\/v2\/categories?post=11192"},{"taxonomy":"post_tag","embeddable":true,"href":"https:\/\/jorgezanoni.com.br\/2019\/wp-json\/wp\/v2\/tags?post=11192"}],"curies":[{"name":"wp","href":"https:\/\/api.w.org\/{rel}","templated":true}]}}