{"id":11188,"date":"2019-11-13T01:13:42","date_gmt":"2019-11-13T01:13:42","guid":{"rendered":"https:\/\/jorgezanoni.com.br\/2019\/?p=11188"},"modified":"2019-11-13T01:13:42","modified_gmt":"2019-11-13T01:13:42","slug":"placa-pertencente-a-prefeitura-que-esta-encostada-em-parede-pode-causar-acidente","status":"publish","type":"post","link":"https:\/\/jorgezanoni.com.br\/2019\/placa-pertencente-a-prefeitura-que-esta-encostada-em-parede-pode-causar-acidente\/","title":{"rendered":"Placa pertencente a Prefeitura que est\u00e1 encostada em parede pode causar acidente"},"content":{"rendered":"<p style=\"text-align: justify;\">Uma placa pertencente a Prefeitura Municipal de Dracena, est\u00e1 encostada na parede de um estabelecimento comercial no centro da cidade h\u00e1 pelo menos dois meses.<\/p>\n<p style=\"text-align: justify;\">A preocupa\u00e7\u00e3o da pessoa que enviou imagens para o Site JZ, \u00e9 que o local \u00e9 bastante movimentado e a tal placa venha a cair em cima de algu\u00e9m e machucar. At\u00e9 um vento pode derrubar.<\/p>\n<p style=\"text-align: justify;\">Seria muito mais f\u00e1cil algu\u00e9m da Secretaria competente passar pelo local e fazer o recolhimento. Est\u00e1 na esquina da avenida Presidente Roosevelt com rua Tiradentes.<\/p>\n<p><img loading=\"lazy\" decoding=\"async\" class=\"alignnone size-full wp-image-11189\" src=\"https:\/\/jorgezanoni.com.br\/2019\/wp-content\/uploads\/2019\/11\/placa.jpg\" alt=\"\" width=\"774\" height=\"1032\" srcset=\"https:\/\/jorgezanoni.com.br\/2019\/wp-content\/uploads\/2019\/11\/placa.jpg 774w, https:\/\/jorgezanoni.com.br\/2019\/wp-content\/uploads\/2019\/11\/placa-225x300.jpg 225w, https:\/\/jorgezanoni.com.br\/2019\/wp-content\/uploads\/2019\/11\/placa-768x1024.jpg 768w, https:\/\/jorgezanoni.com.br\/2019\/wp-content\/uploads\/2019\/11\/placa-696x928.jpg 696w, https:\/\/jorgezanoni.com.br\/2019\/wp-content\/uploads\/2019\/11\/placa-315x420.jpg 315w\" sizes=\"auto, (max-width: 774px) 100vw, 774px\" \/><\/p>\n<p style=\"text-align: justify;\">Jorge Zanoni<\/p>\n<p style=\"text-align: justify;\">Foto de Internauta<\/p>\n","protected":false},"excerpt":{"rendered":"<p>Uma placa pertencente a Prefeitura Municipal de Dracena, est\u00e1 encostada na parede de um estabelecimento comercial no centro da cidade h\u00e1 pelo menos dois meses. A preocupa\u00e7\u00e3o da pessoa que enviou imagens para o Site JZ, \u00e9 que o local \u00e9 bastante movimentado e a tal placa venha a cair em cima de algu\u00e9m e [&hellip;]<\/p>\n","protected":false},"author":1,"featured_media":11190,"comment_status":"closed","ping_status":"open","sticky":false,"template":"","format":"standard","meta":{"footnotes":""},"categories":[179,184,110],"tags":[],"class_list":["post-11188","post","type-post","status-publish","format-standard","has-post-thumbnail","hentry","category-cidadeseregiao","category-dracena","category-noticiasdestaque"],"_links":{"self":[{"href":"https:\/\/jorgezanoni.com.br\/2019\/wp-json\/wp\/v2\/posts\/11188","targetHints":{"allow":["GET"]}}],"collection":[{"href":"https:\/\/jorgezanoni.com.br\/2019\/wp-json\/wp\/v2\/posts"}],"about":[{"href":"https:\/\/jorgezanoni.com.br\/2019\/wp-json\/wp\/v2\/types\/post"}],"author":[{"embeddable":true,"href":"https:\/\/jorgezanoni.com.br\/2019\/wp-json\/wp\/v2\/users\/1"}],"replies":[{"embeddable":true,"href":"https:\/\/jorgezanoni.com.br\/2019\/wp-json\/wp\/v2\/comments?post=11188"}],"version-history":[{"count":0,"href":"https:\/\/jorgezanoni.com.br\/2019\/wp-json\/wp\/v2\/posts\/11188\/revisions"}],"wp:featuredmedia":[{"embeddable":true,"href":"https:\/\/jorgezanoni.com.br\/2019\/wp-json\/wp\/v2\/media\/11190"}],"wp:attachment":[{"href":"https:\/\/jorgezanoni.com.br\/2019\/wp-json\/wp\/v2\/media?parent=11188"}],"wp:term":[{"taxonomy":"category","embeddable":true,"href":"https:\/\/jorgezanoni.com.br\/2019\/wp-json\/wp\/v2\/categories?post=11188"},{"taxonomy":"post_tag","embeddable":true,"href":"https:\/\/jorgezanoni.com.br\/2019\/wp-json\/wp\/v2\/tags?post=11188"}],"curies":[{"name":"wp","href":"https:\/\/api.w.org\/{rel}","templated":true}]}}