{"id":11180,"date":"2019-11-13T00:40:44","date_gmt":"2019-11-13T00:40:44","guid":{"rendered":"https:\/\/jorgezanoni.com.br\/2019\/?p=11180"},"modified":"2019-11-13T00:40:44","modified_gmt":"2019-11-13T00:40:44","slug":"video-mostra-momento-em-que-agente-penitenciario-e-feito-refem-no-parana","status":"publish","type":"post","link":"https:\/\/jorgezanoni.com.br\/2019\/video-mostra-momento-em-que-agente-penitenciario-e-feito-refem-no-parana\/","title":{"rendered":"V\u00eddeo mostra momento em que agente penitenci\u00e1rio \u00e9 feito ref\u00e9m no Paran\u00e1"},"content":{"rendered":"<h2 class=\"subtitle\" style=\"text-align: justify;\"><strong>Agente ficou mantido ref\u00e9m por aproximadamente 24 horas.<\/strong><\/h2>\n<p><iframe loading=\"lazy\" title=\"Agente Penitenci\u00e1rio feito ref\u00e9m no Paran\u00e1\" width=\"696\" height=\"392\" src=\"https:\/\/www.youtube.com\/embed\/DhVUdUhzF2k?feature=oembed\" frameborder=\"0\" allow=\"accelerometer; autoplay; encrypted-media; gyroscope; picture-in-picture\" allowfullscreen><\/iframe><\/p>\n<p style=\"text-align: justify;\">Um\u00a0v\u00eddeo, gravado pelas c\u00e2meras internas da\u00a0Casa de Cust\u00f3dia de Piraquara, na Regi\u00e3o Metropolitana de Curitiba, mostra um agente de cadeia foi\u00a0feito\u00a0ref\u00e9m\u00a0por tr\u00eas presos no Paran\u00e1. O caso aconteceu na semana passada e o\u00a0homem foi libertado ap\u00f3s ficar quase 24 horas na cela.<\/p>\n<p style=\"text-align: justify;\">De acordo com o Depen (Departamento Penitenci\u00e1rio do Paran\u00e1), o homem ficou \u00e0 merc\u00ea dos detentos desde \u00e0s 14h da segunda-feira (4) at\u00e9 \u00e0s 13h45 da ter\u00e7a (5).<\/p>\n<p style=\"text-align: justify;\">O v\u00eddeo mostra que os presos tornaram o agente ref\u00e9m no momento da inspe\u00e7\u00e3o da cela. Outro agente no local disparou contra os detentos, mas n\u00e3o evitou a a\u00e7\u00e3o.<\/p>\n<p style=\"text-align: justify;\">O Sindarspen (Sindicato\u00a0dos Agentes Penitenci\u00e1rios do Paran\u00e1) alega que as imagens ratificam o que vem afirmando desde 2016: a falta de servidores inibe um trabalho seguro dentro das unidades prisionais no Paran\u00e1.<\/p>\n<p style=\"text-align: justify;\">Al\u00e9m disso, o sindicato tamb\u00e9m declara que existe a necessidade de contrata\u00e7\u00e3o imediata de 4.300 agentes e de mais 2.100 para trabalharem nas\u00a0unidades previstas para serem inauguradas pelo governo no estado, conforme um dimensionamento feito pelo pr\u00f3prio Depen.<\/p>\n<h3 style=\"text-align: justify;\"><strong>Sindicato alega falta de servidores<\/strong><\/h3>\n<p style=\"text-align: justify;\">Segundo o Sindarspen, os agentes penitenci\u00e1rios e agentes de cadeia que trabalham nas 33 pris\u00f5es do Depen n\u00e3o cumprem as determina\u00e7\u00f5es de seguran\u00e7a impostas pelo pr\u00f3prio Departamento Penitenci\u00e1rio.<\/p>\n<p style=\"text-align: justify;\">\u201cO Caderno de Seguran\u00e7a do Departamento determina que uma cela s\u00f3 seja aberta quando houver agentes em quantidade maior que de presos. Se fosse cumprida rigorosamente essa exig\u00eancia (\u2026), seriam cessadas as movimenta\u00e7\u00f5es de presos em todas as unidades penais do Paran\u00e1. N\u00e3o haveria mais banho de sol, atendimentos m\u00e9dico, social e jur\u00eddico, nem atividades de trabalho e estudo nos pres\u00eddios paranaenses\u201d, afirma o sindicato, em nota.<\/p>\n<p style=\"text-align: justify;\">Por fim, vale ressaltar que a CCP (Casa de Cust\u00f3dia de Piraquara) abriga\u00a01.600 presos, mas apenas 25 agentes de cadeia trabalham no local.<\/p>\n<p><img loading=\"lazy\" decoding=\"async\" class=\"alignnone size-full wp-image-11181\" src=\"https:\/\/jorgezanoni.com.br\/2019\/wp-content\/uploads\/2019\/11\/agente1.jpg\" alt=\"\" width=\"659\" height=\"462\" srcset=\"https:\/\/jorgezanoni.com.br\/2019\/wp-content\/uploads\/2019\/11\/agente1.jpg 659w, https:\/\/jorgezanoni.com.br\/2019\/wp-content\/uploads\/2019\/11\/agente1-300x210.jpg 300w, https:\/\/jorgezanoni.com.br\/2019\/wp-content\/uploads\/2019\/11\/agente1-100x70.jpg 100w, https:\/\/jorgezanoni.com.br\/2019\/wp-content\/uploads\/2019\/11\/agente1-599x420.jpg 599w\" sizes=\"auto, (max-width: 659px) 100vw, 659px\" \/><\/p>\n<figure class=\"wp-block-image\" style=\"text-align: justify;\"><figcaption>Casa de Cust\u00f3dia de Piraquara \u2013 Divulga\u00e7\u00e3o\/Conselho da comunidade de Curitiba<\/figcaption><\/figure>\n<h3 style=\"text-align: justify;\"><strong>Leia a \u00edntegra da nota do Sindarspen:<\/strong><\/h3>\n<p style=\"text-align: justify;\"><em>O Sindicato dos Agentes Penitenci\u00e1rios do Paran\u00e1 tamb\u00e9m recebeu o v\u00eddeo que est\u00e1 circulando nas redes sociais, do momento em que um agente de cadeia \u00e9 feito ref\u00e9m na Casa de Cust\u00f3dia de Piraquara.<\/em><\/p>\n<p style=\"text-align: justify;\"><em>As imagens ratificam aquilo que o SINDARSPEN vem alertando: n\u00e3o h\u00e1 servidores em quantidade que permitam um trabalho seguro dentro das unidades penais do Paran\u00e1.<\/em><\/p>\n<p style=\"text-align: justify;\"><em>H\u00e1 alguns anos, os trabalhadores penitenci\u00e1rios n\u00e3o conseguem atuar dentro dos protocolos de seguran\u00e7a exigidos pelo pr\u00f3prio DEPEN porque n\u00e3o h\u00e1 efetivo para isso. Para se ter uma ideia, o Caderno de Seguran\u00e7a do Departamento determina que uma cela s\u00f3 seja aberta quando houver agentes em quantidade maior que de presos. Levando em conta o baix\u00edssimo n\u00famero de servidores, se fosse cumprida rigorosamente essa exig\u00eancia, seriam cessadas as movimenta\u00e7\u00f5es de presos em todas as unidades penais do Paran\u00e1. N\u00e3o haveria mais banho de sol, atendimentos m\u00e9dico, social e jur\u00eddico, nem atividades de trabalho e estudo nos pres\u00eddios paranaenses.<\/em><\/p>\n<p style=\"text-align: justify;\"><em>Ou seja, os agentes penitenci\u00e1rios e agentes de cadeia que atuam hoje nas 33 unidades do DEPEN trabalham sem conseguir cumprir as determina\u00e7\u00f5es de seguran\u00e7a impostas pelo pr\u00f3prio Departamento.<\/em><\/p>\n<p style=\"text-align: justify;\"><em>Essa situa\u00e7\u00e3o vem sendo alertada pelo SINDARSPEN desde 2016, quando o Governo do Estado cessou a convoca\u00e7\u00e3o dos aprovados no \u00faltimo concurso para agente penitenci\u00e1rio, realizado em 2013, com vig\u00eancia at\u00e9 julho de julho de 2017. Protestos, paralisa\u00e7\u00f5es, passeatas, den\u00fancias \u00e0 imprensa, in\u00fameras reuni\u00f5es, todo o poss\u00edvel vem sendo feito para que o Estado realize concurso p\u00fablico para a \u00e1rea. Assim como Beto Richa e Cida Borguetthi, Carlos Massa Junior disse que faria, mas estamos chegando ao final de 2019 e nada.<\/em><\/p>\n<p style=\"text-align: justify;\"><em>Para atender a demanda da seguran\u00e7a p\u00fablica do estado, h\u00e1 a necessidade de contrata\u00e7\u00e3o imediata de 4.300 agentes e de mais 2.100 para trabalharem nas unidades previstas para serem inauguradas pelo governo, conforme dimensionamento feito pelo pr\u00f3prio DEPEN.<\/em><\/p>\n<p style=\"text-align: justify;\">Fonte: Reda\u00e7\u00e3o Tem com Portal Paran\u00e1<\/p>\n<p style=\"text-align: justify;\">\n","protected":false},"excerpt":{"rendered":"<p>Agente ficou mantido ref\u00e9m por aproximadamente 24 horas. Um\u00a0v\u00eddeo, gravado pelas c\u00e2meras internas da\u00a0Casa de Cust\u00f3dia de Piraquara, na Regi\u00e3o Metropolitana de Curitiba, mostra um agente de cadeia foi\u00a0feito\u00a0ref\u00e9m\u00a0por tr\u00eas presos no Paran\u00e1. O caso aconteceu na semana passada e o\u00a0homem foi libertado ap\u00f3s ficar quase 24 horas na cela. De acordo com o Depen [&hellip;]<\/p>\n","protected":false},"author":1,"featured_media":11182,"comment_status":"closed","ping_status":"open","sticky":false,"template":"","format":"video","meta":{"footnotes":""},"categories":[169],"tags":[],"class_list":["post-11180","post","type-post","status-publish","format-video","has-post-thumbnail","hentry","category-videos","post_format-post-format-video"],"_links":{"self":[{"href":"https:\/\/jorgezanoni.com.br\/2019\/wp-json\/wp\/v2\/posts\/11180","targetHints":{"allow":["GET"]}}],"collection":[{"href":"https:\/\/jorgezanoni.com.br\/2019\/wp-json\/wp\/v2\/posts"}],"about":[{"href":"https:\/\/jorgezanoni.com.br\/2019\/wp-json\/wp\/v2\/types\/post"}],"author":[{"embeddable":true,"href":"https:\/\/jorgezanoni.com.br\/2019\/wp-json\/wp\/v2\/users\/1"}],"replies":[{"embeddable":true,"href":"https:\/\/jorgezanoni.com.br\/2019\/wp-json\/wp\/v2\/comments?post=11180"}],"version-history":[{"count":0,"href":"https:\/\/jorgezanoni.com.br\/2019\/wp-json\/wp\/v2\/posts\/11180\/revisions"}],"wp:featuredmedia":[{"embeddable":true,"href":"https:\/\/jorgezanoni.com.br\/2019\/wp-json\/wp\/v2\/media\/11182"}],"wp:attachment":[{"href":"https:\/\/jorgezanoni.com.br\/2019\/wp-json\/wp\/v2\/media?parent=11180"}],"wp:term":[{"taxonomy":"category","embeddable":true,"href":"https:\/\/jorgezanoni.com.br\/2019\/wp-json\/wp\/v2\/categories?post=11180"},{"taxonomy":"post_tag","embeddable":true,"href":"https:\/\/jorgezanoni.com.br\/2019\/wp-json\/wp\/v2\/tags?post=11180"}],"curies":[{"name":"wp","href":"https:\/\/api.w.org\/{rel}","templated":true}]}}