{"id":1117,"date":"2019-07-20T00:03:15","date_gmt":"2019-07-20T00:03:15","guid":{"rendered":"http:\/\/jorgezanoni.com.br\/2019\/?p=1117"},"modified":"2019-07-20T00:03:15","modified_gmt":"2019-07-20T00:03:15","slug":"veja-o-que-compete-a-secretaria-de-habitacao-de-dracena","status":"publish","type":"post","link":"https:\/\/jorgezanoni.com.br\/2019\/veja-o-que-compete-a-secretaria-de-habitacao-de-dracena\/","title":{"rendered":"Veja o que compete a Secretaria de Habita\u00e7\u00e3o de Dracena"},"content":{"rendered":"<p><b><strong>SECRETARIA DE INFRAESTRUTURA, HABITA\u00c7\u00c3O E ASSUNTOS VI\u00c1RIOS.<\/strong><\/b><\/p>\n<p>\u00c0 Secretaria Municipal de Infraestrutura, Habita\u00e7\u00e3o e Assuntos Vi\u00e1rios,\u00a0compete realizar as atribui\u00e7\u00f5es de car\u00e1ter pol\u00edtico vinculadas \u00e0 Secretaria, coordenar a elabora\u00e7\u00e3o e implanta\u00e7\u00e3o de normas sobre a guarda, distribui\u00e7\u00e3o, conserva\u00e7\u00e3o e abastecimento da frota de ve\u00edculos de transporte da Prefeitura, bem como seu efetivo controle; aconselhar tecnicamente obras de infraestrutura e aquisi\u00e7\u00e3o de equipamentos urbanos compat\u00edveis com a situa\u00e7\u00e3o do Munic\u00edpio; coordenar e cooperar em programas que visem a melhora nas condi\u00e7\u00f5es de seguran\u00e7a p\u00fablica, em colabora\u00e7\u00e3o com outras esferas de governo; coordenar a elabora\u00e7\u00e3o de projetos de obras p\u00fablicas e dos respectivos or\u00e7amentos; coordenar o acompanhamento e a fiscaliza\u00e7\u00e3o das obras p\u00fablicas contratadas de terceiros; coordenar a execu\u00e7\u00e3o, o acompanhamento, a supervis\u00e3o, o recebimento e entrega de obras p\u00fablicas; coordenar os servi\u00e7os de amplia\u00e7\u00e3o, aquisi\u00e7\u00e3o de novas \u00e1reas, divis\u00e3o de lotes, demarca\u00e7\u00e3o, coordenar os servi\u00e7os administrativos, coordenar a proposi\u00e7\u00e3o de projetos referentes a estrutura vi\u00e1ria do Munic\u00edpio; organizar o sistema de tr\u00e2nsito e tr\u00e1fego urbano, em colabora\u00e7\u00e3o com os \u00f3rg\u00e3os competentes do Estado; coordenar a fiscaliza\u00e7\u00e3o de posturas em geral e de pol\u00edtica administrativa a cargo do Munic\u00edpio, n\u00e3o atribu\u00eddas especificamente a outros \u00f3rg\u00e3os da Administra\u00e7\u00e3o; coordenar o cumprimento e fazer cumprir a legisla\u00e7\u00e3o e as normas de tr\u00e2nsito, no \u00e2mbito municipal; coordenar o planejamento, projetos, regulamenta\u00e7\u00e3o e opera\u00e7\u00e3o do tr\u00e2nsito de ve\u00edculos, pedestres, animais e coordenar a promo\u00e7\u00e3o do desenvolvimento da circula\u00e7\u00e3o e da seguran\u00e7a de ciclistas; coordenar a implanta\u00e7\u00e3o, manuten\u00e7\u00e3o e opera\u00e7\u00e3o do sistema de sinaliza\u00e7\u00e3o, dos dispositivos e dos equipamentos de controle vi\u00e1rio; coordenar a coleta de dados estat\u00edsticos e elabora\u00e7\u00e3o de estudos sobre os acidentes de tr\u00e2nsito e suas causas; estabelecer, em conjunto com os \u00f3rg\u00e3os de pol\u00edcia ostensiva de tr\u00e2nsito, as diretrizes para o policiamento ostensivo de tr\u00e2nsito; elaborar conv\u00eanios e contratos, com pessoas jur\u00eddicas de direito p\u00fablico ou privado, visando a consecu\u00e7\u00e3o dos objetivos e finalidades propostos; a coordena\u00e7\u00e3o da conserva\u00e7\u00e3o e manuten\u00e7\u00e3o das obras municipais de qualquer esp\u00e9cie, conservar e manter ruas, estradas, logradouros p\u00fablicos,\u00a0inclusive, a ilumina\u00e7\u00e3o p\u00fablica, servi\u00e7os de esgoto e saneamento e asfaltamento de estradas vicinais; controlar o sistema de transportes e o complexo da oficina da municipalidade; controlar o parque de m\u00e1quinas e caminh\u00f5es, e administrar e coordenar a manuten\u00e7\u00e3o, bem como disciplinar as a\u00e7\u00f5es do terminal rodovi\u00e1rio e do cemit\u00e9rio;coordenar, implantar e implementar as politicas de desenvolvimento habitacional, analisar e avaliar os conv\u00eanios e programas firmados com os governos estatual e federal que propiciem o desenvolvimento, aperfei\u00e7oamento e crescimento da habita\u00e7\u00e3o.<\/p>\n<p>Secret\u00e1rio:<br \/>\n<b><strong>Toshio Yrihoshi<\/strong><\/b><\/p>\n<p>Departamentos Vinculados<\/p>\n<p>Departamento de\u00a0Infraestrutura;\u00a0Departamento de Arquitetura e Urbanismo; Departamento de Assuntos Vi\u00e1rios; Departamento de Engenharia; Departamento de Manuten\u00e7\u00e3o e Controle de Frotas;\u00a0Departamento de Habita\u00e7\u00e3o;\u00a0Coordenadoria de Infraestrutura; Chefia de\u00a0Manuten\u00e7\u00e3o; Chefia de Assuntos Vi\u00e1rios.<\/p>\n<p>Dados de Contato<\/p>\n<p><b><strong>Telefone:<\/strong><\/b>\u00a0(18) 3822-4296<\/p>\n<p><b><strong>E-mail:<\/strong><\/b>\u00a0tyrihoshi@dracena.sp.gov.br<\/p>\n<p><b><strong>Endere\u00e7o:<\/strong><\/b>\u00a0Av. Alcides Chacon Couto, s\/n\u00ba &#8211; Fapidra<\/p>\n<p><b><strong>Atendimento ao p\u00fablico:<\/strong><\/b>\u00a07h \u00e0s 11h das 13h \u00e0s 17h<\/p>\n<p>Imagem Ilustrativa<\/p>\n","protected":false},"excerpt":{"rendered":"<p>SECRETARIA DE INFRAESTRUTURA, HABITA\u00c7\u00c3O E ASSUNTOS VI\u00c1RIOS. \u00c0 Secretaria Municipal de Infraestrutura, Habita\u00e7\u00e3o e Assuntos Vi\u00e1rios,\u00a0compete realizar as atribui\u00e7\u00f5es de car\u00e1ter pol\u00edtico vinculadas \u00e0 Secretaria, coordenar a elabora\u00e7\u00e3o e implanta\u00e7\u00e3o de normas sobre a guarda, distribui\u00e7\u00e3o, conserva\u00e7\u00e3o e abastecimento da frota de ve\u00edculos de transporte da Prefeitura, bem como seu efetivo controle; aconselhar tecnicamente obras [&hellip;]<\/p>\n","protected":false},"author":1,"featured_media":1118,"comment_status":"open","ping_status":"open","sticky":false,"template":"","format":"standard","meta":{"footnotes":""},"categories":[1],"tags":[],"class_list":["post-1117","post","type-post","status-publish","format-standard","has-post-thumbnail","hentry","category-uncategorized"],"_links":{"self":[{"href":"https:\/\/jorgezanoni.com.br\/2019\/wp-json\/wp\/v2\/posts\/1117","targetHints":{"allow":["GET"]}}],"collection":[{"href":"https:\/\/jorgezanoni.com.br\/2019\/wp-json\/wp\/v2\/posts"}],"about":[{"href":"https:\/\/jorgezanoni.com.br\/2019\/wp-json\/wp\/v2\/types\/post"}],"author":[{"embeddable":true,"href":"https:\/\/jorgezanoni.com.br\/2019\/wp-json\/wp\/v2\/users\/1"}],"replies":[{"embeddable":true,"href":"https:\/\/jorgezanoni.com.br\/2019\/wp-json\/wp\/v2\/comments?post=1117"}],"version-history":[{"count":0,"href":"https:\/\/jorgezanoni.com.br\/2019\/wp-json\/wp\/v2\/posts\/1117\/revisions"}],"wp:featuredmedia":[{"embeddable":true,"href":"https:\/\/jorgezanoni.com.br\/2019\/wp-json\/wp\/v2\/media\/1118"}],"wp:attachment":[{"href":"https:\/\/jorgezanoni.com.br\/2019\/wp-json\/wp\/v2\/media?parent=1117"}],"wp:term":[{"taxonomy":"category","embeddable":true,"href":"https:\/\/jorgezanoni.com.br\/2019\/wp-json\/wp\/v2\/categories?post=1117"},{"taxonomy":"post_tag","embeddable":true,"href":"https:\/\/jorgezanoni.com.br\/2019\/wp-json\/wp\/v2\/tags?post=1117"}],"curies":[{"name":"wp","href":"https:\/\/api.w.org\/{rel}","templated":true}]}}