{"id":11103,"date":"2019-11-12T11:42:51","date_gmt":"2019-11-12T11:42:51","guid":{"rendered":"https:\/\/jorgezanoni.com.br\/2019\/?p=11103"},"modified":"2019-11-12T11:43:57","modified_gmt":"2019-11-12T11:43:57","slug":"contas-do-ex-prefeito-pedretti-sao-aprovadas-pela-camara-municipal","status":"publish","type":"post","link":"https:\/\/jorgezanoni.com.br\/2019\/contas-do-ex-prefeito-pedretti-sao-aprovadas-pela-camara-municipal\/","title":{"rendered":"Contas do ex-prefeito Pedretti s\u00e3o aprovadas pela C\u00e2mara Municipal"},"content":{"rendered":"<p style=\"text-align: justify;\"><strong>As contas referentes ao exerc\u00edcio de 2016 foram aprovadas por unanimidade.<\/strong><\/p>\n<p style=\"text-align: justify;\">A C\u00e2mara Municipal de Dracena aprovou ontem (11), por unanimidade, as \u00faltimas contas do ex-prefeito Jos\u00e9 Antonio Pedretti, referentes ao exerc\u00edcio do ano de 2016, conforme parecer favor\u00e1vel do Tribunal de Contas do Estado de S\u00e3o Paulo (TCE\/SP).<\/p>\n<p style=\"text-align: justify;\">No TCE\/SP, a defesa do ex-prefeito foi feita pelo advogado dracenense Vladimir de Mattos.<\/p>\n<p><img loading=\"lazy\" decoding=\"async\" class=\"alignnone size-full wp-image-11104\" src=\"https:\/\/jorgezanoni.com.br\/2019\/wp-content\/uploads\/2019\/11\/Vladimir.jpg\" alt=\"\" width=\"576\" height=\"828\" srcset=\"https:\/\/jorgezanoni.com.br\/2019\/wp-content\/uploads\/2019\/11\/Vladimir.jpg 576w, https:\/\/jorgezanoni.com.br\/2019\/wp-content\/uploads\/2019\/11\/Vladimir-209x300.jpg 209w, https:\/\/jorgezanoni.com.br\/2019\/wp-content\/uploads\/2019\/11\/Vladimir-292x420.jpg 292w\" sizes=\"auto, (max-width: 576px) 100vw, 576px\" \/><\/p>\n<p>Advogado Vladimir de Mattos<\/p>\n","protected":false},"excerpt":{"rendered":"<p>As contas referentes ao exerc\u00edcio de 2016 foram aprovadas por unanimidade. A C\u00e2mara Municipal de Dracena aprovou ontem (11), por unanimidade, as \u00faltimas contas do ex-prefeito Jos\u00e9 Antonio Pedretti, referentes ao exerc\u00edcio do ano de 2016, conforme parecer favor\u00e1vel do Tribunal de Contas do Estado de S\u00e3o Paulo (TCE\/SP). No TCE\/SP, a defesa do ex-prefeito [&hellip;]<\/p>\n","protected":false},"author":1,"featured_media":11105,"comment_status":"closed","ping_status":"open","sticky":false,"template":"","format":"standard","meta":{"footnotes":""},"categories":[110,116],"tags":[],"class_list":["post-11103","post","type-post","status-publish","format-standard","has-post-thumbnail","hentry","category-noticiasdestaque","category-politicaeeconomia"],"_links":{"self":[{"href":"https:\/\/jorgezanoni.com.br\/2019\/wp-json\/wp\/v2\/posts\/11103","targetHints":{"allow":["GET"]}}],"collection":[{"href":"https:\/\/jorgezanoni.com.br\/2019\/wp-json\/wp\/v2\/posts"}],"about":[{"href":"https:\/\/jorgezanoni.com.br\/2019\/wp-json\/wp\/v2\/types\/post"}],"author":[{"embeddable":true,"href":"https:\/\/jorgezanoni.com.br\/2019\/wp-json\/wp\/v2\/users\/1"}],"replies":[{"embeddable":true,"href":"https:\/\/jorgezanoni.com.br\/2019\/wp-json\/wp\/v2\/comments?post=11103"}],"version-history":[{"count":0,"href":"https:\/\/jorgezanoni.com.br\/2019\/wp-json\/wp\/v2\/posts\/11103\/revisions"}],"wp:featuredmedia":[{"embeddable":true,"href":"https:\/\/jorgezanoni.com.br\/2019\/wp-json\/wp\/v2\/media\/11105"}],"wp:attachment":[{"href":"https:\/\/jorgezanoni.com.br\/2019\/wp-json\/wp\/v2\/media?parent=11103"}],"wp:term":[{"taxonomy":"category","embeddable":true,"href":"https:\/\/jorgezanoni.com.br\/2019\/wp-json\/wp\/v2\/categories?post=11103"},{"taxonomy":"post_tag","embeddable":true,"href":"https:\/\/jorgezanoni.com.br\/2019\/wp-json\/wp\/v2\/tags?post=11103"}],"curies":[{"name":"wp","href":"https:\/\/api.w.org\/{rel}","templated":true}]}}