{"id":11099,"date":"2019-11-12T01:34:21","date_gmt":"2019-11-12T01:34:21","guid":{"rendered":"https:\/\/jorgezanoni.com.br\/2019\/?p=11099"},"modified":"2019-11-12T01:34:21","modified_gmt":"2019-11-12T01:34:21","slug":"vagoes-com-celulose-tombam-na-area-urbana-de-cafelandia","status":"publish","type":"post","link":"https:\/\/jorgezanoni.com.br\/2019\/vagoes-com-celulose-tombam-na-area-urbana-de-cafelandia\/","title":{"rendered":"Vag\u00f5es com celulose tombam na \u00e1rea urbana de Cafel\u00e2ndia"},"content":{"rendered":"<h2 class=\"content-head__subtitle\" style=\"text-align: justify;\"><strong>Al\u00e9m dos dois que tombaram, outros quatro vag\u00f5es descarrilaram. Ningu\u00e9m se feriu e concession\u00e1ria diz que vai apurar as causas do acidente.<\/strong><\/h2>\n<div class=\"mc-column content-text active-extra-styles \" data-block-type=\"unstyled\" data-block-weight=\"28\" data-block-id=\"2\">\n<p class=\"content-text__container \" style=\"text-align: justify;\" data-track-category=\"Link no Texto\" data-track-links=\"\">Seis vag\u00f5es descarrilaram na manh\u00e3 desta segunda-feira (11) na \u00e1rea urbana de Cafel\u00e2ndia (SP). Dois dos vag\u00f5es acabaram tombando pr\u00f3ximo a uma rua na regi\u00e3o da esta\u00e7\u00e3o ferrovi\u00e1ria.<\/p>\n<\/div>\n<div class=\"wall protected-content\">\n<div class=\"mc-column content-text active-extra-styles \" data-block-type=\"unstyled\" data-block-weight=\"27\" data-block-id=\"3\">\n<p class=\"content-text__container \" style=\"text-align: justify;\" data-track-category=\"Link no Texto\" data-track-links=\"\">Segundo a concession\u00e1ria que administra a ferrovia, as composi\u00e7\u00f5es acidentadas transportavam celulose. Em nota, a empresa afirmou que n\u00e3o houve danos ambientais e que ningu\u00e9m se feriu.<\/p>\n<p style=\"text-align: justify;\" data-track-category=\"Link no Texto\" data-track-links=\"\">Segundo a nota, a circula\u00e7\u00e3o de trens no local j\u00e1 foi restabelecida e equipes da concession\u00e1ria trabalham para retirar os vag\u00f5es que tombaram. O texto afirma ainda que \u201ca empresa est\u00e1 apurando as causas\u201d do acidente.<\/p>\n<p data-track-category=\"Link no Texto\" data-track-links=\"\"><img loading=\"lazy\" decoding=\"async\" class=\"alignnone size-full wp-image-11101\" src=\"https:\/\/jorgezanoni.com.br\/2019\/wp-content\/uploads\/2019\/11\/trem1.jpeg\" alt=\"\" width=\"1600\" height=\"900\" srcset=\"https:\/\/jorgezanoni.com.br\/2019\/wp-content\/uploads\/2019\/11\/trem1.jpeg 1600w, https:\/\/jorgezanoni.com.br\/2019\/wp-content\/uploads\/2019\/11\/trem1-300x169.jpeg 300w, https:\/\/jorgezanoni.com.br\/2019\/wp-content\/uploads\/2019\/11\/trem1-768x432.jpeg 768w, https:\/\/jorgezanoni.com.br\/2019\/wp-content\/uploads\/2019\/11\/trem1-1024x576.jpeg 1024w, https:\/\/jorgezanoni.com.br\/2019\/wp-content\/uploads\/2019\/11\/trem1-696x392.jpeg 696w, https:\/\/jorgezanoni.com.br\/2019\/wp-content\/uploads\/2019\/11\/trem1-1068x601.jpeg 1068w, https:\/\/jorgezanoni.com.br\/2019\/wp-content\/uploads\/2019\/11\/trem1-747x420.jpeg 747w\" sizes=\"auto, (max-width: 1600px) 100vw, 1600px\" \/>Fonte: G1<\/p>\n<\/div>\n<\/div>\n","protected":false},"excerpt":{"rendered":"<p>Al\u00e9m dos dois que tombaram, outros quatro vag\u00f5es descarrilaram. Ningu\u00e9m se feriu e concession\u00e1ria diz que vai apurar as causas do acidente. Seis vag\u00f5es descarrilaram na manh\u00e3 desta segunda-feira (11) na \u00e1rea urbana de Cafel\u00e2ndia (SP). Dois dos vag\u00f5es acabaram tombando pr\u00f3ximo a uma rua na regi\u00e3o da esta\u00e7\u00e3o ferrovi\u00e1ria. Segundo a concession\u00e1ria que administra [&hellip;]<\/p>\n","protected":false},"author":1,"featured_media":11100,"comment_status":"closed","ping_status":"open","sticky":false,"template":"","format":"standard","meta":{"footnotes":""},"categories":[170,110],"tags":[],"class_list":["post-11099","post","type-post","status-publish","format-standard","has-post-thumbnail","hentry","category-acidentes","category-noticiasdestaque"],"_links":{"self":[{"href":"https:\/\/jorgezanoni.com.br\/2019\/wp-json\/wp\/v2\/posts\/11099","targetHints":{"allow":["GET"]}}],"collection":[{"href":"https:\/\/jorgezanoni.com.br\/2019\/wp-json\/wp\/v2\/posts"}],"about":[{"href":"https:\/\/jorgezanoni.com.br\/2019\/wp-json\/wp\/v2\/types\/post"}],"author":[{"embeddable":true,"href":"https:\/\/jorgezanoni.com.br\/2019\/wp-json\/wp\/v2\/users\/1"}],"replies":[{"embeddable":true,"href":"https:\/\/jorgezanoni.com.br\/2019\/wp-json\/wp\/v2\/comments?post=11099"}],"version-history":[{"count":0,"href":"https:\/\/jorgezanoni.com.br\/2019\/wp-json\/wp\/v2\/posts\/11099\/revisions"}],"wp:featuredmedia":[{"embeddable":true,"href":"https:\/\/jorgezanoni.com.br\/2019\/wp-json\/wp\/v2\/media\/11100"}],"wp:attachment":[{"href":"https:\/\/jorgezanoni.com.br\/2019\/wp-json\/wp\/v2\/media?parent=11099"}],"wp:term":[{"taxonomy":"category","embeddable":true,"href":"https:\/\/jorgezanoni.com.br\/2019\/wp-json\/wp\/v2\/categories?post=11099"},{"taxonomy":"post_tag","embeddable":true,"href":"https:\/\/jorgezanoni.com.br\/2019\/wp-json\/wp\/v2\/tags?post=11099"}],"curies":[{"name":"wp","href":"https:\/\/api.w.org\/{rel}","templated":true}]}}