{"id":11092,"date":"2019-11-12T00:54:18","date_gmt":"2019-11-12T00:54:18","guid":{"rendered":"https:\/\/jorgezanoni.com.br\/2019\/?p=11092"},"modified":"2019-11-12T00:54:18","modified_gmt":"2019-11-12T00:54:18","slug":"sebastiao-amaro-condenado-pela-morte-de-sergio-cavalari-sai-da-prisao","status":"publish","type":"post","link":"https:\/\/jorgezanoni.com.br\/2019\/sebastiao-amaro-condenado-pela-morte-de-sergio-cavalari-sai-da-prisao\/","title":{"rendered":"Sebasti\u00e3o Amaro, condenado pela morte de S\u00e9rgio Cavalari sai da pris\u00e3o"},"content":{"rendered":"<h3 class=\"post-title entry-title\" style=\"text-align: justify;\"><strong>R\u00e9u foi condenado pelo J\u00fari h\u00e1 28 anos de pres\u00e3o inicialmente em regime fechado.<\/strong><\/h3>\n<div class=\"post-header\">\n<div class=\"post-header-line-1\"><\/div>\n<\/div>\n<div id=\"post-body-7440229355802018116\" class=\"post-body entry-content\">\n<div style=\"text-align: justify;\">Sebasti\u00e3o Amaro dos Santos, um dos quatro acusados pela morte do empres\u00e1rio S\u00e9rgio Cavalari Perez, est\u00e1 solto. A 2\u00aa C\u00e2mara de Direito Criminal concedeu Habeas Corpus ao condenado no m\u00eas passado.<\/div>\n<div><img loading=\"lazy\" decoding=\"async\" class=\"alignnone size-full wp-image-11093\" src=\"https:\/\/jorgezanoni.com.br\/2019\/wp-content\/uploads\/2019\/11\/Sebasti\u00e3o-1.jpg\" alt=\"\" width=\"651\" height=\"454\" srcset=\"https:\/\/jorgezanoni.com.br\/2019\/wp-content\/uploads\/2019\/11\/Sebasti\u00e3o-1.jpg 651w, https:\/\/jorgezanoni.com.br\/2019\/wp-content\/uploads\/2019\/11\/Sebasti\u00e3o-1-300x209.jpg 300w, https:\/\/jorgezanoni.com.br\/2019\/wp-content\/uploads\/2019\/11\/Sebasti\u00e3o-1-100x70.jpg 100w, https:\/\/jorgezanoni.com.br\/2019\/wp-content\/uploads\/2019\/11\/Sebasti\u00e3o-1-602x420.jpg 602w\" sizes=\"auto, (max-width: 651px) 100vw, 651px\" \/><\/div>\n<div>Fonte: Bastidores da Noticia<\/div>\n<\/div>\n","protected":false},"excerpt":{"rendered":"<p>R\u00e9u foi condenado pelo J\u00fari h\u00e1 28 anos de pres\u00e3o inicialmente em regime fechado. Sebasti\u00e3o Amaro dos Santos, um dos quatro acusados pela morte do empres\u00e1rio S\u00e9rgio Cavalari Perez, est\u00e1 solto. A 2\u00aa C\u00e2mara de Direito Criminal concedeu Habeas Corpus ao condenado no m\u00eas passado. Fonte: Bastidores da Noticia<\/p>\n","protected":false},"author":1,"featured_media":11094,"comment_status":"closed","ping_status":"open","sticky":false,"template":"","format":"standard","meta":{"footnotes":""},"categories":[120,110],"tags":[],"class_list":["post-11092","post","type-post","status-publish","format-standard","has-post-thumbnail","hentry","category-justicahabitacaotecnologia","category-noticiasdestaque"],"_links":{"self":[{"href":"https:\/\/jorgezanoni.com.br\/2019\/wp-json\/wp\/v2\/posts\/11092","targetHints":{"allow":["GET"]}}],"collection":[{"href":"https:\/\/jorgezanoni.com.br\/2019\/wp-json\/wp\/v2\/posts"}],"about":[{"href":"https:\/\/jorgezanoni.com.br\/2019\/wp-json\/wp\/v2\/types\/post"}],"author":[{"embeddable":true,"href":"https:\/\/jorgezanoni.com.br\/2019\/wp-json\/wp\/v2\/users\/1"}],"replies":[{"embeddable":true,"href":"https:\/\/jorgezanoni.com.br\/2019\/wp-json\/wp\/v2\/comments?post=11092"}],"version-history":[{"count":0,"href":"https:\/\/jorgezanoni.com.br\/2019\/wp-json\/wp\/v2\/posts\/11092\/revisions"}],"wp:featuredmedia":[{"embeddable":true,"href":"https:\/\/jorgezanoni.com.br\/2019\/wp-json\/wp\/v2\/media\/11094"}],"wp:attachment":[{"href":"https:\/\/jorgezanoni.com.br\/2019\/wp-json\/wp\/v2\/media?parent=11092"}],"wp:term":[{"taxonomy":"category","embeddable":true,"href":"https:\/\/jorgezanoni.com.br\/2019\/wp-json\/wp\/v2\/categories?post=11092"},{"taxonomy":"post_tag","embeddable":true,"href":"https:\/\/jorgezanoni.com.br\/2019\/wp-json\/wp\/v2\/tags?post=11092"}],"curies":[{"name":"wp","href":"https:\/\/api.w.org\/{rel}","templated":true}]}}