{"id":11078,"date":"2019-11-12T00:04:41","date_gmt":"2019-11-12T00:04:41","guid":{"rendered":"https:\/\/jorgezanoni.com.br\/2019\/?p=11078"},"modified":"2019-11-12T00:04:41","modified_gmt":"2019-11-12T00:04:41","slug":"veiculo-cai-em-buraco-na-avenida-dos-expedicionarios-avo-e-neta-foram-socorridas","status":"publish","type":"post","link":"https:\/\/jorgezanoni.com.br\/2019\/veiculo-cai-em-buraco-na-avenida-dos-expedicionarios-avo-e-neta-foram-socorridas\/","title":{"rendered":"Ve\u00edculo cai em buraco na avenida dos Expedicion\u00e1rios, av\u00f3 e neta foram socorridas"},"content":{"rendered":"<p style=\"text-align: justify;\">Por volta de 19:10 Horas desta segunda-feira (11), a Pol\u00edcia Militar registrou um acidente com v\u00edtimas na avenida dos Expedicion\u00e1rios, trecho entre o pontilh\u00e3o e a rua Dom Pedro, em Dracena.<\/p>\n<p><img loading=\"lazy\" decoding=\"async\" class=\"alignnone size-full wp-image-11079\" src=\"https:\/\/jorgezanoni.com.br\/2019\/wp-content\/uploads\/2019\/11\/IMG_0001.jpg\" alt=\"\" width=\"900\" height=\"675\" srcset=\"https:\/\/jorgezanoni.com.br\/2019\/wp-content\/uploads\/2019\/11\/IMG_0001.jpg 900w, https:\/\/jorgezanoni.com.br\/2019\/wp-content\/uploads\/2019\/11\/IMG_0001-300x225.jpg 300w, https:\/\/jorgezanoni.com.br\/2019\/wp-content\/uploads\/2019\/11\/IMG_0001-768x576.jpg 768w, https:\/\/jorgezanoni.com.br\/2019\/wp-content\/uploads\/2019\/11\/IMG_0001-80x60.jpg 80w, https:\/\/jorgezanoni.com.br\/2019\/wp-content\/uploads\/2019\/11\/IMG_0001-265x198.jpg 265w, https:\/\/jorgezanoni.com.br\/2019\/wp-content\/uploads\/2019\/11\/IMG_0001-696x522.jpg 696w, https:\/\/jorgezanoni.com.br\/2019\/wp-content\/uploads\/2019\/11\/IMG_0001-560x420.jpg 560w\" sizes=\"auto, (max-width: 900px) 100vw, 900px\" \/><\/p>\n<p style=\"text-align: justify;\">Segundo informa\u00e7\u00f5es obtidas no local pela reportagem do Site JZ, a condutora de um ve\u00edculo Corsa placas de Dracena, que fazia o sentido bairro-centro n\u00e3o teria observado placas existentes de tr\u00e2nsito proibido na esquina, e acabou caindo num buraco no meio da quadra, onde a EMDAEP realizada trabalhos em um esgoto.<\/p>\n<p><img loading=\"lazy\" decoding=\"async\" class=\"alignnone size-full wp-image-11080\" src=\"https:\/\/jorgezanoni.com.br\/2019\/wp-content\/uploads\/2019\/11\/IMG_0002.jpg\" alt=\"\" width=\"900\" height=\"675\" srcset=\"https:\/\/jorgezanoni.com.br\/2019\/wp-content\/uploads\/2019\/11\/IMG_0002.jpg 900w, https:\/\/jorgezanoni.com.br\/2019\/wp-content\/uploads\/2019\/11\/IMG_0002-300x225.jpg 300w, https:\/\/jorgezanoni.com.br\/2019\/wp-content\/uploads\/2019\/11\/IMG_0002-768x576.jpg 768w, https:\/\/jorgezanoni.com.br\/2019\/wp-content\/uploads\/2019\/11\/IMG_0002-80x60.jpg 80w, https:\/\/jorgezanoni.com.br\/2019\/wp-content\/uploads\/2019\/11\/IMG_0002-265x198.jpg 265w, https:\/\/jorgezanoni.com.br\/2019\/wp-content\/uploads\/2019\/11\/IMG_0002-696x522.jpg 696w, https:\/\/jorgezanoni.com.br\/2019\/wp-content\/uploads\/2019\/11\/IMG_0002-560x420.jpg 560w\" sizes=\"auto, (max-width: 900px) 100vw, 900px\" \/><\/p>\n<p style=\"text-align: justify;\">A mulher que dirigia de 61 anos, se queixava de dores no peito provocados pela batida, j\u00e1 sua neta de 13 anos sofreu ferimentos de natureza leve. As duas foram encaminhadas para o Pronto Atendimento Municipal pela Unidade de Resgate do Corpo de Bombeiros.<\/p>\n<p><img loading=\"lazy\" decoding=\"async\" class=\"alignnone size-full wp-image-11081\" src=\"https:\/\/jorgezanoni.com.br\/2019\/wp-content\/uploads\/2019\/11\/IMG_0004.jpg\" alt=\"\" width=\"900\" height=\"675\" srcset=\"https:\/\/jorgezanoni.com.br\/2019\/wp-content\/uploads\/2019\/11\/IMG_0004.jpg 900w, https:\/\/jorgezanoni.com.br\/2019\/wp-content\/uploads\/2019\/11\/IMG_0004-300x225.jpg 300w, https:\/\/jorgezanoni.com.br\/2019\/wp-content\/uploads\/2019\/11\/IMG_0004-768x576.jpg 768w, https:\/\/jorgezanoni.com.br\/2019\/wp-content\/uploads\/2019\/11\/IMG_0004-80x60.jpg 80w, https:\/\/jorgezanoni.com.br\/2019\/wp-content\/uploads\/2019\/11\/IMG_0004-265x198.jpg 265w, https:\/\/jorgezanoni.com.br\/2019\/wp-content\/uploads\/2019\/11\/IMG_0004-696x522.jpg 696w, https:\/\/jorgezanoni.com.br\/2019\/wp-content\/uploads\/2019\/11\/IMG_0004-560x420.jpg 560w\" sizes=\"auto, (max-width: 900px) 100vw, 900px\" \/><\/p>\n<p style=\"text-align: justify;\">A Pol\u00edcia T\u00e9cnica compareceu ao local e ir\u00e1 apontar as reais causas do acidente.<\/p>\n<p><img loading=\"lazy\" decoding=\"async\" class=\"alignnone size-full wp-image-11082\" src=\"https:\/\/jorgezanoni.com.br\/2019\/wp-content\/uploads\/2019\/11\/IMG_0006.jpg\" alt=\"\" width=\"900\" height=\"675\" srcset=\"https:\/\/jorgezanoni.com.br\/2019\/wp-content\/uploads\/2019\/11\/IMG_0006.jpg 900w, https:\/\/jorgezanoni.com.br\/2019\/wp-content\/uploads\/2019\/11\/IMG_0006-300x225.jpg 300w, https:\/\/jorgezanoni.com.br\/2019\/wp-content\/uploads\/2019\/11\/IMG_0006-768x576.jpg 768w, https:\/\/jorgezanoni.com.br\/2019\/wp-content\/uploads\/2019\/11\/IMG_0006-80x60.jpg 80w, https:\/\/jorgezanoni.com.br\/2019\/wp-content\/uploads\/2019\/11\/IMG_0006-265x198.jpg 265w, https:\/\/jorgezanoni.com.br\/2019\/wp-content\/uploads\/2019\/11\/IMG_0006-696x522.jpg 696w, https:\/\/jorgezanoni.com.br\/2019\/wp-content\/uploads\/2019\/11\/IMG_0006-560x420.jpg 560w\" sizes=\"auto, (max-width: 900px) 100vw, 900px\" \/> <img loading=\"lazy\" decoding=\"async\" class=\"alignnone size-full wp-image-11083\" src=\"https:\/\/jorgezanoni.com.br\/2019\/wp-content\/uploads\/2019\/11\/IMG_0007.jpg\" alt=\"\" width=\"900\" height=\"675\" srcset=\"https:\/\/jorgezanoni.com.br\/2019\/wp-content\/uploads\/2019\/11\/IMG_0007.jpg 900w, https:\/\/jorgezanoni.com.br\/2019\/wp-content\/uploads\/2019\/11\/IMG_0007-300x225.jpg 300w, https:\/\/jorgezanoni.com.br\/2019\/wp-content\/uploads\/2019\/11\/IMG_0007-768x576.jpg 768w, https:\/\/jorgezanoni.com.br\/2019\/wp-content\/uploads\/2019\/11\/IMG_0007-80x60.jpg 80w, https:\/\/jorgezanoni.com.br\/2019\/wp-content\/uploads\/2019\/11\/IMG_0007-265x198.jpg 265w, https:\/\/jorgezanoni.com.br\/2019\/wp-content\/uploads\/2019\/11\/IMG_0007-696x522.jpg 696w, https:\/\/jorgezanoni.com.br\/2019\/wp-content\/uploads\/2019\/11\/IMG_0007-560x420.jpg 560w\" sizes=\"auto, (max-width: 900px) 100vw, 900px\" \/> <img loading=\"lazy\" decoding=\"async\" class=\"alignnone size-full wp-image-11085\" src=\"https:\/\/jorgezanoni.com.br\/2019\/wp-content\/uploads\/2019\/11\/IMG_9999.jpg\" alt=\"\" width=\"900\" height=\"675\" srcset=\"https:\/\/jorgezanoni.com.br\/2019\/wp-content\/uploads\/2019\/11\/IMG_9999.jpg 900w, https:\/\/jorgezanoni.com.br\/2019\/wp-content\/uploads\/2019\/11\/IMG_9999-300x225.jpg 300w, https:\/\/jorgezanoni.com.br\/2019\/wp-content\/uploads\/2019\/11\/IMG_9999-768x576.jpg 768w, https:\/\/jorgezanoni.com.br\/2019\/wp-content\/uploads\/2019\/11\/IMG_9999-80x60.jpg 80w, https:\/\/jorgezanoni.com.br\/2019\/wp-content\/uploads\/2019\/11\/IMG_9999-265x198.jpg 265w, https:\/\/jorgezanoni.com.br\/2019\/wp-content\/uploads\/2019\/11\/IMG_9999-696x522.jpg 696w, https:\/\/jorgezanoni.com.br\/2019\/wp-content\/uploads\/2019\/11\/IMG_9999-560x420.jpg 560w\" sizes=\"auto, (max-width: 900px) 100vw, 900px\" \/><\/p>\n<p style=\"text-align: justify;\">Jorge Zanoni<\/p>\n","protected":false},"excerpt":{"rendered":"<p>Por volta de 19:10 Horas desta segunda-feira (11), a Pol\u00edcia Militar registrou um acidente com v\u00edtimas na avenida dos Expedicion\u00e1rios, trecho entre o pontilh\u00e3o e a rua Dom Pedro, em Dracena. Segundo informa\u00e7\u00f5es obtidas no local pela reportagem do Site JZ, a condutora de um ve\u00edculo Corsa placas de Dracena, que fazia o sentido bairro-centro [&hellip;]<\/p>\n","protected":false},"author":1,"featured_media":11084,"comment_status":"closed","ping_status":"open","sticky":false,"template":"","format":"standard","meta":{"footnotes":""},"categories":[170,110],"tags":[],"class_list":["post-11078","post","type-post","status-publish","format-standard","has-post-thumbnail","hentry","category-acidentes","category-noticiasdestaque"],"_links":{"self":[{"href":"https:\/\/jorgezanoni.com.br\/2019\/wp-json\/wp\/v2\/posts\/11078","targetHints":{"allow":["GET"]}}],"collection":[{"href":"https:\/\/jorgezanoni.com.br\/2019\/wp-json\/wp\/v2\/posts"}],"about":[{"href":"https:\/\/jorgezanoni.com.br\/2019\/wp-json\/wp\/v2\/types\/post"}],"author":[{"embeddable":true,"href":"https:\/\/jorgezanoni.com.br\/2019\/wp-json\/wp\/v2\/users\/1"}],"replies":[{"embeddable":true,"href":"https:\/\/jorgezanoni.com.br\/2019\/wp-json\/wp\/v2\/comments?post=11078"}],"version-history":[{"count":0,"href":"https:\/\/jorgezanoni.com.br\/2019\/wp-json\/wp\/v2\/posts\/11078\/revisions"}],"wp:featuredmedia":[{"embeddable":true,"href":"https:\/\/jorgezanoni.com.br\/2019\/wp-json\/wp\/v2\/media\/11084"}],"wp:attachment":[{"href":"https:\/\/jorgezanoni.com.br\/2019\/wp-json\/wp\/v2\/media?parent=11078"}],"wp:term":[{"taxonomy":"category","embeddable":true,"href":"https:\/\/jorgezanoni.com.br\/2019\/wp-json\/wp\/v2\/categories?post=11078"},{"taxonomy":"post_tag","embeddable":true,"href":"https:\/\/jorgezanoni.com.br\/2019\/wp-json\/wp\/v2\/tags?post=11078"}],"curies":[{"name":"wp","href":"https:\/\/api.w.org\/{rel}","templated":true}]}}