{"id":1107,"date":"2019-07-19T23:41:56","date_gmt":"2019-07-19T23:41:56","guid":{"rendered":"http:\/\/jorgezanoni.com.br\/2019\/?p=1107"},"modified":"2019-07-19T23:42:08","modified_gmt":"2019-07-19T23:42:08","slug":"morre-o-economista-e-ex-ministro-do-trabalho-walter-barelli","status":"publish","type":"post","link":"https:\/\/jorgezanoni.com.br\/2019\/morre-o-economista-e-ex-ministro-do-trabalho-walter-barelli\/","title":{"rendered":"Morre o economista e ex-ministro do Trabalho Walter Barelli"},"content":{"rendered":"<h2 class=\"subtitle\"><strong>Ministro do governo Itamar Franco, foi secret\u00e1rio de Emprego e Rela\u00e7\u00f5es do Trabalho dos governos M\u00e1rio Covas e Geraldo Alckmin e deputado federal.<\/strong><\/h2>\n<div class=\"heading scroll show\">\n<div class=\"heading-wrap\">\n<p><span class=\"heading-title-section\"><a class=\"r7-section\" title=\"Brasil\" href=\"http:\/\/noticias.r7.com\/brasil\">BRASIL<\/a><\/span><span class=\"heading-title-content\">Morre o economista e ex-ministro do Trabalho Walter Barelli<\/span><\/p>\n<div class=\"sharebar top\"><\/div>\n<\/div>\n<\/div>\n<div class=\"r7cl5\">\n<div class=\"main-content\">\n<div class=\"shared-text-social fixed-share fixed-now\" data-info=\"http:\/\/r7.com\/Gwkd\">\n<ul>\n<li class=\"fixed-share__item\"><\/li>\n<li class=\"fixed-share__item\"><\/li>\n<li class=\"fixed-share__item\"><\/li>\n<li class=\"fixed-share__item fixed-share__link--more\"><span class=\"fixed-share__link fixed-share__link--more-link js-toggle-share-link\">+<\/span><\/li>\n<\/ul>\n<\/div>\n<div class=\"container\">\n<p>&nbsp;<\/p>\n<header class=\"heading heading-article\">\n<div class=\"heading-title\">\n<h1 class=\"title text-big\">Morre o economista e ex-ministro do Trabalho Walter Barelli<\/h1>\n<h2 class=\"subtitle\">Ministro do governo Itamar Franco, foi secret\u00e1rio de Emprego e Rela\u00e7\u00f5es do Trabalho dos governos M\u00e1rio Covas e Geraldo Alckmin e deputado federal<\/h2>\n<\/div>\n<ul class=\"list info text-small\">\n<li class=\"list-item list-item-agency\"><a class=\"info-section__logo\" title=\"Ag\u00eancia Estado\" href=\"https:\/\/noticias.r7.com\/brasil\/morre-o-economista-e-ex-ministro-do-trabalho-walter-barelli-19072019\" target=\"_blank\" rel=\"noopener noreferrer\"><img decoding=\"async\" class=\"list-item-agency-photo\" title=\"Ag\u00eancia Estado\" src=\"https:\/\/img.r7.com\/images\/2017\/08\/01\/68y5hhe5np_5mnw3998su_file?dimensions=40x40\" alt=\"Ag\u00eancia Estado\" \/><\/a>\n<ul class=\"info-section\">\n<li class=\"info-section__item\"><a class=\"uppercase\" title=\"Brasil\" href=\"http:\/\/noticias.r7.com\/brasil\"><strong>BRASIL<\/strong><\/a><\/li>\n<li class=\"info-section__item\">\n<div class=\"list-item\">\n<p>por<\/p>\n<h6><a title=\"Ag\u00eancia Estado\" href=\"https:\/\/noticias.r7.com\/brasil\/morre-o-economista-e-ex-ministro-do-trabalho-walter-barelli-19072019\" target=\"_blank\" rel=\"noopener noreferrer\"><strong>Ag\u00eancia Estado<\/strong><\/a><\/h6>\n<\/div>\n<\/li>\n<\/ul>\n<\/li>\n<li class=\"list-item info-section__last-item\"><a title=\"Brasil\" href=\"http:\/\/noticias.r7.com\/brasil\"><i class=\"fa fa-clock-o\" aria-hidden=\"true\"><\/i>\u00a0<time datetime=\"2019-07-19T18:10:06-03:00\">19\/07\/2019 &#8211; 18h10<\/time><\/a><\/li>\n<\/ul>\n<\/header>\n<div class=\"sharebar-content\">\n<div class=\"sharebar top\">\n<div class=\"shared-text-options shared-text-options-top\"><button class=\"btn btn-square btn-contrast get-ga\" title=\"Alto contraste\" data-social=\"fonte\" data-action=\"alto-contraste\" data-url=\"noticias.r7.com\/brasil\/morre-o-economista-e-ex-ministro-do-trabalho-walter-barelli\" data-info=\"event\"><i class=\"fa fa-adjust\" aria-hidden=\"true\"><\/i><\/button>\u00a0<a class=\"btn btn-square btn-light btn-change-font get-ga\" title=\"Diminuir fonte da mat\u00e9ria\" href=\"https:\/\/noticias.r7.com\/brasil\/morre-o-economista-e-ex-ministro-do-trabalho-walter-barelli-19072019#diminuir-fonte\" data-font-change=\"decrease_font\" data-social=\"fonte\" data-action=\"diminuir\" data-url=\"Social News\" data-info=\"event\">A-<\/a>\u00a0<a class=\"btn btn-square btn-light btn-change-font get-ga\" title=\"Aumentar fonte da mat\u00e9ria\" href=\"https:\/\/noticias.r7.com\/brasil\/morre-o-economista-e-ex-ministro-do-trabalho-walter-barelli-19072019#aumentar-fonte\" data-font-change=\"increase_font\" data-social=\"fonte\" data-action=\"aumentar\" data-url=\"Social News\" data-info=\"event\">A+<\/a><\/div>\n<\/div>\n<\/div>\n<article class=\"content\">\n<div class=\"media_box full-dimensions460x305\">\n<div class=\"edges\">\n<p><img decoding=\"async\" class=\"croppable\" title=\"O ex-ministro do Trabalho, o economista Walter Barelli\" src=\"https:\/\/img.r7.com\/images\/walter-barellimortearquivo-19072019180748535?dimensions=460x305\" alt=\"O ex-ministro do Trabalho, o economista Walter Barelli\" \/><\/p>\n<div class=\"gallery_link\"><\/div>\n<\/div>\n<div class=\"content_image\">\n<h4 class=\"legend_box \">O ex-ministro do Trabalho, o economista Walter Barelli<\/h4>\n<p><span class=\"credit_box \">NILTON FUKUDA\/ESTAD\u00c3O CONTE\u00daDO &#8211; 14\/04\/2014<\/span><\/p>\n<\/div>\n<\/div>\n<p>Morreu na quinta-feira (18) o ex-ministro do Trabalho Walter Barelli. Aos 80 anos de idade, ele estava em coma havia tr\u00eas meses, depois de bater a cabe\u00e7a numa queda, na escadaria do Instituto Tomie Ohtake, em S\u00e3o Paulo. Ele estava internado no hospital S\u00edrio Liban\u00eas e morreu de (fal\u00eancia de m\u00faltiplos \u00f3rg\u00e3os), ao lado da fam\u00edlia.<\/p>\n<p>Foi casado com Lourdes Barelli. Deixa os filhos Suzana, Pedro e Paulo Barelli, e cinco netos. Nascido em S\u00e3o Paulo, ele ser\u00e1 enterrado no cemit\u00e9rio Geths\u00eamani Anhanguera e o vel\u00f3rio acontece na tarde desta sexta-feira (19), na cripta da Catedral da S\u00e9. Ele completaria 81 anos no pr\u00f3ximo dia 25.<iframe class=\"teads-resize\" data-mce-fragment=\"1\"><\/iframe><\/p>\n<div class=\"teads-inread sm-screen\">\n<div>\n<div class=\"teads-ui-components-adchoices\"><\/div>\n<div class=\"teads-ui-components-label\">PUBLICIDADE<\/div>\n<div id=\"teads0\" class=\"teads-player\"><iframe frameborder=\"0\" scrolling=\"no\" data-mce-fragment=\"1\"><\/iframe><\/div>\n<\/div>\n<\/div>\n<p>Ministro do governo Itamar Franco, ele tamb\u00e9m foi secret\u00e1rio de Emprego e Rela\u00e7\u00f5es do Trabalho dos governos M\u00e1rio Covas e Geraldo Alckmin e deputado federal pelo PSDB. Ex-seminarista, n\u00e3o perdia as missas dominicais nem os jogos do Corinthians. Segundo familiares, Barelli vinha tendo uma vida plena, antes do acidente, participando como volunt\u00e1rio em v\u00e1rias atividades, principalmente na C\u00faria, na produ\u00e7\u00e3o de artigos e no conv\u00edvio com filhos e netos.<\/p>\n<div id=\"r7ad-teads\" class=\"r7ad-mobile\" data-google-query-id=\"CMSJ4IaUwuMCFchowQodHEYOhQ\">\n<div id=\"google_ads_iframe_\/7542\/r7noticias\/brasil\/internas_4__container__\"><iframe id=\"google_ads_iframe_\/7542\/r7noticias\/brasil\/internas_4\" title=\"3rd party ad content\" name=\"google_ads_iframe_\/7542\/r7noticias\/brasil\/internas_4\" width=\"1\" height=\"1\" frameborder=\"0\" marginwidth=\"0\" marginheight=\"0\" scrolling=\"no\" data-google-container-id=\"7\" data-load-complete=\"true\" data-mce-fragment=\"1\"><\/iframe><\/div>\n<\/div>\n<p>Graduado em Economia pela FEA e p\u00f3s-graduado em Sociologia do Desenvolvimento tamb\u00e9m pela USP, ele era doutor em Economia e professor da Unicamp.<\/p>\n<p>Barelli come\u00e7ou sua carreira no Departamento Intersindical de Estat\u00edstica e Estudos Socioecon\u00f4micos (Dieese), no qual trabalhou entre 1966 e 1990 e se tornou diretor-t\u00e9cnico. Em plena ditadura, o Dieese ganhou destaque pela elabora\u00e7\u00e3o de \u00edndices econ\u00f4micos sem manipula\u00e7\u00e3o feita pelo governo, \u00e0 \u00e9poca. &#8220;Quando o Banco Mundial publicou algumas tabelas dizendo: &#8216;para 1973 n\u00e3o usamos os dados oficiais, mas uma estimativa que \u00e9 a mais correta (elaborada pelo Dieese)&#8217; foi a gl\u00f3ria&#8221;, escreveu Barelli em seu site pessoal.<\/p>\n<p>No auge do movimento sindical, os c\u00e1lculos da entidade passaram a ganhar peso e import\u00e2ncia nas negocia\u00e7\u00f5es salariais. Por anos, o Estado usou o \u00edndice do custo de vida do Dieese. Assim, a entidade tornou-se refer\u00eancia e ganhou proximidade sobretudo de sindicatos e movimentos de esquerda.<\/p>\n<p>Em 1979, durante o governo Jo\u00e3o Figueiredo, a pris\u00e3o de Barelli pelo Departamento de Ordem Pol\u00edtica e Social (Dops) gerou como\u00e7\u00e3o. Os ent\u00e3o deputados Almir Pazzianoto e Eduardo Suplicy e v\u00e1rios l\u00edderes sindicais, entre eles Luiz In\u00e1cio Lula da Silva, foram ao pr\u00e9dio do Dops e \u00e0 sede do Dieese, onde fizeram uma &#8220;vig\u00edlia c\u00edvica&#8221;. Barelli acabou sendo solto, com o diretor do Dops \u00e0 \u00e9poca, Romeu Tuma, dizendo que havia sido &#8220;um grande engano&#8221;.<\/p>\n<div id=\"inner-ad-container\" class=\"open full-width\">\n<div>\n<div>\n<div><\/div>\n<\/div>\n<p><iframe loading=\"lazy\" src=\"https:\/\/imasdk.googleapis.com\/js\/core\/bridge3.318.1_en.html#goog_1742659393\" width=\"780\" height=\"432\" allowfullscreen=\"allowfullscreen\" data-mce-fragment=\"1\"><\/iframe><\/p>\n<\/div>\n<p><small class=\" show\">Publicidade<\/small><\/p>\n<div class=\"inner-ad-close-button show\">Fechar an\u00fancio<\/div>\n<\/div>\n<p>A import\u00e2ncia, o apartidarismo do Dieese e a proximidade de Barelli com movimentos sindicais de tend\u00eancias variadas foram alguns dos motivos que causaram estranheza quando ele aceitou o convite para o Minist\u00e9rio do Trabalho, no governo Itamar Franco e, posteriormente, filiar-se ao PSDB.<\/p>\n<p>Sua indica\u00e7\u00e3o para a pasta encontrou a oposi\u00e7\u00e3o dos l\u00edderes industriais, que o identificaram com as propostas \u00e0 esquerda. Barelli costumava dizer que o Brasil precisava mais de um Minist\u00e9rio do Emprego do que um Minist\u00e9rio do Trabalho. Elaborou programas de gera\u00e7\u00e3o de empregos, enfatizando a recupera\u00e7\u00e3o econ\u00f4mica de setores empregadores de m\u00e3o de obra intensiva, como constru\u00e7\u00e3o naval, agroind\u00fastria e automobil\u00edstico.<\/p>\n<p>Deixou o governo para disputar a candidatura a vice-governador de S\u00e3o Paulo na chapa encabe\u00e7ada por M\u00e1rio Covas, mas o escolhido foi Geraldo Alckmin, ent\u00e3o presidente do PSDB de S\u00e3o Paulo. Participou da elabora\u00e7\u00e3o do programa do candidato de seu partido \u00e0 presid\u00eancia da Rep\u00fablica, Fernando Henrique Cardoso, no tocante \u00e0 gera\u00e7\u00e3o de empregos, que considerava prioridade do PSDB.<\/p>\n<p>Em janeiro de 1995, assumiu a Secretaria de Emprego e das Rela\u00e7\u00f5es de Trabalho de S\u00e3o Paulo, compondo a equipe do governador M\u00e1rio Covas. Criou o Banco do Povo, que fornecia financiamentos para microempres\u00e1rios e o Programa Emergencial de Aux\u00edlio-Desemprego, com o objetivo de possibilitar a recoloca\u00e7\u00e3o no mercado de trabalho de cerca de 50 mil desempregados atrav\u00e9s das &#8220;frentes de trabalho&#8221;.<\/p>\n<p>Entre outras, publicou as seguintes obras: Pesquisa de cargos e fun\u00e7\u00f5es (1974), Dez anos de pol\u00edtica salarial (em coautoria com C\u00e9sar Concone, 1975), Distribui\u00e7\u00e3o funcional dos bancos comerciais (1979), Crise econ\u00f4mica de alimenta\u00e7\u00e3o do trabalhador (1984), Le c\u00f4ut social de la modernisation conservatrice (1990), O futuro do sindicalismo (1992) e O Futuro do Emprego (2002).<\/p>\n<p class=\"copyright\">Copyright \u00a9 Estad\u00e3o. Todos os direitos reservados.<\/p>\n<\/article>\n<p>&nbsp;<\/p>\n<\/div>\n<\/div>\n<\/div>\n","protected":false},"excerpt":{"rendered":"<p>Ministro do governo Itamar Franco, foi secret\u00e1rio de Emprego e Rela\u00e7\u00f5es do Trabalho dos governos M\u00e1rio Covas e Geraldo Alckmin e deputado federal. BRASILMorre o economista e ex-ministro do Trabalho Walter Barelli + &nbsp; Morre o economista e ex-ministro do Trabalho Walter Barelli Ministro do governo Itamar Franco, foi secret\u00e1rio de Emprego e Rela\u00e7\u00f5es do [&hellip;]<\/p>\n","protected":false},"author":1,"featured_media":1108,"comment_status":"open","ping_status":"open","sticky":false,"template":"","format":"standard","meta":{"footnotes":""},"categories":[114],"tags":[],"class_list":["post-1107","post","type-post","status-publish","format-standard","has-post-thumbnail","hentry","category-geralecomercio"],"_links":{"self":[{"href":"https:\/\/jorgezanoni.com.br\/2019\/wp-json\/wp\/v2\/posts\/1107","targetHints":{"allow":["GET"]}}],"collection":[{"href":"https:\/\/jorgezanoni.com.br\/2019\/wp-json\/wp\/v2\/posts"}],"about":[{"href":"https:\/\/jorgezanoni.com.br\/2019\/wp-json\/wp\/v2\/types\/post"}],"author":[{"embeddable":true,"href":"https:\/\/jorgezanoni.com.br\/2019\/wp-json\/wp\/v2\/users\/1"}],"replies":[{"embeddable":true,"href":"https:\/\/jorgezanoni.com.br\/2019\/wp-json\/wp\/v2\/comments?post=1107"}],"version-history":[{"count":0,"href":"https:\/\/jorgezanoni.com.br\/2019\/wp-json\/wp\/v2\/posts\/1107\/revisions"}],"wp:featuredmedia":[{"embeddable":true,"href":"https:\/\/jorgezanoni.com.br\/2019\/wp-json\/wp\/v2\/media\/1108"}],"wp:attachment":[{"href":"https:\/\/jorgezanoni.com.br\/2019\/wp-json\/wp\/v2\/media?parent=1107"}],"wp:term":[{"taxonomy":"category","embeddable":true,"href":"https:\/\/jorgezanoni.com.br\/2019\/wp-json\/wp\/v2\/categories?post=1107"},{"taxonomy":"post_tag","embeddable":true,"href":"https:\/\/jorgezanoni.com.br\/2019\/wp-json\/wp\/v2\/tags?post=1107"}],"curies":[{"name":"wp","href":"https:\/\/api.w.org\/{rel}","templated":true}]}}