{"id":11050,"date":"2019-11-11T15:25:42","date_gmt":"2019-11-11T15:25:42","guid":{"rendered":"https:\/\/jorgezanoni.com.br\/2019\/?p=11050"},"modified":"2019-11-11T15:25:42","modified_gmt":"2019-11-11T15:25:42","slug":"asilo-de-tupi-paulista-celebra-jubileu-de-diamante","status":"publish","type":"post","link":"https:\/\/jorgezanoni.com.br\/2019\/asilo-de-tupi-paulista-celebra-jubileu-de-diamante\/","title":{"rendered":"Asilo de Tupi Paulista celebra Jubileu de Diamante"},"content":{"rendered":"<p style=\"text-align: justify;\">No dia 09 de novembro de 2019 o Asilo S\u00e3o Vicente de Paulo de Tupi Paulista, celebrou o Jubileu de Diamante, s\u00e3o 60 anos de funda\u00e7\u00e3o, (1959-2019). Como lema: 60 anos de amor e acolhimento ao idoso.<\/p>\n<p style=\"text-align: justify;\">\u00a0\u00a0\u00a0\u00a0\u00a0\u00a0\u00a0\u00a0\u00a0\u00a0\u00a0\u00a0\u00a0\u00a0\u00a0Com os 30 internos e dezenas de convidados, foi realizada na sede do Asilo a festa dos sessenta anos com missa presidida pelo vig\u00e1rio paroquial padre Jo\u00e3o de Chico e em seguida servido um coquetel aos presentes.<\/p>\n<p style=\"text-align: justify;\">\u00a0\u00a0\u00a0\u00a0\u00a0\u00a0\u00a0\u00a0\u00a0\u00a0\u00a0\u00a0\u00a0\u00a0\u00a0Os vicentinos associados e funcion\u00e1rios da entidade empenhados, demonstrando muita alegria e uni\u00e3o especial pela data e caracter\u00edstica de quem serve o pr\u00f3ximo com amor.<\/p>\n<p style=\"text-align: justify;\">\u00a0\u00a0\u00a0\u00a0\u00a0\u00a0\u00a0\u00a0\u00a0\u00a0\u00a0\u00a0\u00a0\u00a0\u00a0A diretoria do Asilo presidida pela Senhora Maria Clarice da Silva Mazoni, homenageou o Professor Mario Pereira em nome dele a todos os vicentinos membros do Asilo de Tupi Paulista. Na oportunidade autoridades municipais prestigiaram o evento que contou ainda com a presen\u00e7a do primeiro presidente Sr. Jos\u00e9 Mura e seus colegas de inicio da obra, Professor Nelson Esperan\u00e7a e Professor Mario Pereira.<\/p>\n<p style=\"text-align: justify;\">\u00a0\u00a0\u00a0\u00a0\u00a0\u00a0\u00a0\u00a0\u00a0\u00a0\u00a0\u00a0\u00a0\u00a0\u00a0Cercada de emo\u00e7\u00e3o a cerim\u00f4nia foi encerrada com agradecimentos a todos que colaboraram e colaboram com aquela casa de acolhimento.<\/p>\n<p><img loading=\"lazy\" decoding=\"async\" class=\"alignnone size-full wp-image-11051\" src=\"https:\/\/jorgezanoni.com.br\/2019\/wp-content\/uploads\/2019\/11\/asilo.jpg\" alt=\"\" width=\"1600\" height=\"1064\" srcset=\"https:\/\/jorgezanoni.com.br\/2019\/wp-content\/uploads\/2019\/11\/asilo.jpg 1600w, https:\/\/jorgezanoni.com.br\/2019\/wp-content\/uploads\/2019\/11\/asilo-300x200.jpg 300w, https:\/\/jorgezanoni.com.br\/2019\/wp-content\/uploads\/2019\/11\/asilo-768x511.jpg 768w, https:\/\/jorgezanoni.com.br\/2019\/wp-content\/uploads\/2019\/11\/asilo-1024x681.jpg 1024w, https:\/\/jorgezanoni.com.br\/2019\/wp-content\/uploads\/2019\/11\/asilo-696x463.jpg 696w, https:\/\/jorgezanoni.com.br\/2019\/wp-content\/uploads\/2019\/11\/asilo-1068x710.jpg 1068w, https:\/\/jorgezanoni.com.br\/2019\/wp-content\/uploads\/2019\/11\/asilo-632x420.jpg 632w\" sizes=\"auto, (max-width: 1600px) 100vw, 1600px\" \/> <img loading=\"lazy\" decoding=\"async\" class=\"alignnone size-full wp-image-11052\" src=\"https:\/\/jorgezanoni.com.br\/2019\/wp-content\/uploads\/2019\/11\/asilo1.jpg\" alt=\"\" width=\"1600\" height=\"1064\" srcset=\"https:\/\/jorgezanoni.com.br\/2019\/wp-content\/uploads\/2019\/11\/asilo1.jpg 1600w, https:\/\/jorgezanoni.com.br\/2019\/wp-content\/uploads\/2019\/11\/asilo1-300x200.jpg 300w, https:\/\/jorgezanoni.com.br\/2019\/wp-content\/uploads\/2019\/11\/asilo1-768x511.jpg 768w, https:\/\/jorgezanoni.com.br\/2019\/wp-content\/uploads\/2019\/11\/asilo1-1024x681.jpg 1024w, https:\/\/jorgezanoni.com.br\/2019\/wp-content\/uploads\/2019\/11\/asilo1-696x463.jpg 696w, https:\/\/jorgezanoni.com.br\/2019\/wp-content\/uploads\/2019\/11\/asilo1-1068x710.jpg 1068w, https:\/\/jorgezanoni.com.br\/2019\/wp-content\/uploads\/2019\/11\/asilo1-632x420.jpg 632w\" sizes=\"auto, (max-width: 1600px) 100vw, 1600px\" \/> <img loading=\"lazy\" decoding=\"async\" class=\"alignnone size-full wp-image-11053\" src=\"https:\/\/jorgezanoni.com.br\/2019\/wp-content\/uploads\/2019\/11\/asilo2.jpg\" alt=\"\" width=\"1600\" height=\"1064\" srcset=\"https:\/\/jorgezanoni.com.br\/2019\/wp-content\/uploads\/2019\/11\/asilo2.jpg 1600w, https:\/\/jorgezanoni.com.br\/2019\/wp-content\/uploads\/2019\/11\/asilo2-300x200.jpg 300w, https:\/\/jorgezanoni.com.br\/2019\/wp-content\/uploads\/2019\/11\/asilo2-768x511.jpg 768w, https:\/\/jorgezanoni.com.br\/2019\/wp-content\/uploads\/2019\/11\/asilo2-1024x681.jpg 1024w, https:\/\/jorgezanoni.com.br\/2019\/wp-content\/uploads\/2019\/11\/asilo2-696x463.jpg 696w, https:\/\/jorgezanoni.com.br\/2019\/wp-content\/uploads\/2019\/11\/asilo2-1068x710.jpg 1068w, https:\/\/jorgezanoni.com.br\/2019\/wp-content\/uploads\/2019\/11\/asilo2-632x420.jpg 632w\" sizes=\"auto, (max-width: 1600px) 100vw, 1600px\" \/><img loading=\"lazy\" decoding=\"async\" class=\"alignnone size-full wp-image-11054\" src=\"https:\/\/jorgezanoni.com.br\/2019\/wp-content\/uploads\/2019\/11\/asilo3.jpg\" alt=\"\" width=\"1345\" height=\"874\" srcset=\"https:\/\/jorgezanoni.com.br\/2019\/wp-content\/uploads\/2019\/11\/asilo3.jpg 1345w, https:\/\/jorgezanoni.com.br\/2019\/wp-content\/uploads\/2019\/11\/asilo3-300x195.jpg 300w, https:\/\/jorgezanoni.com.br\/2019\/wp-content\/uploads\/2019\/11\/asilo3-768x499.jpg 768w, https:\/\/jorgezanoni.com.br\/2019\/wp-content\/uploads\/2019\/11\/asilo3-1024x665.jpg 1024w, https:\/\/jorgezanoni.com.br\/2019\/wp-content\/uploads\/2019\/11\/asilo3-696x452.jpg 696w, https:\/\/jorgezanoni.com.br\/2019\/wp-content\/uploads\/2019\/11\/asilo3-1068x694.jpg 1068w, https:\/\/jorgezanoni.com.br\/2019\/wp-content\/uploads\/2019\/11\/asilo3-646x420.jpg 646w\" sizes=\"auto, (max-width: 1345px) 100vw, 1345px\" \/> <img loading=\"lazy\" decoding=\"async\" class=\"alignnone size-full wp-image-11055\" src=\"https:\/\/jorgezanoni.com.br\/2019\/wp-content\/uploads\/2019\/11\/asilo4.jpg\" alt=\"\" width=\"1600\" height=\"1064\" srcset=\"https:\/\/jorgezanoni.com.br\/2019\/wp-content\/uploads\/2019\/11\/asilo4.jpg 1600w, https:\/\/jorgezanoni.com.br\/2019\/wp-content\/uploads\/2019\/11\/asilo4-300x200.jpg 300w, https:\/\/jorgezanoni.com.br\/2019\/wp-content\/uploads\/2019\/11\/asilo4-768x511.jpg 768w, https:\/\/jorgezanoni.com.br\/2019\/wp-content\/uploads\/2019\/11\/asilo4-1024x681.jpg 1024w, https:\/\/jorgezanoni.com.br\/2019\/wp-content\/uploads\/2019\/11\/asilo4-696x463.jpg 696w, https:\/\/jorgezanoni.com.br\/2019\/wp-content\/uploads\/2019\/11\/asilo4-1068x710.jpg 1068w, https:\/\/jorgezanoni.com.br\/2019\/wp-content\/uploads\/2019\/11\/asilo4-632x420.jpg 632w\" sizes=\"auto, (max-width: 1600px) 100vw, 1600px\" \/> <img loading=\"lazy\" decoding=\"async\" class=\"alignnone size-full wp-image-11056\" src=\"https:\/\/jorgezanoni.com.br\/2019\/wp-content\/uploads\/2019\/11\/asilo5.jpg\" alt=\"\" width=\"1600\" height=\"1064\" srcset=\"https:\/\/jorgezanoni.com.br\/2019\/wp-content\/uploads\/2019\/11\/asilo5.jpg 1600w, https:\/\/jorgezanoni.com.br\/2019\/wp-content\/uploads\/2019\/11\/asilo5-300x200.jpg 300w, https:\/\/jorgezanoni.com.br\/2019\/wp-content\/uploads\/2019\/11\/asilo5-768x511.jpg 768w, https:\/\/jorgezanoni.com.br\/2019\/wp-content\/uploads\/2019\/11\/asilo5-1024x681.jpg 1024w, https:\/\/jorgezanoni.com.br\/2019\/wp-content\/uploads\/2019\/11\/asilo5-696x463.jpg 696w, https:\/\/jorgezanoni.com.br\/2019\/wp-content\/uploads\/2019\/11\/asilo5-1068x710.jpg 1068w, https:\/\/jorgezanoni.com.br\/2019\/wp-content\/uploads\/2019\/11\/asilo5-632x420.jpg 632w\" sizes=\"auto, (max-width: 1600px) 100vw, 1600px\" \/> <img loading=\"lazy\" decoding=\"async\" class=\"alignnone size-full wp-image-11057\" src=\"https:\/\/jorgezanoni.com.br\/2019\/wp-content\/uploads\/2019\/11\/asilo6.jpg\" alt=\"\" width=\"1600\" height=\"1064\" srcset=\"https:\/\/jorgezanoni.com.br\/2019\/wp-content\/uploads\/2019\/11\/asilo6.jpg 1600w, https:\/\/jorgezanoni.com.br\/2019\/wp-content\/uploads\/2019\/11\/asilo6-300x200.jpg 300w, https:\/\/jorgezanoni.com.br\/2019\/wp-content\/uploads\/2019\/11\/asilo6-768x511.jpg 768w, https:\/\/jorgezanoni.com.br\/2019\/wp-content\/uploads\/2019\/11\/asilo6-1024x681.jpg 1024w, https:\/\/jorgezanoni.com.br\/2019\/wp-content\/uploads\/2019\/11\/asilo6-696x463.jpg 696w, https:\/\/jorgezanoni.com.br\/2019\/wp-content\/uploads\/2019\/11\/asilo6-1068x710.jpg 1068w, https:\/\/jorgezanoni.com.br\/2019\/wp-content\/uploads\/2019\/11\/asilo6-632x420.jpg 632w\" sizes=\"auto, (max-width: 1600px) 100vw, 1600px\" \/>Fonte: Antonio Luciano Teixeira\/ Pascom<\/p>\n","protected":false},"excerpt":{"rendered":"<p>No dia 09 de novembro de 2019 o Asilo S\u00e3o Vicente de Paulo de Tupi Paulista, celebrou o Jubileu de Diamante, s\u00e3o 60 anos de funda\u00e7\u00e3o, (1959-2019). Como lema: 60 anos de amor e acolhimento ao idoso. \u00a0\u00a0\u00a0\u00a0\u00a0\u00a0\u00a0\u00a0\u00a0\u00a0\u00a0\u00a0\u00a0\u00a0\u00a0Com os 30 internos e dezenas de convidados, foi realizada na sede do Asilo a festa dos sessenta [&hellip;]<\/p>\n","protected":false},"author":1,"featured_media":11058,"comment_status":"closed","ping_status":"open","sticky":false,"template":"","format":"standard","meta":{"footnotes":""},"categories":[118],"tags":[],"class_list":["post-11050","post","type-post","status-publish","format-standard","has-post-thumbnail","hentry","category-religiaoesolidariedade"],"_links":{"self":[{"href":"https:\/\/jorgezanoni.com.br\/2019\/wp-json\/wp\/v2\/posts\/11050","targetHints":{"allow":["GET"]}}],"collection":[{"href":"https:\/\/jorgezanoni.com.br\/2019\/wp-json\/wp\/v2\/posts"}],"about":[{"href":"https:\/\/jorgezanoni.com.br\/2019\/wp-json\/wp\/v2\/types\/post"}],"author":[{"embeddable":true,"href":"https:\/\/jorgezanoni.com.br\/2019\/wp-json\/wp\/v2\/users\/1"}],"replies":[{"embeddable":true,"href":"https:\/\/jorgezanoni.com.br\/2019\/wp-json\/wp\/v2\/comments?post=11050"}],"version-history":[{"count":0,"href":"https:\/\/jorgezanoni.com.br\/2019\/wp-json\/wp\/v2\/posts\/11050\/revisions"}],"wp:featuredmedia":[{"embeddable":true,"href":"https:\/\/jorgezanoni.com.br\/2019\/wp-json\/wp\/v2\/media\/11058"}],"wp:attachment":[{"href":"https:\/\/jorgezanoni.com.br\/2019\/wp-json\/wp\/v2\/media?parent=11050"}],"wp:term":[{"taxonomy":"category","embeddable":true,"href":"https:\/\/jorgezanoni.com.br\/2019\/wp-json\/wp\/v2\/categories?post=11050"},{"taxonomy":"post_tag","embeddable":true,"href":"https:\/\/jorgezanoni.com.br\/2019\/wp-json\/wp\/v2\/tags?post=11050"}],"curies":[{"name":"wp","href":"https:\/\/api.w.org\/{rel}","templated":true}]}}