{"id":1104,"date":"2019-07-19T23:27:22","date_gmt":"2019-07-19T23:27:22","guid":{"rendered":"http:\/\/jorgezanoni.com.br\/2019\/?p=1104"},"modified":"2019-07-19T23:27:36","modified_gmt":"2019-07-19T23:27:36","slug":"no-pan-de-atletismo-maria-victoria-belo-de-sena-quebra-recorde-brasileiro-sub-20-dos-400m","status":"publish","type":"post","link":"https:\/\/jorgezanoni.com.br\/2019\/no-pan-de-atletismo-maria-victoria-belo-de-sena-quebra-recorde-brasileiro-sub-20-dos-400m\/","title":{"rendered":"No Pan de Atletismo, Maria Vict\u00f3ria Belo de Sena quebra recorde brasileiro sub-20 dos 400m"},"content":{"rendered":"<h2 class=\"content-head__subtitle\"><strong>Atleta bate por 25s a marca que pertencia a Tiffani Beatriz Marinho e agradece apoio.<\/strong><\/h2>\n<div class=\"mc-column content-text active-extra-styles \" data-block-type=\"unstyled\" data-block-weight=\"39\" data-block-id=\"2\">\n<p class=\"content-text__container \" data-track-category=\"Link no Texto\" data-track-links=\"\">Maria Vict\u00f3ria Belo de Sena, de Presidente Prudente (interior paulista), come\u00e7ou com tudo o Campeonato Pan-Americano Sub-20 de Atletismo, em San Jos\u00e9, na Costa Rica. Na semifinal dos 400m, nesta sexta-feira (19), ela quebrou o recorde brasileiro da categoria.<\/p>\n<\/div>\n<div class=\"wall protected-content\">\n<div class=\"mc-column content-text active-extra-styles \" data-block-type=\"unstyled\" data-block-weight=\"41\" data-block-id=\"3\">\n<p class=\"content-text__container \" data-track-category=\"Link no Texto\" data-track-links=\"\">Maria Vict\u00f3ria fez o tempo de 52s60 e passou a ser a dona da marca que pertencia a Tiffani Beatriz Domingos Silva do Nascimento Marinho. O antigo recorde era de 52s85, obtido em junho de 2018, em Bragan\u00e7a Paulista (SP).<\/p>\n<\/div>\n<div class=\"mc-column content-text active-extra-styles \" data-block-type=\"unstyled\" data-block-weight=\"102\" data-block-id=\"4\">\n<p class=\"content-text__container \" data-track-category=\"Link no Texto\" data-track-links=\"\">\u2013 Primeiramente, eu quero agradecer a Deus, e eu fico muito feliz em poder ser hoje a atual recordista brasileira. Foi um trabalho dif\u00edcil, porque t\u00ednhamos em mente que n\u00e3o seria nada f\u00e1cil conseguir quebrar a barreira dos 53 segundos, mas gra\u00e7as ao meu pai, que foi meu treinador durante todo esse tempo (Inaldo Sena), aos que acreditaram em mim, a ajuda dos patroc\u00ednios, ajuda de todos&#8230; E essa oportunidade eu consegui aproveitar bem. \u00c9 um tempo muito bom, fiquei muito feliz com isso e agora estamos indo com objetivo de melhorar mais ainda esse tempo na final \u2013 falou Maria Vict\u00f3ria.<\/p>\n<article>\n<div class=\"wall protected-content\">\n<div class=\"mc-column content-text active-extra-styles \" data-block-type=\"unstyled\" data-block-weight=\"45\" data-block-id=\"7\">\n<p class=\"content-text__container \" data-track-category=\"Link no Texto\" data-track-links=\"\">A prudentina ficou em segundo lugar na segunda bateria da prova na Costa Rica, atr\u00e1s apenas da americana Alexis Holmes, que fez 51s76. No geral, ela avan\u00e7ou para a decis\u00e3o com o terceiro melhor tempo. Na primeira bateria, a tamb\u00e9m americana Kayla Davis atingiu 52s27.<\/p>\n<\/div>\n<div data-track-category=\"multicontent\" data-track-action=\"ultimo chunk conteudo\" data-track-noninteraction=\"false\" data-track-scroll=\"view\">\n<div class=\"mc-column content-text active-extra-styles \" data-block-type=\"unstyled\" data-block-weight=\"33\" data-block-id=\"8\">\n<p class=\"content-text__container \" data-track-category=\"Link no Texto\" data-track-links=\"\">A semifinal foi disputada por Maria Vict\u00f3ria de manh\u00e3 na Costa Rica (come\u00e7o da tarde no Brasil), e a final est\u00e1 marcada para as 17h25 de San Jos\u00e9 (20h25 de Bras\u00edlia) desta sexta-feira.<\/p>\n<\/div>\n<\/div>\n<\/div>\n<\/article>\n<\/div>\n<div class=\"mc-column entities\">Fonte: https:\/\/globoesporte.globo.com\/sp\/presidente-prudente-regiao\/atletismo\/noticia\/no-pan-de-atletismo-maria-victoria-belo-de-sena-quebra-recorde-brasileiro-sub-20-dos-400m.ghtml<\/div>\n<\/div>\n","protected":false},"excerpt":{"rendered":"<p>Atleta bate por 25s a marca que pertencia a Tiffani Beatriz Marinho e agradece apoio. Maria Vict\u00f3ria Belo de Sena, de Presidente Prudente (interior paulista), come\u00e7ou com tudo o Campeonato Pan-Americano Sub-20 de Atletismo, em San Jos\u00e9, na Costa Rica. Na semifinal dos 400m, nesta sexta-feira (19), ela quebrou o recorde brasileiro da categoria. Maria [&hellip;]<\/p>\n","protected":false},"author":1,"featured_media":1105,"comment_status":"open","ping_status":"open","sticky":false,"template":"","format":"standard","meta":{"footnotes":""},"categories":[111],"tags":[],"class_list":["post-1104","post","type-post","status-publish","format-standard","has-post-thumbnail","hentry","category-esporteecultura"],"_links":{"self":[{"href":"https:\/\/jorgezanoni.com.br\/2019\/wp-json\/wp\/v2\/posts\/1104","targetHints":{"allow":["GET"]}}],"collection":[{"href":"https:\/\/jorgezanoni.com.br\/2019\/wp-json\/wp\/v2\/posts"}],"about":[{"href":"https:\/\/jorgezanoni.com.br\/2019\/wp-json\/wp\/v2\/types\/post"}],"author":[{"embeddable":true,"href":"https:\/\/jorgezanoni.com.br\/2019\/wp-json\/wp\/v2\/users\/1"}],"replies":[{"embeddable":true,"href":"https:\/\/jorgezanoni.com.br\/2019\/wp-json\/wp\/v2\/comments?post=1104"}],"version-history":[{"count":0,"href":"https:\/\/jorgezanoni.com.br\/2019\/wp-json\/wp\/v2\/posts\/1104\/revisions"}],"wp:featuredmedia":[{"embeddable":true,"href":"https:\/\/jorgezanoni.com.br\/2019\/wp-json\/wp\/v2\/media\/1105"}],"wp:attachment":[{"href":"https:\/\/jorgezanoni.com.br\/2019\/wp-json\/wp\/v2\/media?parent=1104"}],"wp:term":[{"taxonomy":"category","embeddable":true,"href":"https:\/\/jorgezanoni.com.br\/2019\/wp-json\/wp\/v2\/categories?post=1104"},{"taxonomy":"post_tag","embeddable":true,"href":"https:\/\/jorgezanoni.com.br\/2019\/wp-json\/wp\/v2\/tags?post=1104"}],"curies":[{"name":"wp","href":"https:\/\/api.w.org\/{rel}","templated":true}]}}