{"id":11024,"date":"2019-11-11T00:44:35","date_gmt":"2019-11-11T00:44:35","guid":{"rendered":"https:\/\/jorgezanoni.com.br\/2019\/?p=11024"},"modified":"2019-11-11T00:44:35","modified_gmt":"2019-11-11T00:44:35","slug":"chevrolet-diz-que-identificou-outros-dois-onix-plus-com-defeito-e-que-solucao-sai-nos-proximos-dias","status":"publish","type":"post","link":"https:\/\/jorgezanoni.com.br\/2019\/chevrolet-diz-que-identificou-outros-dois-onix-plus-com-defeito-e-que-solucao-sai-nos-proximos-dias\/","title":{"rendered":"Chevrolet diz que identificou outros dois Onix Plus com defeito e que solu\u00e7\u00e3o sai &#8216;nos pr\u00f3ximos dias&#8217;"},"content":{"rendered":"<h2 class=\"content-head__subtitle\" style=\"text-align: justify;\"><strong>Uma unidade do sed\u00e3 pegou fogo no Piau\u00ed. Na \u00faltima quarta-feira, 6, o G1 antecipou que a fabricante suspendeu as entregas do modelo e mandou recolher ve\u00edculos j\u00e1 entregues.<\/strong><\/h2>\n<div class=\"mc-column content-text active-extra-styles \" data-block-type=\"unstyled\" data-block-weight=\"43\" data-block-id=\"2\">\n<p class=\"content-text__container \" style=\"text-align: justify;\" data-track-category=\"Link no Texto\" data-track-links=\"\">Al\u00e9m da unidade que pegou fogo no Piau\u00ed, a\u00a0<a href=\"https:\/\/g1.globo.com\/carros\/marcas\/chevrolet\/\">Chevrolet\u00a0<\/a>tamb\u00e9m identificou problema em pelo menos outros duas unidades do\u00a0<a href=\"https:\/\/g1.globo.com\/carros\/modelos\/gm-chevrolet-onix-plus\/\">Onix Plus<\/a>. \u00c9 o que aponta um documento assinado pelo presidente da General Motors Am\u00e9rica do Sul (dona da Chevrolet), Carlos Zarlenga.<\/p>\n<\/div>\n<div class=\"wall protected-content\">\n<div class=\"mc-column content-text active-extra-styles \" style=\"text-align: justify;\" data-block-type=\"unstyled\" data-block-weight=\"27\" data-block-id=\"3\">\n<p class=\"content-text__container \" data-track-category=\"Link no Texto\" data-track-links=\"\">Na \u00faltima quarta-feira (6), o\u00a0<strong>G1\u00a0<\/strong>antecipou que a\u00a0<a href=\"https:\/\/g1.globo.com\/carros\/noticia\/2019\/11\/06\/chevrolet-onix-plus-tem-entregas-suspensas-por-risco-de-incendio.ghtml\">fabricante suspendeu as entregas do Onix Plus<\/a>, al\u00e9m de recolher as unidades que j\u00e1 haviam sido vendidas.<\/p>\n<\/div>\n<div class=\"mc-column content-text active-extra-styles \" data-block-type=\"unstyled\" data-block-weight=\"29\" data-block-id=\"4\">\n<p class=\"content-text__container \" style=\"text-align: justify;\" data-track-category=\"Link no Texto\" data-track-links=\"\">O comunicado, destinado aos concession\u00e1rios da marca, foi obtido pelo\u00a0<strong>G1<\/strong>. Na carta, datada desta sexta-feira (8), Zarlenga afirma que soube do primeiro inc\u00eandio em 29 de outubro.<\/p>\n<p class=\"content-text__container \" style=\"text-align: justify;\" data-track-category=\"Link no Texto\" data-track-links=\"\"><span style=\"font-style: italic; text-align: center;\">O executivo ainda relata que soube, mais tarde, que, &#8220;na mesma regi\u00e3o, outros dois Onix Plus apresentaram um problema em seus motores&#8221;.<\/span><\/p>\n<div class=\"mc-column content-text active-extra-styles \" style=\"text-align: justify;\" data-block-type=\"unstyled\" data-block-weight=\"31\" data-block-id=\"7\">\n<p class=\"content-text__container \" data-track-category=\"Link no Texto\" data-track-links=\"\">No comunicado, a GM afirma ter recolhido e estudado os ve\u00edculos. A empresa afirma que o setor de engenharia identificou o problema, que est\u00e1 no programa de gerenciamento do motor.<\/p>\n<\/div>\n<div class=\"mc-column content-text active-extra-styles \" style=\"text-align: justify;\" data-block-type=\"unstyled\" data-block-weight=\"76\" data-block-id=\"8\">\n<p class=\"content-text__container \" data-track-category=\"Link no Texto\" data-track-links=\"\">&#8220;Sob certas condi\u00e7\u00f5es espec\u00edficas, o software de gerenciamento do motor poderia enviar uma mensagem errada, o que poderia eventualmente causar uma falha do motor. Embora essa condi\u00e7\u00e3o cause o acendimento de uma luz de alerta no painel de instrumentos informando o motorista de que algo est\u00e1 errado, um motorista que continue a dirigir o carro mesmo ap\u00f3s esse alerta poderia danificar o motor e, em decorr\u00eancia desse dano, um inc\u00eandio poderia ocorrer&#8221;, disse o comunicado.<\/p>\n<\/div>\n<div class=\"mc-column content-text active-extra-styles \" data-block-type=\"unstyled\" data-block-weight=\"11\" data-block-id=\"9\">\n<p class=\"content-text__container \" style=\"text-align: justify;\" data-track-category=\"Link no Texto\" data-track-links=\"\">Procurada pelo\u00a0<strong>G1<\/strong>, a GM confirmou o conte\u00fado do documento.<\/p>\n<p style=\"text-align: justify;\" data-track-category=\"Link no Texto\" data-track-links=\"\"><img loading=\"lazy\" decoding=\"async\" class=\"alignnone size-full wp-image-11027\" src=\"https:\/\/jorgezanoni.com.br\/2019\/wp-content\/uploads\/2019\/11\/onix1.jpg\" alt=\"\" width=\"1200\" height=\"1401\" srcset=\"https:\/\/jorgezanoni.com.br\/2019\/wp-content\/uploads\/2019\/11\/onix1.jpg 1200w, https:\/\/jorgezanoni.com.br\/2019\/wp-content\/uploads\/2019\/11\/onix1-257x300.jpg 257w, https:\/\/jorgezanoni.com.br\/2019\/wp-content\/uploads\/2019\/11\/onix1-768x897.jpg 768w, https:\/\/jorgezanoni.com.br\/2019\/wp-content\/uploads\/2019\/11\/onix1-877x1024.jpg 877w, https:\/\/jorgezanoni.com.br\/2019\/wp-content\/uploads\/2019\/11\/onix1-696x813.jpg 696w, https:\/\/jorgezanoni.com.br\/2019\/wp-content\/uploads\/2019\/11\/onix1-1068x1247.jpg 1068w, https:\/\/jorgezanoni.com.br\/2019\/wp-content\/uploads\/2019\/11\/onix1-360x420.jpg 360w\" sizes=\"auto, (max-width: 1200px) 100vw, 1200px\" \/><\/p>\n<p style=\"text-align: justify;\" data-track-category=\"Link no Texto\" data-track-links=\"\">Comunicado enviado pelo presidente da GM, Carlos Zarlenga, aos concession\u00e1rios \u2014 Foto: Reprodu\u00e7\u00e3o<\/p>\n<div class=\"mc-column content-text active-extra-styles \" data-block-type=\"unstyled\" data-block-weight=\"21\" data-block-id=\"12\">\n<p class=\"content-text__container \" style=\"text-align: justify;\" data-track-category=\"Link no Texto\" data-track-links=\"\">Nesse mesmo documento, a General Motors afirma que o setor de engenharia desenvolveu uma atualiza\u00e7\u00e3o no programa de gerenciamento do motor.<\/p>\n<p class=\"content-text__container \" style=\"text-align: justify;\" data-track-category=\"Link no Texto\" data-track-links=\"\"><span style=\"font-style: italic; text-align: center;\">Segundo Zarlenda, o objetivo &#8220;\u00e9 disponibilizar a atualiza\u00e7\u00e3o do software nos pr\u00f3ximos dias para a rede de Concession\u00e1rias, para que eles possam atualizar todos os carros&#8221;.<\/span><\/p>\n<p style=\"text-align: justify;\" data-track-category=\"Link no Texto\" data-track-links=\"\">Fonte: https:\/\/g1.globo.com\/carros\/noticia\/2019\/11\/08\/chevrolet-diz-que-identificou-outros-dois-onix-plus-com-defeito-e-que-solucao-sai-nos-proximos-dias.ghtml<\/p>\n<\/div>\n<\/div>\n<\/div>\n<\/div>\n","protected":false},"excerpt":{"rendered":"<p>Uma unidade do sed\u00e3 pegou fogo no Piau\u00ed. Na \u00faltima quarta-feira, 6, o G1 antecipou que a fabricante suspendeu as entregas do modelo e mandou recolher ve\u00edculos j\u00e1 entregues. Al\u00e9m da unidade que pegou fogo no Piau\u00ed, a\u00a0Chevrolet\u00a0tamb\u00e9m identificou problema em pelo menos outros duas unidades do\u00a0Onix Plus. \u00c9 o que aponta um documento assinado [&hellip;]<\/p>\n","protected":false},"author":1,"featured_media":11028,"comment_status":"closed","ping_status":"open","sticky":false,"template":"","format":"standard","meta":{"footnotes":""},"categories":[180],"tags":[],"class_list":["post-11024","post","type-post","status-publish","format-standard","has-post-thumbnail","hentry","category-estradastransitoveiculos"],"_links":{"self":[{"href":"https:\/\/jorgezanoni.com.br\/2019\/wp-json\/wp\/v2\/posts\/11024","targetHints":{"allow":["GET"]}}],"collection":[{"href":"https:\/\/jorgezanoni.com.br\/2019\/wp-json\/wp\/v2\/posts"}],"about":[{"href":"https:\/\/jorgezanoni.com.br\/2019\/wp-json\/wp\/v2\/types\/post"}],"author":[{"embeddable":true,"href":"https:\/\/jorgezanoni.com.br\/2019\/wp-json\/wp\/v2\/users\/1"}],"replies":[{"embeddable":true,"href":"https:\/\/jorgezanoni.com.br\/2019\/wp-json\/wp\/v2\/comments?post=11024"}],"version-history":[{"count":0,"href":"https:\/\/jorgezanoni.com.br\/2019\/wp-json\/wp\/v2\/posts\/11024\/revisions"}],"wp:featuredmedia":[{"embeddable":true,"href":"https:\/\/jorgezanoni.com.br\/2019\/wp-json\/wp\/v2\/media\/11028"}],"wp:attachment":[{"href":"https:\/\/jorgezanoni.com.br\/2019\/wp-json\/wp\/v2\/media?parent=11024"}],"wp:term":[{"taxonomy":"category","embeddable":true,"href":"https:\/\/jorgezanoni.com.br\/2019\/wp-json\/wp\/v2\/categories?post=11024"},{"taxonomy":"post_tag","embeddable":true,"href":"https:\/\/jorgezanoni.com.br\/2019\/wp-json\/wp\/v2\/tags?post=11024"}],"curies":[{"name":"wp","href":"https:\/\/api.w.org\/{rel}","templated":true}]}}