{"id":11012,"date":"2019-11-10T23:25:28","date_gmt":"2019-11-10T23:25:28","guid":{"rendered":"https:\/\/jorgezanoni.com.br\/2019\/?p=11012"},"modified":"2019-11-10T23:25:28","modified_gmt":"2019-11-10T23:25:28","slug":"caroco-de-algodao-esta-pouco-atrativo-em-mato-grosso-diz-imea","status":"publish","type":"post","link":"https:\/\/jorgezanoni.com.br\/2019\/caroco-de-algodao-esta-pouco-atrativo-em-mato-grosso-diz-imea\/","title":{"rendered":"Caro\u00e7o de algod\u00e3o est\u00e1 pouco atrativo em Mato Grosso, diz Imea"},"content":{"rendered":"<p style=\"text-align: justify;\">O mercado de caro\u00e7o de algod\u00e3o tem sido pouco atrativo em Mato Grosso, avaliam o t\u00e9cnicos do Instituto de Economia Agropecu\u00e1ria do Estado (Imea). Em boletim semanal de mercado, a institui\u00e7\u00e3o avalia que os pre\u00e7os referentes \u00e0 safra 2018\/2019 n\u00e3o tem estado em bons patamares, operando em boa parte do ano abaixo dos n\u00edveis registrados no ciclo anterior.<\/p>\n<p style=\"text-align: justify;\">Ainda conforme o Imea, na \u00faltima semana de outubro, a tonelada foi cotada, em m\u00e9dia, a R$ 390,94, 2,12% a menos na compara\u00e7\u00e3o com o valor m\u00e9dio registrado em setembro, de R$ 399,41 a toneladas. O movimento de queda \u00e9 atribu\u00eddo \u00e0 maior oferta de caro\u00e7o de algod\u00e3o dispon\u00edvel no mercado.<\/p>\n<p style=\"text-align: justify;\">\u201cA expectativa para o mercado deste subproduto segue pouco satisfat\u00f3ria ao produtor que precisa negociar a safra atual, ainda assim, os trabalhos operacionais nas algodoeiras n\u00e3o param o que aumenta a oferta do produto e pressiona ainda mais as cota\u00e7\u00f5es. Com o mercado pouco atrativo \u00e0s negocia\u00e7\u00f5es, n\u00e3o somente a safra atual como a 19\/20 tende a manter ritmo lento de neg\u00f3cios\u201d, diz o Imea.<\/p>\n<p style=\"text-align: justify;\">Fonte: https:\/\/revistagloborural.globo.com\/Noticias\/Agricultura\/Algodao\/noticia\/2019\/11\/caroco-de-algodao-esta-pouco-atrativo-em-mato-grosso-diz-imea.html<\/p>\n","protected":false},"excerpt":{"rendered":"<p>O mercado de caro\u00e7o de algod\u00e3o tem sido pouco atrativo em Mato Grosso, avaliam o t\u00e9cnicos do Instituto de Economia Agropecu\u00e1ria do Estado (Imea). Em boletim semanal de mercado, a institui\u00e7\u00e3o avalia que os pre\u00e7os referentes \u00e0 safra 2018\/2019 n\u00e3o tem estado em bons patamares, operando em boa parte do ano abaixo dos n\u00edveis registrados [&hellip;]<\/p>\n","protected":false},"author":1,"featured_media":11013,"comment_status":"closed","ping_status":"open","sticky":false,"template":"","format":"standard","meta":{"footnotes":""},"categories":[176],"tags":[],"class_list":["post-11012","post","type-post","status-publish","format-standard","has-post-thumbnail","hentry","category-meioambienteeagricultura"],"_links":{"self":[{"href":"https:\/\/jorgezanoni.com.br\/2019\/wp-json\/wp\/v2\/posts\/11012","targetHints":{"allow":["GET"]}}],"collection":[{"href":"https:\/\/jorgezanoni.com.br\/2019\/wp-json\/wp\/v2\/posts"}],"about":[{"href":"https:\/\/jorgezanoni.com.br\/2019\/wp-json\/wp\/v2\/types\/post"}],"author":[{"embeddable":true,"href":"https:\/\/jorgezanoni.com.br\/2019\/wp-json\/wp\/v2\/users\/1"}],"replies":[{"embeddable":true,"href":"https:\/\/jorgezanoni.com.br\/2019\/wp-json\/wp\/v2\/comments?post=11012"}],"version-history":[{"count":0,"href":"https:\/\/jorgezanoni.com.br\/2019\/wp-json\/wp\/v2\/posts\/11012\/revisions"}],"wp:featuredmedia":[{"embeddable":true,"href":"https:\/\/jorgezanoni.com.br\/2019\/wp-json\/wp\/v2\/media\/11013"}],"wp:attachment":[{"href":"https:\/\/jorgezanoni.com.br\/2019\/wp-json\/wp\/v2\/media?parent=11012"}],"wp:term":[{"taxonomy":"category","embeddable":true,"href":"https:\/\/jorgezanoni.com.br\/2019\/wp-json\/wp\/v2\/categories?post=11012"},{"taxonomy":"post_tag","embeddable":true,"href":"https:\/\/jorgezanoni.com.br\/2019\/wp-json\/wp\/v2\/tags?post=11012"}],"curies":[{"name":"wp","href":"https:\/\/api.w.org\/{rel}","templated":true}]}}