{"id":1101,"date":"2019-07-19T23:22:00","date_gmt":"2019-07-19T23:22:00","guid":{"rendered":"http:\/\/jorgezanoni.com.br\/2019\/?p=1101"},"modified":"2019-07-19T23:22:25","modified_gmt":"2019-07-19T23:22:25","slug":"atletismo-acd-de-dracena-conquista-32-medalhas-e-enche-de-orgulho-o-esporte-municipal","status":"publish","type":"post","link":"https:\/\/jorgezanoni.com.br\/2019\/atletismo-acd-de-dracena-conquista-32-medalhas-e-enche-de-orgulho-o-esporte-municipal\/","title":{"rendered":"Atletismo ACD de Dracena conquista 32 medalhas e enche de orgulho o Esporte municipal"},"content":{"rendered":"<p><strong>No total, segundo a secret\u00e1ria de Esporte Zoraide de Melo, foram 20 ouros e 12 pratas.<\/strong><\/p>\n<p>A primeira medalha de ouro nos 63\u00b0 Jogos Regionais \u2013 Assis 2019, do munic\u00edpio de Dracena veio atrav\u00e9s do atletismo ACD (atletas com defici\u00eancia). O atleta Tiago Parra Chiarali foi campe\u00e3o nos 100 metros rasos. A informa\u00e7\u00e3o chegou na tarde de ontem, 19, a reportagem. Ap\u00f3s houve outras competi\u00e7\u00f5es para a categoria resultando em 32 medalhas, sendo 20 ouros e 12 pratas.<\/p>\n<p>A secretaria de Esportes local informou que o atletismo ACD fez uma excelente participa\u00e7\u00e3o nos Regionais. No total foram 32 medalhas, que levaram Dracena ao 3\u00ba lugar geral na categoria. \u201cNossos atletas fazem parte da Associa\u00e7\u00e3o da Pessoa com Defici\u00eancia F\u00edsica de Dracena \u2013 Superando Limites (Adef \u2013 Suli), que em parceria com a Secretaria de Esporte, Lazer e Juventude, vem representando o munic\u00edpio em diversas competi\u00e7\u00f5es\u201d, disse a secret\u00e1ria.<\/p>\n<p>Fonte: Portal Regional<\/p>\n","protected":false},"excerpt":{"rendered":"<p>No total, segundo a secret\u00e1ria de Esporte Zoraide de Melo, foram 20 ouros e 12 pratas. A primeira medalha de ouro nos 63\u00b0 Jogos Regionais \u2013 Assis 2019, do munic\u00edpio de Dracena veio atrav\u00e9s do atletismo ACD (atletas com defici\u00eancia). O atleta Tiago Parra Chiarali foi campe\u00e3o nos 100 metros rasos. A informa\u00e7\u00e3o chegou na [&hellip;]<\/p>\n","protected":false},"author":1,"featured_media":1102,"comment_status":"open","ping_status":"open","sticky":false,"template":"","format":"standard","meta":{"footnotes":""},"categories":[111],"tags":[],"class_list":["post-1101","post","type-post","status-publish","format-standard","has-post-thumbnail","hentry","category-esporteecultura"],"_links":{"self":[{"href":"https:\/\/jorgezanoni.com.br\/2019\/wp-json\/wp\/v2\/posts\/1101","targetHints":{"allow":["GET"]}}],"collection":[{"href":"https:\/\/jorgezanoni.com.br\/2019\/wp-json\/wp\/v2\/posts"}],"about":[{"href":"https:\/\/jorgezanoni.com.br\/2019\/wp-json\/wp\/v2\/types\/post"}],"author":[{"embeddable":true,"href":"https:\/\/jorgezanoni.com.br\/2019\/wp-json\/wp\/v2\/users\/1"}],"replies":[{"embeddable":true,"href":"https:\/\/jorgezanoni.com.br\/2019\/wp-json\/wp\/v2\/comments?post=1101"}],"version-history":[{"count":0,"href":"https:\/\/jorgezanoni.com.br\/2019\/wp-json\/wp\/v2\/posts\/1101\/revisions"}],"wp:featuredmedia":[{"embeddable":true,"href":"https:\/\/jorgezanoni.com.br\/2019\/wp-json\/wp\/v2\/media\/1102"}],"wp:attachment":[{"href":"https:\/\/jorgezanoni.com.br\/2019\/wp-json\/wp\/v2\/media?parent=1101"}],"wp:term":[{"taxonomy":"category","embeddable":true,"href":"https:\/\/jorgezanoni.com.br\/2019\/wp-json\/wp\/v2\/categories?post=1101"},{"taxonomy":"post_tag","embeddable":true,"href":"https:\/\/jorgezanoni.com.br\/2019\/wp-json\/wp\/v2\/tags?post=1101"}],"curies":[{"name":"wp","href":"https:\/\/api.w.org\/{rel}","templated":true}]}}