{"id":11004,"date":"2019-11-10T19:19:11","date_gmt":"2019-11-10T19:19:11","guid":{"rendered":"https:\/\/jorgezanoni.com.br\/2019\/?p=11004"},"modified":"2019-11-10T19:19:11","modified_gmt":"2019-11-10T19:19:11","slug":"sirenes-ligadas-sim-policiais-militares-foram-rapidos-para-realizacao-de-um-sonho-e-alimentarem-outro","status":"publish","type":"post","link":"https:\/\/jorgezanoni.com.br\/2019\/sirenes-ligadas-sim-policiais-militares-foram-rapidos-para-realizacao-de-um-sonho-e-alimentarem-outro\/","title":{"rendered":"SIRENES LIGADAS? Sim, Policiais Militares foram r\u00e1pidos para realiza\u00e7\u00e3o de um sonho e alimentarem outro"},"content":{"rendered":"<div style=\"text-align: justify;\"><strong>7 aninhos, mas Abra\u00e3o Leonardo j\u00e1 sabe bem seu sonho, que \u00e9 ser um dos guerreiros da Pol\u00edcia Militar.<\/strong><\/div>\n<div style=\"text-align: justify;\"><\/div>\n<div style=\"text-align: justify;\">No \u00faltimo s\u00e1bado (9), esse sonho come\u00e7ou a ganhar mais vida. Em Pauliceia, regi\u00e3o da 4\u00aa Companhia do 25\u00b0 Batalh\u00e3o de Pol\u00edcia Militar do Interior, a cidade parou com as viaturas e suas sirenes e os highlights ligados, indicando que algo anormal estaria acontecendo. O que seria?<\/div>\n<div><img loading=\"lazy\" decoding=\"async\" class=\"alignnone size-full wp-image-11005\" src=\"https:\/\/jorgezanoni.com.br\/2019\/wp-content\/uploads\/2019\/11\/pm.jpeg\" alt=\"\" width=\"400\" height=\"317\" srcset=\"https:\/\/jorgezanoni.com.br\/2019\/wp-content\/uploads\/2019\/11\/pm.jpeg 400w, https:\/\/jorgezanoni.com.br\/2019\/wp-content\/uploads\/2019\/11\/pm-300x238.jpeg 300w\" sizes=\"auto, (max-width: 400px) 100vw, 400px\" \/><\/div>\n<div style=\"text-align: justify;\"><\/div>\n<div style=\"text-align: justify;\">\n<div>Na verdade, era a convoca\u00e7\u00e3o de Abra\u00e3o para a festa de seu anivers\u00e1rio. No pr\u00f3prio convite j\u00e1 vinham os dizeres: &#8220;Liguem as sirenes e venham r\u00e1pido!\u201d.<\/div>\n<div>Com direito a contin\u00eancia na recep\u00e7\u00e3o para as boas-vindas na festa tem\u00e1tica do guerreirinho Abra\u00e3o, recheada de viaturas em cima do bolo, um quartel e v\u00e1rios policiais fazendo opera\u00e7\u00e3o policial, foram seguramente um dos momentos mais felizes para ele.<\/div>\n<div><img loading=\"lazy\" decoding=\"async\" class=\"alignnone size-full wp-image-11007\" src=\"https:\/\/jorgezanoni.com.br\/2019\/wp-content\/uploads\/2019\/11\/pm2.jpeg\" alt=\"\" width=\"320\" height=\"213\" srcset=\"https:\/\/jorgezanoni.com.br\/2019\/wp-content\/uploads\/2019\/11\/pm2.jpeg 320w, https:\/\/jorgezanoni.com.br\/2019\/wp-content\/uploads\/2019\/11\/pm2-300x200.jpeg 300w\" sizes=\"auto, (max-width: 320px) 100vw, 320px\" \/><\/div>\n<\/div>\n<div style=\"text-align: justify;\"><\/div>\n<div>\n<p style=\"text-align: justify;\">Ah, e como todo policial, ele tamb\u00e9m ganhou um presente para iniciar suas &#8220;patrulhas&#8221; \u2014 uma linda bicicleta, pedido seu realizado pelos policiais militares.<\/p>\n<p style=\"text-align: justify;\">Parab\u00e9ns, Abra\u00e3o.<\/p>\n<p><br style=\"font-weight: 400;\" \/><\/p>\n<p style=\"font-weight: 400; text-align: justify;\">#POLICIAMILITARSP<\/p>\n<p style=\"font-weight: 400; text-align: justify;\">#AFOR\u00c7AP\u00daBLICADES\u00c3OPAULO<\/p>\n<p style=\"font-weight: 400; text-align: justify;\">Fonte: COMUNICA\u00c7\u00c3O SOCIAL PMESP<\/p>\n<\/div>\n","protected":false},"excerpt":{"rendered":"<p>7 aninhos, mas Abra\u00e3o Leonardo j\u00e1 sabe bem seu sonho, que \u00e9 ser um dos guerreiros da Pol\u00edcia Militar. No \u00faltimo s\u00e1bado (9), esse sonho come\u00e7ou a ganhar mais vida. Em Pauliceia, regi\u00e3o da 4\u00aa Companhia do 25\u00b0 Batalh\u00e3o de Pol\u00edcia Militar do Interior, a cidade parou com as viaturas e suas sirenes e os [&hellip;]<\/p>\n","protected":false},"author":1,"featured_media":11006,"comment_status":"closed","ping_status":"open","sticky":false,"template":"","format":"standard","meta":{"footnotes":""},"categories":[2],"tags":[],"class_list":["post-11004","post","type-post","status-publish","format-standard","has-post-thumbnail","hentry","category-policial"],"_links":{"self":[{"href":"https:\/\/jorgezanoni.com.br\/2019\/wp-json\/wp\/v2\/posts\/11004","targetHints":{"allow":["GET"]}}],"collection":[{"href":"https:\/\/jorgezanoni.com.br\/2019\/wp-json\/wp\/v2\/posts"}],"about":[{"href":"https:\/\/jorgezanoni.com.br\/2019\/wp-json\/wp\/v2\/types\/post"}],"author":[{"embeddable":true,"href":"https:\/\/jorgezanoni.com.br\/2019\/wp-json\/wp\/v2\/users\/1"}],"replies":[{"embeddable":true,"href":"https:\/\/jorgezanoni.com.br\/2019\/wp-json\/wp\/v2\/comments?post=11004"}],"version-history":[{"count":0,"href":"https:\/\/jorgezanoni.com.br\/2019\/wp-json\/wp\/v2\/posts\/11004\/revisions"}],"wp:featuredmedia":[{"embeddable":true,"href":"https:\/\/jorgezanoni.com.br\/2019\/wp-json\/wp\/v2\/media\/11006"}],"wp:attachment":[{"href":"https:\/\/jorgezanoni.com.br\/2019\/wp-json\/wp\/v2\/media?parent=11004"}],"wp:term":[{"taxonomy":"category","embeddable":true,"href":"https:\/\/jorgezanoni.com.br\/2019\/wp-json\/wp\/v2\/categories?post=11004"},{"taxonomy":"post_tag","embeddable":true,"href":"https:\/\/jorgezanoni.com.br\/2019\/wp-json\/wp\/v2\/tags?post=11004"}],"curies":[{"name":"wp","href":"https:\/\/api.w.org\/{rel}","templated":true}]}}