{"id":10999,"date":"2019-11-10T16:06:39","date_gmt":"2019-11-10T16:06:39","guid":{"rendered":"https:\/\/jorgezanoni.com.br\/2019\/?p=10999"},"modified":"2019-11-10T16:06:39","modified_gmt":"2019-11-10T16:06:39","slug":"moradores-de-bastos-sofrem-ferimentos-em-acidente-na-rodovia-que-liga-iacri-a-bastos","status":"publish","type":"post","link":"https:\/\/jorgezanoni.com.br\/2019\/moradores-de-bastos-sofrem-ferimentos-em-acidente-na-rodovia-que-liga-iacri-a-bastos\/","title":{"rendered":"Moradores de Bastos sofrem ferimentos em acidente na rodovia que liga Iacri a Bastos"},"content":{"rendered":"<p style=\"text-align: justify;\">Dois amigos sofreram ferimentos em acidente ocorrido na Rodovia Brigadeiro Eduardo Gomes (SP-457), no trecho entre Iacri e Bastos, na manh\u00e3 deste domingo, dia 10. As v\u00edtimas que s\u00e3o residentes em Bastos, retornavam da cidade de Iacri quando aconteceu o capotamento, por volta das 08h00 da manh\u00e3 de hoje.<\/p>\n<p>Segundo informa\u00e7\u00f5es, os dois bastenses transitavam com uma Parati no sentido Iacri a Bastos quando, por motivos a serem esclarecidos, o ve\u00edculo descontrolado saiu da pista bateu contra um barranco e capotou no acostamento. Com ferimentos, o condutor foi conduzido\u00a0para o Pronto Socorro Municipal de Bastos e a outra v\u00edtima para o Pronto Atendimento de Iacri.<\/p>\n<p><img loading=\"lazy\" decoding=\"async\" class=\"alignnone size-full wp-image-11000\" src=\"https:\/\/jorgezanoni.com.br\/2019\/wp-content\/uploads\/2019\/11\/lacri.jpg\" alt=\"\" width=\"900\" height=\"588\" srcset=\"https:\/\/jorgezanoni.com.br\/2019\/wp-content\/uploads\/2019\/11\/lacri.jpg 900w, https:\/\/jorgezanoni.com.br\/2019\/wp-content\/uploads\/2019\/11\/lacri-300x196.jpg 300w, https:\/\/jorgezanoni.com.br\/2019\/wp-content\/uploads\/2019\/11\/lacri-768x502.jpg 768w, https:\/\/jorgezanoni.com.br\/2019\/wp-content\/uploads\/2019\/11\/lacri-696x455.jpg 696w, https:\/\/jorgezanoni.com.br\/2019\/wp-content\/uploads\/2019\/11\/lacri-643x420.jpg 643w\" sizes=\"auto, (max-width: 900px) 100vw, 900px\" \/><\/p>\n<p>Fonte: Bastos J\u00e1<\/p>\n","protected":false},"excerpt":{"rendered":"<p>Dois amigos sofreram ferimentos em acidente ocorrido na Rodovia Brigadeiro Eduardo Gomes (SP-457), no trecho entre Iacri e Bastos, na manh\u00e3 deste domingo, dia 10. As v\u00edtimas que s\u00e3o residentes em Bastos, retornavam da cidade de Iacri quando aconteceu o capotamento, por volta das 08h00 da manh\u00e3 de hoje. Segundo informa\u00e7\u00f5es, os dois bastenses transitavam [&hellip;]<\/p>\n","protected":false},"author":1,"featured_media":11001,"comment_status":"closed","ping_status":"open","sticky":false,"template":"","format":"standard","meta":{"footnotes":""},"categories":[170,110],"tags":[],"class_list":["post-10999","post","type-post","status-publish","format-standard","has-post-thumbnail","hentry","category-acidentes","category-noticiasdestaque"],"_links":{"self":[{"href":"https:\/\/jorgezanoni.com.br\/2019\/wp-json\/wp\/v2\/posts\/10999","targetHints":{"allow":["GET"]}}],"collection":[{"href":"https:\/\/jorgezanoni.com.br\/2019\/wp-json\/wp\/v2\/posts"}],"about":[{"href":"https:\/\/jorgezanoni.com.br\/2019\/wp-json\/wp\/v2\/types\/post"}],"author":[{"embeddable":true,"href":"https:\/\/jorgezanoni.com.br\/2019\/wp-json\/wp\/v2\/users\/1"}],"replies":[{"embeddable":true,"href":"https:\/\/jorgezanoni.com.br\/2019\/wp-json\/wp\/v2\/comments?post=10999"}],"version-history":[{"count":0,"href":"https:\/\/jorgezanoni.com.br\/2019\/wp-json\/wp\/v2\/posts\/10999\/revisions"}],"wp:featuredmedia":[{"embeddable":true,"href":"https:\/\/jorgezanoni.com.br\/2019\/wp-json\/wp\/v2\/media\/11001"}],"wp:attachment":[{"href":"https:\/\/jorgezanoni.com.br\/2019\/wp-json\/wp\/v2\/media?parent=10999"}],"wp:term":[{"taxonomy":"category","embeddable":true,"href":"https:\/\/jorgezanoni.com.br\/2019\/wp-json\/wp\/v2\/categories?post=10999"},{"taxonomy":"post_tag","embeddable":true,"href":"https:\/\/jorgezanoni.com.br\/2019\/wp-json\/wp\/v2\/tags?post=10999"}],"curies":[{"name":"wp","href":"https:\/\/api.w.org\/{rel}","templated":true}]}}