{"id":10993,"date":"2019-11-10T15:14:21","date_gmt":"2019-11-10T15:14:21","guid":{"rendered":"https:\/\/jorgezanoni.com.br\/2019\/?p=10993"},"modified":"2019-11-10T15:14:21","modified_gmt":"2019-11-10T15:14:21","slug":"festa-universitaria-termina-em-tragedia-um-morto-e-mais-dois-baleados","status":"publish","type":"post","link":"https:\/\/jorgezanoni.com.br\/2019\/festa-universitaria-termina-em-tragedia-um-morto-e-mais-dois-baleados\/","title":{"rendered":"Festa universit\u00e1ria termina em trag\u00e9dia: um morto e mais dois baleados"},"content":{"rendered":"<h2 class=\"subtitulo\" style=\"text-align: justify;\"><strong>Homem de 23 anos morreu baleado. Outras duas pessoas foram atingidas por disparos de arma de fogo.<\/strong><\/h2>\n<p style=\"font-weight: 400; text-align: justify;\">Um rapaz morreu e outros dois foram baleados no final da madrugada deste domingo (10) durante uma festa universit\u00e1ria em Pompeia. O autor dos disparos conseguiu fugir e est\u00e1 sendo procurado pela pol\u00edcia. H\u00e1 rumores de que seria de Mar\u00edlia, mas a Pol\u00edcia Militar est\u00e1 tentando\u00a0 confirmar essa informa\u00e7\u00e3o<\/p>\n<p style=\"font-weight: 400; text-align: justify;\">A festa estava sendo realizada numa ch\u00e1cara pr\u00f3ximo ao distrito de Novos Cravinhos. Por motivos que ainda est\u00e3o sendo apurados, houve uma discuss\u00e3o entre um grupo de pessoas.<\/p>\n<p style=\"font-weight: 400; text-align: justify;\">Em determinado momento foram ouvidos tiros e come\u00e7ou uma correria. O servi\u00e7o de ambul\u00e2ncia foi acionado com a informa\u00e7\u00e3o de que haveria uma pessoa baleada no local. Mas, quando a equipe chegou encontrou tr\u00eas rapazes feridos.<\/p>\n<p style=\"font-weight: 400; text-align: justify;\">Um deles, de nome Luiz Felipe Madureira, de 23 anos, que era pe\u00e3o, levou um tiro na cabe\u00e7a\u00a0morreu no local.<\/p>\n<p style=\"font-weight: 400; text-align: justify;\">Outros dois foram baleados. Um deles levou tr\u00eas tiros e est\u00e1 internado no Hospital das Cl\u00ednicas em Mar\u00edlia, em estado grave; e outro um tiro em uma das pernas. Est\u00e1 internado na Santa Casa de Pompeia.<\/p>\n<p style=\"font-weight: 400; text-align: justify;\">As pol\u00edcias Civil e Militar foram acionadas e est\u00e3o tentando localizar o autor dos disparos.<\/p>\n<p style=\"text-align: justify;\">Fonte: Vis\u00e3o Noticias<\/p>\n","protected":false},"excerpt":{"rendered":"<p>Homem de 23 anos morreu baleado. Outras duas pessoas foram atingidas por disparos de arma de fogo. Um rapaz morreu e outros dois foram baleados no final da madrugada deste domingo (10) durante uma festa universit\u00e1ria em Pompeia. O autor dos disparos conseguiu fugir e est\u00e1 sendo procurado pela pol\u00edcia. H\u00e1 rumores de que seria [&hellip;]<\/p>\n","protected":false},"author":1,"featured_media":10994,"comment_status":"closed","ping_status":"open","sticky":false,"template":"","format":"standard","meta":{"footnotes":""},"categories":[110,2],"tags":[],"class_list":["post-10993","post","type-post","status-publish","format-standard","has-post-thumbnail","hentry","category-noticiasdestaque","category-policial"],"_links":{"self":[{"href":"https:\/\/jorgezanoni.com.br\/2019\/wp-json\/wp\/v2\/posts\/10993","targetHints":{"allow":["GET"]}}],"collection":[{"href":"https:\/\/jorgezanoni.com.br\/2019\/wp-json\/wp\/v2\/posts"}],"about":[{"href":"https:\/\/jorgezanoni.com.br\/2019\/wp-json\/wp\/v2\/types\/post"}],"author":[{"embeddable":true,"href":"https:\/\/jorgezanoni.com.br\/2019\/wp-json\/wp\/v2\/users\/1"}],"replies":[{"embeddable":true,"href":"https:\/\/jorgezanoni.com.br\/2019\/wp-json\/wp\/v2\/comments?post=10993"}],"version-history":[{"count":0,"href":"https:\/\/jorgezanoni.com.br\/2019\/wp-json\/wp\/v2\/posts\/10993\/revisions"}],"wp:featuredmedia":[{"embeddable":true,"href":"https:\/\/jorgezanoni.com.br\/2019\/wp-json\/wp\/v2\/media\/10994"}],"wp:attachment":[{"href":"https:\/\/jorgezanoni.com.br\/2019\/wp-json\/wp\/v2\/media?parent=10993"}],"wp:term":[{"taxonomy":"category","embeddable":true,"href":"https:\/\/jorgezanoni.com.br\/2019\/wp-json\/wp\/v2\/categories?post=10993"},{"taxonomy":"post_tag","embeddable":true,"href":"https:\/\/jorgezanoni.com.br\/2019\/wp-json\/wp\/v2\/tags?post=10993"}],"curies":[{"name":"wp","href":"https:\/\/api.w.org\/{rel}","templated":true}]}}