{"id":10990,"date":"2019-11-10T14:51:27","date_gmt":"2019-11-10T14:51:27","guid":{"rendered":"https:\/\/jorgezanoni.com.br\/2019\/?p=10990"},"modified":"2019-11-10T14:51:27","modified_gmt":"2019-11-10T14:51:27","slug":"crianca-de-2-anos-morre-e-outras-quatro-pessoas-ficam-feridas-apos-carro-capotar-em-rodovia","status":"publish","type":"post","link":"https:\/\/jorgezanoni.com.br\/2019\/crianca-de-2-anos-morre-e-outras-quatro-pessoas-ficam-feridas-apos-carro-capotar-em-rodovia\/","title":{"rendered":"Crian\u00e7a de 2 anos morre e outras quatro pessoas ficam feridas ap\u00f3s carro capotar em rodovia"},"content":{"rendered":"<h2 class=\"content-head__subtitle\" style=\"text-align: justify;\"><strong>Segundo a pol\u00edcia, dois adultos e outras duas crian\u00e7as estavam no ve\u00edculo. Acidente foi registrado em Botucatu (SP).<\/strong><\/h2>\n<div class=\"mc-column content-text active-extra-styles \" style=\"text-align: justify;\" data-block-type=\"unstyled\" data-block-weight=\"35\" data-block-id=\"2\">\n<p class=\"content-text__container \" data-track-category=\"Link no Texto\" data-track-links=\"\">Uma menina de 2 anos morreu e outras quatro pessoas ficaram feridas depois que o carro em que elas estavam capotou, na tarde deste s\u00e1bado (9), na Rodovia Gast\u00e3o Dal Farra, em Botucatu (SP).<\/p>\n<\/div>\n<div class=\"wall protected-content\">\n<div class=\"mc-column content-text active-extra-styles \" style=\"text-align: justify;\" data-block-type=\"unstyled\" data-block-weight=\"40\" data-block-id=\"3\">\n<p class=\"content-text__container \" data-track-category=\"Link no Texto\" data-track-links=\"\">Segundo o Corpo de Bombeiros, o motorista perdeu o controle do ve\u00edculo em uma curva no quil\u00f4metro 4 da rodovia. O carro tem placas de Botucatu e era ocupado por uma fam\u00edlia de cinco pessoas, sendo dois adultos, tr\u00eas crian\u00e7as,<\/p>\n<\/div>\n<div class=\"mc-column content-text active-extra-styles \" data-block-type=\"unstyled\" data-block-weight=\"27\" data-block-id=\"4\">\n<p class=\"content-text__container \" style=\"text-align: justify;\" data-track-category=\"Link no Texto\" data-track-links=\"\">Ainda de acordo com a corpora\u00e7\u00e3o, os adultos e as duas crian\u00e7as tiveram contus\u00f5es e escoria\u00e7\u00f5es, mas a mais nova ficou presa no ve\u00edculo pelo volante.<\/p>\n<div class=\"mc-column content-text active-extra-styles \" style=\"text-align: justify;\" data-block-type=\"unstyled\" data-block-weight=\"23\" data-block-id=\"6\">\n<p class=\"content-text__container \" data-track-category=\"Link no Texto\" data-track-links=\"\">Ela foi socorrida em estado grave ao pronto-socorro da Unesp, mas n\u00e3o resistiu aos ferimentos e morreu no caminho para o hospital.<\/p>\n<p data-track-category=\"Link no Texto\" data-track-links=\"\">Fonte: G1<\/p>\n<\/div>\n<div class=\"mc-column content-media content-video\" data-block-type=\"backstage-video\" data-block-id=\"7\">\n<div class=\"content-media__container\">\n<div class=\"content-video__bigger-player-description-fixer content-media__container--loaded\">\n<div class=\"content-video__video\">\n<div id=\"wp3-player-2\" class=\"clappr-player\" tabindex=\"9999\" data-player=\"\">\n<div class=\"media-control media-control-hide\">\n<div class=\"media-control-panel\">\n<div class=\"media-control-panel__lower\" data-controls=\"\">\n<div class=\"opposites-container\">\n<div class=\"media-control-position__between\" style=\"text-align: justify;\">\n<div class=\"quick-seek-hint hidden media-control-element\"><\/div>\n<\/div>\n<div class=\"media-control-position__right\">\n<div class=\"drawer-container volume-hide media-control-element\" data-volume=\"\">\n<div class=\"drawer-icon-container\" style=\"text-align: justify;\" data-volume=\"\"><\/div>\n<\/div>\n<\/div>\n<\/div>\n<\/div>\n<div class=\"media-control-panel__front-layer\">\n<div class=\"media-control-position__center\"><\/div>\n<div class=\"media-control-position__right\"><\/div>\n<\/div>\n<div class=\"media-control-panel__modal\"><\/div>\n<\/div>\n<\/div>\n<\/div>\n<\/div>\n<\/div>\n<\/div>\n<\/div>\n<\/div>\n<\/div>\n","protected":false},"excerpt":{"rendered":"<p>Segundo a pol\u00edcia, dois adultos e outras duas crian\u00e7as estavam no ve\u00edculo. Acidente foi registrado em Botucatu (SP). Uma menina de 2 anos morreu e outras quatro pessoas ficaram feridas depois que o carro em que elas estavam capotou, na tarde deste s\u00e1bado (9), na Rodovia Gast\u00e3o Dal Farra, em Botucatu (SP). Segundo o Corpo [&hellip;]<\/p>\n","protected":false},"author":1,"featured_media":10991,"comment_status":"closed","ping_status":"open","sticky":false,"template":"","format":"standard","meta":{"footnotes":""},"categories":[170,110],"tags":[],"class_list":["post-10990","post","type-post","status-publish","format-standard","has-post-thumbnail","hentry","category-acidentes","category-noticiasdestaque"],"_links":{"self":[{"href":"https:\/\/jorgezanoni.com.br\/2019\/wp-json\/wp\/v2\/posts\/10990","targetHints":{"allow":["GET"]}}],"collection":[{"href":"https:\/\/jorgezanoni.com.br\/2019\/wp-json\/wp\/v2\/posts"}],"about":[{"href":"https:\/\/jorgezanoni.com.br\/2019\/wp-json\/wp\/v2\/types\/post"}],"author":[{"embeddable":true,"href":"https:\/\/jorgezanoni.com.br\/2019\/wp-json\/wp\/v2\/users\/1"}],"replies":[{"embeddable":true,"href":"https:\/\/jorgezanoni.com.br\/2019\/wp-json\/wp\/v2\/comments?post=10990"}],"version-history":[{"count":0,"href":"https:\/\/jorgezanoni.com.br\/2019\/wp-json\/wp\/v2\/posts\/10990\/revisions"}],"wp:featuredmedia":[{"embeddable":true,"href":"https:\/\/jorgezanoni.com.br\/2019\/wp-json\/wp\/v2\/media\/10991"}],"wp:attachment":[{"href":"https:\/\/jorgezanoni.com.br\/2019\/wp-json\/wp\/v2\/media?parent=10990"}],"wp:term":[{"taxonomy":"category","embeddable":true,"href":"https:\/\/jorgezanoni.com.br\/2019\/wp-json\/wp\/v2\/categories?post=10990"},{"taxonomy":"post_tag","embeddable":true,"href":"https:\/\/jorgezanoni.com.br\/2019\/wp-json\/wp\/v2\/tags?post=10990"}],"curies":[{"name":"wp","href":"https:\/\/api.w.org\/{rel}","templated":true}]}}