{"id":1098,"date":"2019-07-19T23:16:32","date_gmt":"2019-07-19T23:16:32","guid":{"rendered":"http:\/\/jorgezanoni.com.br\/2019\/?p=1098"},"modified":"2019-07-19T23:16:32","modified_gmt":"2019-07-19T23:16:32","slug":"primeira-medalha-de-ouro-de-dracena-nos-regionais-e-do-atletismo-acd","status":"publish","type":"post","link":"https:\/\/jorgezanoni.com.br\/2019\/primeira-medalha-de-ouro-de-dracena-nos-regionais-e-do-atletismo-acd\/","title":{"rendered":"Primeira medalha de ouro de Dracena nos Regionais \u00e9 do atletismo ACD"},"content":{"rendered":"<p>A primeira medalha de ouro nos 63\u00b0 Jogos Regionais \u2013 Assis 2019, do munic\u00edpio de Dracena veio atrav\u00e9s do atletismo ACD. O atleta Tiago Parra Chiarali foi campe\u00e3o nos 100 metros rasos.<\/p>\n<p>Ele representa tamb\u00e9m a Adef Suli \u2013 (Associa\u00e7\u00e3o da Pessoa com Defici\u00eancia F\u00edsica Superando Limites) da cidade.<\/p>\n<p>Nas \u00faltimas competi\u00e7\u00f5es tanto dos Regionais quanto de outros campeonatos, os atletas da Adef superaram suas limita\u00e7\u00f5es, fizeram bonitos e trouxeram v\u00e1rias medalhas para a cidade.<\/p>\n<p>Tiago recebeu cumprimentos pelo desempenho da secret\u00e1ria de Esportes, Zoraide Melo, de Dracena e tamb\u00e9m do treinador Vagner.<\/p>\n<p>Fonte: Portal Regional<\/p>\n","protected":false},"excerpt":{"rendered":"<p>A primeira medalha de ouro nos 63\u00b0 Jogos Regionais \u2013 Assis 2019, do munic\u00edpio de Dracena veio atrav\u00e9s do atletismo ACD. O atleta Tiago Parra Chiarali foi campe\u00e3o nos 100 metros rasos. Ele representa tamb\u00e9m a Adef Suli \u2013 (Associa\u00e7\u00e3o da Pessoa com Defici\u00eancia F\u00edsica Superando Limites) da cidade. Nas \u00faltimas competi\u00e7\u00f5es tanto dos Regionais [&hellip;]<\/p>\n","protected":false},"author":1,"featured_media":1099,"comment_status":"open","ping_status":"open","sticky":false,"template":"","format":"standard","meta":{"footnotes":""},"categories":[111],"tags":[],"class_list":["post-1098","post","type-post","status-publish","format-standard","has-post-thumbnail","hentry","category-esporteecultura"],"_links":{"self":[{"href":"https:\/\/jorgezanoni.com.br\/2019\/wp-json\/wp\/v2\/posts\/1098","targetHints":{"allow":["GET"]}}],"collection":[{"href":"https:\/\/jorgezanoni.com.br\/2019\/wp-json\/wp\/v2\/posts"}],"about":[{"href":"https:\/\/jorgezanoni.com.br\/2019\/wp-json\/wp\/v2\/types\/post"}],"author":[{"embeddable":true,"href":"https:\/\/jorgezanoni.com.br\/2019\/wp-json\/wp\/v2\/users\/1"}],"replies":[{"embeddable":true,"href":"https:\/\/jorgezanoni.com.br\/2019\/wp-json\/wp\/v2\/comments?post=1098"}],"version-history":[{"count":0,"href":"https:\/\/jorgezanoni.com.br\/2019\/wp-json\/wp\/v2\/posts\/1098\/revisions"}],"wp:featuredmedia":[{"embeddable":true,"href":"https:\/\/jorgezanoni.com.br\/2019\/wp-json\/wp\/v2\/media\/1099"}],"wp:attachment":[{"href":"https:\/\/jorgezanoni.com.br\/2019\/wp-json\/wp\/v2\/media?parent=1098"}],"wp:term":[{"taxonomy":"category","embeddable":true,"href":"https:\/\/jorgezanoni.com.br\/2019\/wp-json\/wp\/v2\/categories?post=1098"},{"taxonomy":"post_tag","embeddable":true,"href":"https:\/\/jorgezanoni.com.br\/2019\/wp-json\/wp\/v2\/tags?post=1098"}],"curies":[{"name":"wp","href":"https:\/\/api.w.org\/{rel}","templated":true}]}}