{"id":10962,"date":"2019-11-09T20:17:32","date_gmt":"2019-11-09T20:17:32","guid":{"rendered":"https:\/\/jorgezanoni.com.br\/2019\/?p=10962"},"modified":"2019-11-09T20:17:32","modified_gmt":"2019-11-09T20:17:32","slug":"policia-civil-ministra-palestra-sobre-prevencao-a-dependencia-quimica-para-detentos-da-penitenciaria-de-dracena","status":"publish","type":"post","link":"https:\/\/jorgezanoni.com.br\/2019\/policia-civil-ministra-palestra-sobre-prevencao-a-dependencia-quimica-para-detentos-da-penitenciaria-de-dracena\/","title":{"rendered":"Pol\u00edcia Civil ministra palestra sobre preven\u00e7\u00e3o \u00e0 depend\u00eancia qu\u00edmica para detentos da Penitenciaria de Dracena."},"content":{"rendered":"<p style=\"text-align: justify;\"><strong>O evento fez parte da 4\u00aa Jornada de Cidadania e Empregabilidade organizada pela administra\u00e7\u00e3o da Penitenciaria de Dracena.<\/strong><\/p>\n<p style=\"text-align: justify;\">A Policia Civil, ministrou nesta quinta-feira (7), na Penitenci\u00e1ria \u201cAPS ADRIANO AP. DE PIERI\u201d de Dracena, palestra sobre preven\u00e7\u00e3o \u00e0 depend\u00eancia qu\u00edmica para cerca de 40 reeducandos que cumprem pena naquela unidade prisional.<br \/>\nAs orienta\u00e7\u00f5es foram passadas pelo policial civil Reginaldo Rosa, que falou sobre a import\u00e2ncia do resgate da consci\u00eancia de cada um de n\u00f3s, enquanto sociedade, a respeito do uso nocivo de drogas e das consequ\u00eancias de seus malef\u00edcios. E a depend\u00eancia qu\u00edmica \u00e9 um dos v\u00e1rios obst\u00e1culos que os sentenciados devem superar, em busca da ressocializa\u00e7\u00e3o social.<br \/>\nA Jornada de Cidadania e Empregabilidade visa oferece aos reeducandos um conjunto de servi\u00e7os ess\u00eancias para auxili\u00e1-los na retomada da vida em liberdade trazendo, para dentro do sistema prisional, um mutir\u00e3o de a\u00e7\u00f5es que fornecer\u00e1 importantes ferramentas no processo da reintegra\u00e7\u00e3o social. Ao final da palestra, o diretor da unidade prisional Carlos Eduardo Amaral Jorge, fez agradecimento a Pol\u00edcia Civil pela parceria na realiza\u00e7\u00e3o do evento.<\/p>\n<p><img loading=\"lazy\" decoding=\"async\" class=\"alignnone size-full wp-image-10963\" src=\"https:\/\/jorgezanoni.com.br\/2019\/wp-content\/uploads\/2019\/11\/ci.jpg\" alt=\"\" width=\"1280\" height=\"960\" srcset=\"https:\/\/jorgezanoni.com.br\/2019\/wp-content\/uploads\/2019\/11\/ci.jpg 1280w, https:\/\/jorgezanoni.com.br\/2019\/wp-content\/uploads\/2019\/11\/ci-300x225.jpg 300w, https:\/\/jorgezanoni.com.br\/2019\/wp-content\/uploads\/2019\/11\/ci-768x576.jpg 768w, https:\/\/jorgezanoni.com.br\/2019\/wp-content\/uploads\/2019\/11\/ci-1024x768.jpg 1024w, https:\/\/jorgezanoni.com.br\/2019\/wp-content\/uploads\/2019\/11\/ci-80x60.jpg 80w, https:\/\/jorgezanoni.com.br\/2019\/wp-content\/uploads\/2019\/11\/ci-265x198.jpg 265w, https:\/\/jorgezanoni.com.br\/2019\/wp-content\/uploads\/2019\/11\/ci-696x522.jpg 696w, https:\/\/jorgezanoni.com.br\/2019\/wp-content\/uploads\/2019\/11\/ci-1068x801.jpg 1068w, https:\/\/jorgezanoni.com.br\/2019\/wp-content\/uploads\/2019\/11\/ci-560x420.jpg 560w\" sizes=\"auto, (max-width: 1280px) 100vw, 1280px\" \/> <img loading=\"lazy\" decoding=\"async\" class=\"alignnone size-full wp-image-10964\" src=\"https:\/\/jorgezanoni.com.br\/2019\/wp-content\/uploads\/2019\/11\/ci1.jpg\" alt=\"\" width=\"1280\" height=\"960\" srcset=\"https:\/\/jorgezanoni.com.br\/2019\/wp-content\/uploads\/2019\/11\/ci1.jpg 1280w, https:\/\/jorgezanoni.com.br\/2019\/wp-content\/uploads\/2019\/11\/ci1-300x225.jpg 300w, https:\/\/jorgezanoni.com.br\/2019\/wp-content\/uploads\/2019\/11\/ci1-768x576.jpg 768w, https:\/\/jorgezanoni.com.br\/2019\/wp-content\/uploads\/2019\/11\/ci1-1024x768.jpg 1024w, https:\/\/jorgezanoni.com.br\/2019\/wp-content\/uploads\/2019\/11\/ci1-80x60.jpg 80w, https:\/\/jorgezanoni.com.br\/2019\/wp-content\/uploads\/2019\/11\/ci1-265x198.jpg 265w, https:\/\/jorgezanoni.com.br\/2019\/wp-content\/uploads\/2019\/11\/ci1-696x522.jpg 696w, https:\/\/jorgezanoni.com.br\/2019\/wp-content\/uploads\/2019\/11\/ci1-1068x801.jpg 1068w, https:\/\/jorgezanoni.com.br\/2019\/wp-content\/uploads\/2019\/11\/ci1-560x420.jpg 560w\" sizes=\"auto, (max-width: 1280px) 100vw, 1280px\" \/> <img loading=\"lazy\" decoding=\"async\" class=\"alignnone size-full wp-image-10965\" src=\"https:\/\/jorgezanoni.com.br\/2019\/wp-content\/uploads\/2019\/11\/ci2.jpg\" alt=\"\" width=\"1280\" height=\"960\" srcset=\"https:\/\/jorgezanoni.com.br\/2019\/wp-content\/uploads\/2019\/11\/ci2.jpg 1280w, https:\/\/jorgezanoni.com.br\/2019\/wp-content\/uploads\/2019\/11\/ci2-300x225.jpg 300w, https:\/\/jorgezanoni.com.br\/2019\/wp-content\/uploads\/2019\/11\/ci2-768x576.jpg 768w, https:\/\/jorgezanoni.com.br\/2019\/wp-content\/uploads\/2019\/11\/ci2-1024x768.jpg 1024w, https:\/\/jorgezanoni.com.br\/2019\/wp-content\/uploads\/2019\/11\/ci2-80x60.jpg 80w, https:\/\/jorgezanoni.com.br\/2019\/wp-content\/uploads\/2019\/11\/ci2-265x198.jpg 265w, https:\/\/jorgezanoni.com.br\/2019\/wp-content\/uploads\/2019\/11\/ci2-696x522.jpg 696w, https:\/\/jorgezanoni.com.br\/2019\/wp-content\/uploads\/2019\/11\/ci2-1068x801.jpg 1068w, https:\/\/jorgezanoni.com.br\/2019\/wp-content\/uploads\/2019\/11\/ci2-560x420.jpg 560w\" sizes=\"auto, (max-width: 1280px) 100vw, 1280px\" \/><\/p>\n<p>Fonte: Com. Social Pol\u00edcia Civil<\/p>\n","protected":false},"excerpt":{"rendered":"<p>O evento fez parte da 4\u00aa Jornada de Cidadania e Empregabilidade organizada pela administra\u00e7\u00e3o da Penitenciaria de Dracena. A Policia Civil, ministrou nesta quinta-feira (7), na Penitenci\u00e1ria \u201cAPS ADRIANO AP. DE PIERI\u201d de Dracena, palestra sobre preven\u00e7\u00e3o \u00e0 depend\u00eancia qu\u00edmica para cerca de 40 reeducandos que cumprem pena naquela unidade prisional. As orienta\u00e7\u00f5es foram passadas [&hellip;]<\/p>\n","protected":false},"author":1,"featured_media":10966,"comment_status":"closed","ping_status":"open","sticky":false,"template":"","format":"standard","meta":{"footnotes":""},"categories":[2],"tags":[],"class_list":["post-10962","post","type-post","status-publish","format-standard","has-post-thumbnail","hentry","category-policial"],"_links":{"self":[{"href":"https:\/\/jorgezanoni.com.br\/2019\/wp-json\/wp\/v2\/posts\/10962","targetHints":{"allow":["GET"]}}],"collection":[{"href":"https:\/\/jorgezanoni.com.br\/2019\/wp-json\/wp\/v2\/posts"}],"about":[{"href":"https:\/\/jorgezanoni.com.br\/2019\/wp-json\/wp\/v2\/types\/post"}],"author":[{"embeddable":true,"href":"https:\/\/jorgezanoni.com.br\/2019\/wp-json\/wp\/v2\/users\/1"}],"replies":[{"embeddable":true,"href":"https:\/\/jorgezanoni.com.br\/2019\/wp-json\/wp\/v2\/comments?post=10962"}],"version-history":[{"count":0,"href":"https:\/\/jorgezanoni.com.br\/2019\/wp-json\/wp\/v2\/posts\/10962\/revisions"}],"wp:featuredmedia":[{"embeddable":true,"href":"https:\/\/jorgezanoni.com.br\/2019\/wp-json\/wp\/v2\/media\/10966"}],"wp:attachment":[{"href":"https:\/\/jorgezanoni.com.br\/2019\/wp-json\/wp\/v2\/media?parent=10962"}],"wp:term":[{"taxonomy":"category","embeddable":true,"href":"https:\/\/jorgezanoni.com.br\/2019\/wp-json\/wp\/v2\/categories?post=10962"},{"taxonomy":"post_tag","embeddable":true,"href":"https:\/\/jorgezanoni.com.br\/2019\/wp-json\/wp\/v2\/tags?post=10962"}],"curies":[{"name":"wp","href":"https:\/\/api.w.org\/{rel}","templated":true}]}}