{"id":10959,"date":"2019-11-09T19:59:33","date_gmt":"2019-11-09T19:59:33","guid":{"rendered":"https:\/\/jorgezanoni.com.br\/2019\/?p=10959"},"modified":"2019-11-09T19:59:33","modified_gmt":"2019-11-09T19:59:33","slug":"crianca-se-esconde-embaixo-da-cama-liga-para-policia-e-ladroes-sao-presos-em-londrina","status":"publish","type":"post","link":"https:\/\/jorgezanoni.com.br\/2019\/crianca-se-esconde-embaixo-da-cama-liga-para-policia-e-ladroes-sao-presos-em-londrina\/","title":{"rendered":"Crian\u00e7a se esconde embaixo da cama, liga para pol\u00edcia e ladr\u00f5es s\u00e3o presos em Londrina"},"content":{"rendered":"<p style=\"text-align: justify;\">Um garoto de 10 anos virou o her\u00f3i da casa nesta sexta-feira (08) em Londrina. Ao perceber que sua casa estava sendo roubada, o menino correu e se escondeu debaixo da cama e ligou para familiares que prontamente avisaram a Pol\u00edcia Militar (PM).<\/p>\n<p style=\"text-align: justify;\">Sem perceber a presen\u00e7a da crian\u00e7a, os assaltantes permaneceram no local enquanto juntavam o que iriam furtar.<\/p>\n<p style=\"text-align: justify;\">Os policiais chegaram logo ap\u00f3s a liga\u00e7\u00e3o e prenderam os suspeitos em flagrante.<\/p>\n<p style=\"text-align: justify;\">O caso aconteceu em uma casa no Jardim Imp\u00e9rio do Sol, na regi\u00e3o norte da cidade. O menino passa bem.<\/p>\n<p style=\"text-align: justify;\">Os acusados foram encaminhados para a Central de Flagrantes.<\/p>\n<p style=\"text-align: justify;\">Fonte: temlondrina.com.br\/<\/p>\n","protected":false},"excerpt":{"rendered":"<p>Um garoto de 10 anos virou o her\u00f3i da casa nesta sexta-feira (08) em Londrina. Ao perceber que sua casa estava sendo roubada, o menino correu e se escondeu debaixo da cama e ligou para familiares que prontamente avisaram a Pol\u00edcia Militar (PM). Sem perceber a presen\u00e7a da crian\u00e7a, os assaltantes permaneceram no local enquanto [&hellip;]<\/p>\n","protected":false},"author":1,"featured_media":10960,"comment_status":"closed","ping_status":"open","sticky":false,"template":"","format":"standard","meta":{"footnotes":""},"categories":[110,2],"tags":[],"class_list":["post-10959","post","type-post","status-publish","format-standard","has-post-thumbnail","hentry","category-noticiasdestaque","category-policial"],"_links":{"self":[{"href":"https:\/\/jorgezanoni.com.br\/2019\/wp-json\/wp\/v2\/posts\/10959","targetHints":{"allow":["GET"]}}],"collection":[{"href":"https:\/\/jorgezanoni.com.br\/2019\/wp-json\/wp\/v2\/posts"}],"about":[{"href":"https:\/\/jorgezanoni.com.br\/2019\/wp-json\/wp\/v2\/types\/post"}],"author":[{"embeddable":true,"href":"https:\/\/jorgezanoni.com.br\/2019\/wp-json\/wp\/v2\/users\/1"}],"replies":[{"embeddable":true,"href":"https:\/\/jorgezanoni.com.br\/2019\/wp-json\/wp\/v2\/comments?post=10959"}],"version-history":[{"count":0,"href":"https:\/\/jorgezanoni.com.br\/2019\/wp-json\/wp\/v2\/posts\/10959\/revisions"}],"wp:featuredmedia":[{"embeddable":true,"href":"https:\/\/jorgezanoni.com.br\/2019\/wp-json\/wp\/v2\/media\/10960"}],"wp:attachment":[{"href":"https:\/\/jorgezanoni.com.br\/2019\/wp-json\/wp\/v2\/media?parent=10959"}],"wp:term":[{"taxonomy":"category","embeddable":true,"href":"https:\/\/jorgezanoni.com.br\/2019\/wp-json\/wp\/v2\/categories?post=10959"},{"taxonomy":"post_tag","embeddable":true,"href":"https:\/\/jorgezanoni.com.br\/2019\/wp-json\/wp\/v2\/tags?post=10959"}],"curies":[{"name":"wp","href":"https:\/\/api.w.org\/{rel}","templated":true}]}}