{"id":10938,"date":"2019-11-09T18:02:43","date_gmt":"2019-11-09T18:02:43","guid":{"rendered":"https:\/\/jorgezanoni.com.br\/2019\/?p=10938"},"modified":"2019-11-09T18:04:02","modified_gmt":"2019-11-09T18:04:02","slug":"morre-o-frei-jose-luis-viana-que-trabalhou-por-alguns-anos-em-dracena","status":"publish","type":"post","link":"https:\/\/jorgezanoni.com.br\/2019\/morre-o-frei-jose-luis-viana-que-trabalhou-por-alguns-anos-em-dracena\/","title":{"rendered":"Morre o Frei Jos\u00e9 Lu\u00eds Viana que trabalhou por alguns anos em Dracena"},"content":{"rendered":"<p style=\"text-align: justify;\">FREI VIANA FOI O MENTOR DA ASFA &#8211; ASSOCIA\u00c7\u00c3O S\u00c3O FRANCISCO DE ASSIS<\/p>\n<p><img loading=\"lazy\" decoding=\"async\" class=\"alignnone size-full wp-image-10939\" src=\"https:\/\/jorgezanoni.com.br\/2019\/wp-content\/uploads\/2019\/11\/frei.jpg\" alt=\"\" width=\"795\" height=\"674\" srcset=\"https:\/\/jorgezanoni.com.br\/2019\/wp-content\/uploads\/2019\/11\/frei.jpg 795w, https:\/\/jorgezanoni.com.br\/2019\/wp-content\/uploads\/2019\/11\/frei-300x254.jpg 300w, https:\/\/jorgezanoni.com.br\/2019\/wp-content\/uploads\/2019\/11\/frei-768x651.jpg 768w, https:\/\/jorgezanoni.com.br\/2019\/wp-content\/uploads\/2019\/11\/frei-696x590.jpg 696w, https:\/\/jorgezanoni.com.br\/2019\/wp-content\/uploads\/2019\/11\/frei-495x420.jpg 495w\" sizes=\"auto, (max-width: 795px) 100vw, 795px\" \/> <img loading=\"lazy\" decoding=\"async\" class=\"alignnone size-full wp-image-10940\" src=\"https:\/\/jorgezanoni.com.br\/2019\/wp-content\/uploads\/2019\/11\/frei1.jpg\" alt=\"\" width=\"960\" height=\"709\" srcset=\"https:\/\/jorgezanoni.com.br\/2019\/wp-content\/uploads\/2019\/11\/frei1.jpg 960w, https:\/\/jorgezanoni.com.br\/2019\/wp-content\/uploads\/2019\/11\/frei1-300x222.jpg 300w, https:\/\/jorgezanoni.com.br\/2019\/wp-content\/uploads\/2019\/11\/frei1-768x567.jpg 768w, https:\/\/jorgezanoni.com.br\/2019\/wp-content\/uploads\/2019\/11\/frei1-80x60.jpg 80w, https:\/\/jorgezanoni.com.br\/2019\/wp-content\/uploads\/2019\/11\/frei1-696x514.jpg 696w, https:\/\/jorgezanoni.com.br\/2019\/wp-content\/uploads\/2019\/11\/frei1-569x420.jpg 569w\" sizes=\"auto, (max-width: 960px) 100vw, 960px\" \/><\/p>\n<p style=\"text-align: justify;\">Neste s\u00e1bado, a comunidade dracenense recebe com tristeza a not\u00edcia do falecimento do frei Jos\u00e9 Lu\u00eds Viana, que tinha 81 anos.<br \/>\nViana nasceu em Po\u00e7os de Caldas\/MG e passou muitos anos em miss\u00e3o na Amaz\u00f4nia. Come\u00e7ou o seu trabalho em Dracena em 2005, onde atuou por cerca de 13 anos. Foi o mentor da Associa\u00e7\u00e3o S\u00e3o Francisco de Assis (Jardim Brasil\u00e2ndia).<br \/>\nPor quest\u00f5es de sa\u00fade foi encaminhado para a casa dos frades enfermos e idosos em Piracicaba em 2018. Seu quadro de sa\u00fade piorou e ele faleceu. Vel\u00f3rio e sepultamento em Piracicaba, \u00e0s 16 horas, deste s\u00e1bado.<\/p>\n<p>Fonte: Bastidores da Not\u00edcia<\/p>\n","protected":false},"excerpt":{"rendered":"<p>FREI VIANA FOI O MENTOR DA ASFA &#8211; ASSOCIA\u00c7\u00c3O S\u00c3O FRANCISCO DE ASSIS Neste s\u00e1bado, a comunidade dracenense recebe com tristeza a not\u00edcia do falecimento do frei Jos\u00e9 Lu\u00eds Viana, que tinha 81 anos. Viana nasceu em Po\u00e7os de Caldas\/MG e passou muitos anos em miss\u00e3o na Amaz\u00f4nia. Come\u00e7ou o seu trabalho em Dracena em [&hellip;]<\/p>\n","protected":false},"author":1,"featured_media":10941,"comment_status":"closed","ping_status":"open","sticky":false,"template":"","format":"standard","meta":{"footnotes":""},"categories":[178,110],"tags":[],"class_list":["post-10938","post","type-post","status-publish","format-standard","has-post-thumbnail","hentry","category-notadefalecimento","category-noticiasdestaque"],"_links":{"self":[{"href":"https:\/\/jorgezanoni.com.br\/2019\/wp-json\/wp\/v2\/posts\/10938","targetHints":{"allow":["GET"]}}],"collection":[{"href":"https:\/\/jorgezanoni.com.br\/2019\/wp-json\/wp\/v2\/posts"}],"about":[{"href":"https:\/\/jorgezanoni.com.br\/2019\/wp-json\/wp\/v2\/types\/post"}],"author":[{"embeddable":true,"href":"https:\/\/jorgezanoni.com.br\/2019\/wp-json\/wp\/v2\/users\/1"}],"replies":[{"embeddable":true,"href":"https:\/\/jorgezanoni.com.br\/2019\/wp-json\/wp\/v2\/comments?post=10938"}],"version-history":[{"count":0,"href":"https:\/\/jorgezanoni.com.br\/2019\/wp-json\/wp\/v2\/posts\/10938\/revisions"}],"wp:featuredmedia":[{"embeddable":true,"href":"https:\/\/jorgezanoni.com.br\/2019\/wp-json\/wp\/v2\/media\/10941"}],"wp:attachment":[{"href":"https:\/\/jorgezanoni.com.br\/2019\/wp-json\/wp\/v2\/media?parent=10938"}],"wp:term":[{"taxonomy":"category","embeddable":true,"href":"https:\/\/jorgezanoni.com.br\/2019\/wp-json\/wp\/v2\/categories?post=10938"},{"taxonomy":"post_tag","embeddable":true,"href":"https:\/\/jorgezanoni.com.br\/2019\/wp-json\/wp\/v2\/tags?post=10938"}],"curies":[{"name":"wp","href":"https:\/\/api.w.org\/{rel}","templated":true}]}}