{"id":1091,"date":"2019-07-19T23:08:41","date_gmt":"2019-07-19T23:08:41","guid":{"rendered":"http:\/\/jorgezanoni.com.br\/2019\/?p=1091"},"modified":"2019-07-22T20:55:42","modified_gmt":"2019-07-22T20:55:42","slug":"consulta-publica-do-future-se-recebeu-mais-de-5-mil-respostas-nos-primeiros-dois-dias","status":"publish","type":"post","link":"https:\/\/jorgezanoni.com.br\/2019\/consulta-publica-do-future-se-recebeu-mais-de-5-mil-respostas-nos-primeiros-dois-dias\/","title":{"rendered":"Consulta p\u00fablica do &#8216;Future-se&#8217; recebeu mais de 5 mil respostas nos primeiros dois dias"},"content":{"rendered":"<h2 class=\"content-head__subtitle\"><strong>Balan\u00e7o parcial da participa\u00e7\u00e3o popular sobre o projeto equivale ao per\u00edodo entre as 10h de quarta-feira (17), quando o texto foi divulgado, e as 15h30 desta sexta (19).<\/strong><\/h2>\n<div class=\"mc-column content-text active-extra-styles \" data-block-type=\"unstyled\" data-block-weight=\"70\" data-block-id=\"2\">\n<p class=\"content-text__container \" data-track-category=\"Link no Texto\" data-track-links=\"\">Mais de 5 mil pessoas j\u00e1 enviaram coment\u00e1rios ao Minist\u00e9rio da Educa\u00e7\u00e3o sobre o texto aberto \u00e0 consulta p\u00fablica nos primeiros dois dias de prazo. Segundo um balan\u00e7o parcial obtido pelo\u00a0<strong>G1<\/strong>, entre as 10h de quarta-feira (17) e as 15h30 desta sexta (19), o n\u00famero de pessoas que haviam feito o cadastro chegou a 9.015, sendo que 5.106 delas enviou ao menos um coment\u00e1rio sobre os pontos da proposta.<\/p>\n<\/div>\n<div class=\"wall protected-content\">\n<div class=\"mc-column content-text active-extra-styles\" data-block-type=\"raw\" data-block-weight=\"18\" data-block-id=\"3\">\n<ul class=\"content-unordered-list\">\n<li><a href=\"https:\/\/g1.globo.com\/educacao\/noticia\/2019\/07\/17\/future-se-leia-a-integra-da-proposta-do-mec-sobre-mudancas-na-gestao-das-universidades-federais.ghtml\">Leia a \u00edntegra do programa &#8216;Future-se&#8217;<\/a><\/li>\n<li><a href=\"https:\/\/g1.globo.com\/educacao\/noticia\/2019\/07\/19\/future-se-quer-alterar-a-ldb-e-outras-16-leis-em-vigor-leia-o-texto-preliminar-elaborado-pelo-mec.ghtml\">Projeto de lei do &#8216;Future-se&#8217; quer alterar LDB e 16 outras leis<\/a><\/li>\n<\/ul>\n<\/div>\n<div class=\"mc-column content-text active-extra-styles \" data-block-type=\"unstyled\" data-block-weight=\"20\" data-block-id=\"4\">\n<p class=\"content-text__container \" data-track-category=\"Link no Texto\" data-track-links=\"\">A consulta p\u00fablica ficar\u00e1 no ar at\u00e9 as 23h59 de 15 de agosto, informou o MEC na tarde desta sexta.<\/p>\n<\/div>\n<div class=\"mc-column content-text active-extra-styles \" data-block-type=\"unstyled\" data-block-weight=\"16\" data-block-id=\"5\">\n<p class=\"content-text__container \" data-track-category=\"Link no Texto\" data-track-links=\"\">Para participar, \u00e9 preciso criar um cadastro com e-mail e CPF no\u00a0<a href=\"https:\/\/isurvey.cgee.org.br\/future-se\/*\/inicio\" target=\"_blank\" rel=\"noopener noreferrer\">sistema da consulta p\u00fablica<\/a>.<\/p>\n<\/div>\n<div class=\"mc-column content-text active-extra-styles \" data-block-type=\"unstyled\" data-block-weight=\"25\" data-block-id=\"6\">\n<p class=\"content-text__container \" data-track-category=\"Link no Texto\" data-track-links=\"\">J\u00e1 para enviar coment\u00e1rios sobre a proposta, o participante dever\u00e1 preencher um perfil, indicando sua cidade e estado, faixa et\u00e1ria, n\u00edvel de escolaridade e ocupa\u00e7\u00e3o.<\/p>\n<\/div>\n<div class=\"mc-column content-text active-extra-styles \" data-block-type=\"unstyled\" data-block-weight=\"63\" data-block-id=\"7\">\n<p class=\"content-text__container \" data-track-category=\"Link no Texto\" data-track-links=\"\">A cada cap\u00edtulo, os participantes poder\u00e3o responder a perguntas objetivas sobre se consideram o texto &#8220;totalmente claro&#8221;, &#8220;claro com ressalvas&#8221; ou &#8220;n\u00e3o est\u00e1 claro&#8221;. H\u00e1 tamb\u00e9m pelo menos um campo por cap\u00edtulo no qual os participantes poder\u00e3o incluir coment\u00e1rios por escrito. Na d\u00e9cima e \u00faltima p\u00e1gina do formul\u00e1rio, h\u00e1 outro campo de texto aberto para um &#8220;coment\u00e1rio geral sobre a proposta do programa&#8221;.<\/p>\n<\/div>\n<div class=\"mc-column content-text active-extra-styles \" data-block-type=\"unstyled\" data-block-weight=\"23\" data-block-id=\"9\">\n<p class=\"content-text__container \" data-track-category=\"Link no Texto\" data-track-links=\"\">Por\u00e9m, n\u00e3o existem campos de resposta objetiva para que a popula\u00e7\u00e3o possa indicar se concorda, discorda ou concorda em partes com alguma proposta.<\/p>\n<p data-track-category=\"Link no Texto\" data-track-links=\"\"><img loading=\"lazy\" decoding=\"async\" class=\"alignnone size-full wp-image-1092\" src=\"http:\/\/jorgezanoni.com.br\/2019\/wp-content\/uploads\/2019\/07\/futurese.jpg\" alt=\"\" width=\"1600\" height=\"751\" srcset=\"https:\/\/jorgezanoni.com.br\/2019\/wp-content\/uploads\/2019\/07\/futurese.jpg 1600w, https:\/\/jorgezanoni.com.br\/2019\/wp-content\/uploads\/2019\/07\/futurese-300x141.jpg 300w, https:\/\/jorgezanoni.com.br\/2019\/wp-content\/uploads\/2019\/07\/futurese-768x360.jpg 768w, https:\/\/jorgezanoni.com.br\/2019\/wp-content\/uploads\/2019\/07\/futurese-1024x481.jpg 1024w, https:\/\/jorgezanoni.com.br\/2019\/wp-content\/uploads\/2019\/07\/futurese-696x327.jpg 696w, https:\/\/jorgezanoni.com.br\/2019\/wp-content\/uploads\/2019\/07\/futurese-1068x501.jpg 1068w, https:\/\/jorgezanoni.com.br\/2019\/wp-content\/uploads\/2019\/07\/futurese-895x420.jpg 895w\" sizes=\"auto, (max-width: 1600px) 100vw, 1600px\" \/><\/p>\n<p data-track-category=\"Link no Texto\" data-track-links=\"\">Fonte: G1<\/p>\n<\/div>\n<\/div>\n","protected":false},"excerpt":{"rendered":"<p>Balan\u00e7o parcial da participa\u00e7\u00e3o popular sobre o projeto equivale ao per\u00edodo entre as 10h de quarta-feira (17), quando o texto foi divulgado, e as 15h30 desta sexta (19). Mais de 5 mil pessoas j\u00e1 enviaram coment\u00e1rios ao Minist\u00e9rio da Educa\u00e7\u00e3o sobre o texto aberto \u00e0 consulta p\u00fablica nos primeiros dois dias de prazo. Segundo um [&hellip;]<\/p>\n","protected":false},"author":1,"featured_media":1093,"comment_status":"open","ping_status":"open","sticky":false,"template":"","format":"standard","meta":{"footnotes":""},"categories":[1],"tags":[],"class_list":["post-1091","post","type-post","status-publish","format-standard","has-post-thumbnail","hentry","category-uncategorized"],"_links":{"self":[{"href":"https:\/\/jorgezanoni.com.br\/2019\/wp-json\/wp\/v2\/posts\/1091","targetHints":{"allow":["GET"]}}],"collection":[{"href":"https:\/\/jorgezanoni.com.br\/2019\/wp-json\/wp\/v2\/posts"}],"about":[{"href":"https:\/\/jorgezanoni.com.br\/2019\/wp-json\/wp\/v2\/types\/post"}],"author":[{"embeddable":true,"href":"https:\/\/jorgezanoni.com.br\/2019\/wp-json\/wp\/v2\/users\/1"}],"replies":[{"embeddable":true,"href":"https:\/\/jorgezanoni.com.br\/2019\/wp-json\/wp\/v2\/comments?post=1091"}],"version-history":[{"count":0,"href":"https:\/\/jorgezanoni.com.br\/2019\/wp-json\/wp\/v2\/posts\/1091\/revisions"}],"wp:featuredmedia":[{"embeddable":true,"href":"https:\/\/jorgezanoni.com.br\/2019\/wp-json\/wp\/v2\/media\/1093"}],"wp:attachment":[{"href":"https:\/\/jorgezanoni.com.br\/2019\/wp-json\/wp\/v2\/media?parent=1091"}],"wp:term":[{"taxonomy":"category","embeddable":true,"href":"https:\/\/jorgezanoni.com.br\/2019\/wp-json\/wp\/v2\/categories?post=1091"},{"taxonomy":"post_tag","embeddable":true,"href":"https:\/\/jorgezanoni.com.br\/2019\/wp-json\/wp\/v2\/tags?post=1091"}],"curies":[{"name":"wp","href":"https:\/\/api.w.org\/{rel}","templated":true}]}}