{"id":1088,"date":"2019-07-19T23:05:22","date_gmt":"2019-07-19T23:05:22","guid":{"rendered":"http:\/\/jorgezanoni.com.br\/2019\/?p=1088"},"modified":"2019-07-22T20:56:57","modified_gmt":"2019-07-22T20:56:57","slug":"associacao-medica-diz-que-vai-a-justica-contra-flexibilizacao-da-revalidacao-de-diplomas-proposta-pelo-mec","status":"publish","type":"post","link":"https:\/\/jorgezanoni.com.br\/2019\/associacao-medica-diz-que-vai-a-justica-contra-flexibilizacao-da-revalidacao-de-diplomas-proposta-pelo-mec\/","title":{"rendered":"Associa\u00e7\u00e3o m\u00e9dica diz que vai \u00e0 Justi\u00e7a contra flexibiliza\u00e7\u00e3o da revalida\u00e7\u00e3o de diplomas proposta pelo MEC"},"content":{"rendered":"<h2 class=\"content-head__subtitle\"><strong>Medida que altera a LDB, permitindo que universidades privadas tamb\u00e9m possam revalidar diploma de gradua\u00e7\u00e3o concedidos no exterior, foi inclu\u00edda no programa &#8216;Future-se&#8217;; MEC diz que, no Novo Revalida, a revalida\u00e7\u00e3o de diplomas de medicina ser\u00e1 de &#8216;compet\u00eancia exclusiva&#8217; das universidades p\u00fablicas.<\/strong><\/h2>\n<div class=\"mc-column content-text active-extra-styles \" data-block-type=\"unstyled\" data-block-weight=\"58\" data-block-id=\"2\">\n<p class=\"content-text__container \" data-track-category=\"Link no Texto\" data-track-links=\"\">A Associa\u00e7\u00e3o M\u00e9dica Brasileira (AMB) disse que vai recorrer \u00e0 Justi\u00e7a contra uma das propostas do Minist\u00e9rio da Educa\u00e7\u00e3o sobre a flexibiliza\u00e7\u00e3o da revalida\u00e7\u00e3o de diplomas emitidos no exterior por faculdades e universidades privadas brasileiras e a falta de garantias de continua\u00e7\u00e3o do Revalida, o exame obrigat\u00f3rio para a revalida\u00e7\u00e3o de diplomas de medicina obtidos fora do Brasil.<\/p>\n<\/div>\n<div class=\"wall protected-content\">\n<div class=\"mc-column content-text active-extra-styles \" data-block-type=\"unstyled\" data-block-weight=\"52\" data-block-id=\"3\">\n<p class=\"content-text__container \" data-track-category=\"Link no Texto\" data-track-links=\"\">Em nota divulgada nesta sexta-feira (19), a AMB diz que, no caso de estender a permiss\u00e3o para revalida\u00e7\u00e3o \u00e0 rede privada de ensino superior, &#8220;quem lucra s\u00e3o apenas os donos de faculdades particulares&#8221;. A entidade afirmou ainda que &#8220;nem o pr\u00f3prio MEC conseguiu justificar tecnicamente a necessidade e os benef\u00edcios desse movimento&#8221;.<\/p>\n<\/div>\n<div class=\"mc-column content-text active-extra-styles \" data-block-type=\"unstyled\" data-block-weight=\"41\" data-block-id=\"4\">\n<p class=\"content-text__container \" data-track-category=\"Link no Texto\" data-track-links=\"\">A medida, segundo a AMB, foi apresentada nesta semana ao Grupo de Trabalho que estuda mudan\u00e7as no Revalida, em crise desde 2017, quando um aumento da demanda levou a\u00a0<a href=\"https:\/\/g1.globo.com\/educacao\/noticia\/1377-acoes-judiciais-provocaram-atrasos-na-aplicacao-do-revalida-2017-diz-inep.ghtml\">1.337 a\u00e7\u00f5es judiciais<\/a>\u00a0e a um\u00a0<a href=\"https:\/\/g1.globo.com\/educacao\/noticia\/2019\/02\/11\/resultado-da-segunda-etapa-do-revalida-2017-sera-divulgado-nesta-terca.ghtml\">atraso de mais de um ano<\/a>.<\/p>\n<\/div>\n<div class=\"mc-column content-text active-extra-styles \" data-block-type=\"unstyled\" data-block-weight=\"5\" data-block-id=\"5\">\n<p class=\"content-text__container \" data-track-category=\"Link no Texto\" data-track-links=\"\"><strong>Entenda a crise do Revalida:<\/strong><\/p>\n<\/div>\n<div class=\"mc-column content-text active-extra-styles \" data-block-type=\"unstyled\" data-block-weight=\"49\" data-block-id=\"6\">\n<p class=\"content-text__container \" data-track-category=\"Link no Texto\" data-track-links=\"\">A edi\u00e7\u00e3o de 2017\u00a0<a href=\"https:\/\/g1.globo.com\/educacao\/noticia\/2019\/07\/04\/revalida-2017-tem-a-pior-taxa-de-aproveitamento-da-historia.ghtml\">s\u00f3 terminou oficialmente em junho deste ano<\/a>, com o resultado final, ap\u00f3s recursos, divulgado para os \u00faltimos candidatos que faltavam: um grupo de 46 m\u00e9dicos formados no exterior que precisaram refazer a segunda fase da prova, por causa de uma falha t\u00e9cnica na primeira aplica\u00e7\u00e3o.<\/p>\n<\/div>\n<div class=\"mc-column content-text active-extra-styles \" data-block-type=\"unstyled\" data-block-weight=\"21\" data-block-id=\"8\">\n<p class=\"content-text__container \" data-track-category=\"Link no Texto\" data-track-links=\"\">No fim,\u00a0<a href=\"https:\/\/g1.globo.com\/educacao\/noticia\/2019\/07\/04\/revalida-2017-tem-a-pior-taxa-de-aproveitamento-da-historia.ghtml\">apenas 5,27% dos m\u00e9dicos participantes<\/a>\u00a0conseguiram a autoriza\u00e7\u00e3o para revalidar o diploma e poder exercer a profiss\u00e3o no Brasil.<\/p>\n<\/div>\n<div class=\"mc-column content-text active-extra-styles\" data-block-type=\"raw\" data-block-weight=\"8\" data-block-id=\"9\">\n<div class=\"content-intertitle\">\n<h2>MEC diz que revalida\u00e7\u00e3o segue nas universidades p\u00fablicas<\/h2>\n<\/div>\n<\/div>\n<div class=\"mc-column content-text active-extra-styles \" data-block-type=\"unstyled\" data-block-weight=\"58\" data-block-id=\"10\">\n<p class=\"content-text__container \" data-track-category=\"Link no Texto\" data-track-links=\"\">Na nota, a AMB defendeu que o exame continue sendo aplicado uma vez por ano e afirmou que &#8220;o minist\u00e9rio disse que pretende incluir na portaria interministerial sobre o tema a permiss\u00e3o para que faculdades particulares se responsabilizem por parte do processo, o que vai criar um verdadeiro balc\u00e3o de neg\u00f3cios, a exemplo do ocorrido nos \u00faltimos governos&#8221;.<\/p>\n<\/div>\n<div class=\"mc-column content-text active-extra-styles \" data-block-type=\"unstyled\" data-block-weight=\"31\" data-block-id=\"11\">\n<p class=\"content-text__container \" data-track-category=\"Link no Texto\" data-track-links=\"\">Procurado pelo\u00a0<strong>G1<\/strong>, o MEC divulgou nota na qual &#8220;esclarece que o Novo Revalida n\u00e3o retira das universidades p\u00fablicas a compet\u00eancia exclusiva na revalida\u00e7\u00e3o de diplomas de m\u00e9dicos formados no exterior&#8221;.<\/p>\n<\/div>\n<div class=\"mc-column content-text active-extra-styles \" data-block-type=\"unstyled\" data-block-weight=\"61\" data-block-id=\"12\">\n<p class=\"content-text__container \" data-track-category=\"Link no Texto\" data-track-links=\"\">A associa\u00e7\u00e3o disse ser &#8220;veementemente contra essa proposta&#8221;, e acrescentou que &#8220;o GT foi usado para conferir uma pretensa legitimidade para uma proposta que j\u00e1 estava montada pelo MEC&#8221; e que a garantia de que o Revalida continuar\u00e1 sendo pr\u00e9-requisito no processo de revalida\u00e7\u00e3o, ponto que, segundo a entidade, era um consenso entre os participantes do grupo, &#8220;n\u00e3o est\u00e1 mais garantida&#8221;.<\/p>\n<\/div>\n<div class=\"mc-column content-text active-extra-styles \" data-block-type=\"unstyled\" data-block-weight=\"34\" data-block-id=\"13\">\n<p class=\"content-text__container \" data-track-category=\"Link no Texto\" data-track-links=\"\">&#8220;O empenho do MEC em colocar no processo de revalida\u00e7\u00e3o de diplomas as universidades particulares, mesmo isso sendo ilegal e ferindo a Lei de Diretrizes e Bases da Educa\u00e7\u00e3o&#8221;, afirmou ainda a AMB.<\/p>\n<\/div>\n<div class=\"mc-column content-text active-extra-styles\" data-block-type=\"raw\" data-block-weight=\"4\" data-block-id=\"14\">\n<div class=\"content-intertitle\">\n<h2>&#8216;Future-se&#8217; altera a LDB<\/h2>\n<\/div>\n<\/div>\n<div class=\"mc-column content-text active-extra-styles \" data-block-type=\"unstyled\" data-block-weight=\"77\" data-block-id=\"15\">\n<p class=\"content-text__container \" data-track-category=\"Link no Texto\" data-track-links=\"\">Uma das propostas do projeto de lei do programa &#8220;Future-se&#8221;, divulgado nesta sexta-feira (19) pelo Minist\u00e9rio da Educa\u00e7\u00e3o, altera 17 leis em vigor, inclusive a LDB, que sofreria altera\u00e7\u00f5es em dois trechos, inclusive para flexibilizar a permiss\u00e3o de revalida\u00e7\u00e3o de &#8220;diplomas de gradua\u00e7\u00e3o expedidos por universidades estrangeiras&#8221; a &#8220;institutos e universidades p\u00fablicas ou privadas reconhecidas por portaria do Minist\u00e9rio da Educa\u00e7\u00e3o como de alto desempenho&#8221;. Atualmente, apenas as universidades p\u00fablicas podem fazer a revalida\u00e7\u00e3o\u00a0<em>(leia mais abaixo)<\/em>.<\/p>\n<\/div>\n<div class=\"mc-column content-text active-extra-styles \" data-block-type=\"unstyled\" data-block-weight=\"65\" data-block-id=\"16\">\n<p class=\"content-text__container \" data-track-category=\"Link no Texto\" data-track-links=\"\">O MEC explicou ao\u00a0<strong>G1<\/strong>\u00a0que\u00a0<a href=\"https:\/\/g1.globo.com\/educacao\/noticia\/2019\/07\/19\/future-se-quer-alterar-a-ldb-e-outras-16-leis-em-vigor-leia-o-texto-preliminar-elaborado-pelo-mec.ghtml\">a mudan\u00e7a da LDB proposta pelo &#8220;Future-se&#8221;<\/a>\u00a0s\u00f3 diz respeito aos demais cursos de gradua\u00e7\u00e3o, e n\u00e3o abre brechas para que institui\u00e7\u00f5es privadas possam revalidar\u00a0<strong>diplomas de medicina<\/strong>emitidos no exterior, porque a regra espec\u00edfica para o Revalida, que centralizou o exame de revalida\u00e7\u00e3o no governo federal em 2011, tem preced\u00eancia sobre a regra geral (nesse caso, a LDB).<\/p>\n<\/div>\n<div class=\"mc-column content-text active-extra-styles\" data-block-type=\"raw\" data-block-weight=\"4\" data-block-id=\"18\">\n<div class=\"content-intertitle\">\n<h2>Di\u00e1logos sobre as mudan\u00e7as<\/h2>\n<\/div>\n<\/div>\n<div class=\"mc-column content-text active-extra-styles \" data-block-type=\"unstyled\" data-block-weight=\"33\" data-block-id=\"19\">\n<p class=\"content-text__container \" data-track-category=\"Link no Texto\" data-track-links=\"\">O GT sobre o Revalida foi criado em maio e realizou pelo menos tr\u00eas reuni\u00f5es presenciais entre os membros que inclu\u00edram diversas entidades da \u00e1rea de forma\u00e7\u00e3o m\u00e9dica, segundo fontes ouvidas pelo\u00a0<strong>G1<\/strong>.<\/p>\n<\/div>\n<div class=\"mc-column content-text active-extra-styles \" data-block-type=\"unstyled\" data-block-weight=\"26\" data-block-id=\"20\">\n<p class=\"content-text__container \" data-track-category=\"Link no Texto\" data-track-links=\"\">J\u00e1 sobre o &#8220;Future-se&#8221;, o secret\u00e1rio de Educa\u00e7\u00e3o Superior (Sesu), Arnaldo Barbosa de Lima Junior, rebateu cr\u00edticas de falta de di\u00e1logo antes do lan\u00e7amento do programa.<\/p>\n<\/div>\n<div class=\"mc-column content-text active-extra-styles \" data-block-type=\"unstyled\" data-block-weight=\"42\" data-block-id=\"21\">\n<p class=\"content-text__container \" data-track-category=\"Link no Texto\" data-track-links=\"\">Em entrevista no in\u00edcio da tarde desta sexta ao\u00a0<strong>G1<\/strong>, Lima Junior afirmou que, desde que assumiu o cargo,\u00a0<a href=\"https:\/\/g1.globo.com\/educacao\/noticia\/2019\/04\/10\/novo-ministro-do-mec-anuncia-troca-de-quatro-secretarios-e-da-secretaria-executiva.ghtml\">no in\u00edcio de abril<\/a>, se reuniu com diversos especialistas e reitores das universidades federais sobre suas propostas de melhorias para o ensino superior.<\/p>\n<\/div>\n<div class=\"mc-column content-text active-extra-styles \" data-block-type=\"unstyled\" data-block-weight=\"24\" data-block-id=\"22\">\n<p class=\"content-text__container \" data-track-category=\"Link no Texto\" data-track-links=\"\">&#8220;At\u00e9 a UNE teve assento preferencial&#8221;, afirmou ele, referindo-se ao convite \u00e0 Uni\u00e3o Nacional dos Estudantes para participar do evento de lan\u00e7amento do &#8220;Future-se&#8221;.<\/p>\n<\/div>\n<div class=\"mc-column content-text active-extra-styles \" data-block-type=\"unstyled\" data-block-weight=\"31\" data-block-id=\"23\">\n<p class=\"content-text__container \" data-track-category=\"Link no Texto\" data-track-links=\"\">Ele ressaltou, ainda, que a minuta de lei ainda n\u00e3o representa o texto final que o MEC encaminhar\u00e1 ao Congresso Nacional, j\u00e1 que a proposta ainda est\u00e1 aberta \u00e0 consulta p\u00fablica.<\/p>\n<\/div>\n<div class=\"mc-column content-text active-extra-styles \" data-block-type=\"unstyled\" data-block-weight=\"56\" data-block-id=\"24\">\n<p class=\"content-text__container \" data-track-category=\"Link no Texto\" data-track-links=\"\">A consulta foi aberta \u00e0s 10h de quarta-feira (17), logo ap\u00f3s o lan\u00e7amento do programa. At\u00e9 as 15h30 desta sexta, mais de 9 mil pessoas haviam feito cadastro no sistema para acessar a \u00edntegra da proposta. Dessas,\u00a0<a href=\"http:\/\/g1.globo.com\/educacao\/ultimas-noticias.html\">mais de 5 mil pessoas j\u00e1 enviaram pelo menos um coment\u00e1rio<\/a>, segundo um balan\u00e7o enviado pelo MEC ao\u00a0<strong>G1<\/strong>.<\/p>\n<\/div>\n<div class=\"mc-column content-text active-extra-styles\" data-block-type=\"raw\" data-block-weight=\"3\" data-block-id=\"25\">\n<div class=\"content-intertitle\">\n<h2>Mudan\u00e7as na LDB<\/h2>\n<\/div>\n<\/div>\n<div class=\"mc-column content-text active-extra-styles \" data-block-type=\"unstyled\" data-block-weight=\"60\" data-block-id=\"26\">\n<p class=\"content-text__container \" data-track-category=\"Link no Texto\" data-track-links=\"\">Para tirar o &#8220;Future-se&#8221; do papel, o MEC sugeriu mudar 17 leis atualmente em vigor. Segundo Lima, o objetivo dessas mudan\u00e7as \u00e9 principalmente oferecer seguran\u00e7a jur\u00eddica \u00e0s universidades. Ele ressaltou que o novo modelo proposto pelo programa n\u00e3o \u00e9 um modelo jur\u00eddico, e que as universidades seguir\u00e3o sendo autarquias (entidades da administra\u00e7\u00e3o p\u00fablica indireta, com autonomia para sua execu\u00e7\u00e3o financeira).<\/p>\n<\/div>\n<div class=\"mc-column content-text active-extra-styles \" data-block-type=\"unstyled\" data-block-weight=\"17\" data-block-id=\"27\">\n<p class=\"content-text__container \" data-track-category=\"Link no Texto\" data-track-links=\"\">Uma das leis que, segundo o documento, seria alterada, \u00e9 a Lei de Diretrizes e Bases (LDB).<\/p>\n<\/div>\n<div class=\"mc-column content-text active-extra-styles \" data-block-type=\"unstyled\" data-block-weight=\"21\" data-block-id=\"28\">\n<p class=\"content-text__container \" data-track-category=\"Link no Texto\" data-track-links=\"\">As cr\u00edticas da AMB est\u00e3o direcionadas ao trecho que altera o par\u00e1grafo 2\u00ba do artigo 48 da LDB. Veja a compara\u00e7\u00e3o:<\/p>\n<\/div>\n<div class=\"mc-column content-text active-extra-styles\" data-block-type=\"raw\" data-block-weight=\"89\" data-block-id=\"30\">\n<ul class=\"content-unordered-list\">\n<li><strong>Como \u00e9 hoje:\u00a0<\/strong>&#8220;\u00a7 2\u00ba Os diplomas de gradua\u00e7\u00e3o expedidos por universidades estrangeiras ser\u00e3o revalidados por\u00a0<strong>universidades p\u00fablicas<\/strong>\u00a0que tenham curso do mesmo n\u00edvel e \u00e1rea ou equivalente, respeitando-se os acordos internacionais de reciprocidade ou equipara\u00e7\u00e3o.&#8221;<\/li>\n<li><strong>Como ficaria com o &#8220;Future-se&#8221;:\u00a0<\/strong>&#8220;\u00a7 2\u00ba Os diplomas de gradua\u00e7\u00e3o expedidos por universidades estrangeiras ser\u00e3o revalidados por\u00a0<strong>institutos e universidades p\u00fablicas ou privadas<\/strong>\u00a0<strong>reconhecidas por portaria do Minist\u00e9rio da Educa\u00e7\u00e3o como de alto desempenho<\/strong>, que tenham curso do mesmo n\u00edvel e \u00e1rea ou equivalente, respeitando-se os acordos internacionais de reciprocidade ou equipara\u00e7\u00e3o.&#8221;<\/li>\n<\/ul>\n<\/div>\n<div class=\"mc-column content-text active-extra-styles \" data-block-type=\"unstyled\" data-block-weight=\"15\" data-block-id=\"31\">\n<p class=\"content-text__container \" data-track-category=\"Link no Texto\" data-track-links=\"\">O MEC ainda n\u00e3o divulgou que crit\u00e9rios usaria para considerar uma institui\u00e7\u00f5es &#8220;de alto desempenho&#8221;.<\/p>\n<\/div>\n<div class=\"mc-column content-text active-extra-styles \" data-block-type=\"unstyled\" data-block-weight=\"11\" data-block-id=\"32\">\n<p class=\"content-text__container \" data-track-category=\"Link no Texto\" data-track-links=\"\">Al\u00e9m disso, o dispositivo divulgado nesta sexta cria um novo par\u00e1grafo:<\/p>\n<\/div>\n<div class=\"mc-column content-text active-extra-styles\" data-block-type=\"raw\" data-block-weight=\"26\" data-block-id=\"33\">\n<ul class=\"content-unordered-list\">\n<li>&#8220;\u00a7 4\u00ba\u00a0<strong>Ser\u00e3o automaticamente revalidados e reconhecidos<\/strong>\u00a0os diplomas de gradua\u00e7\u00e3o e p\u00f3s-gradua\u00e7\u00e3o expedidos por universidades estrangeiras de alto desempenho, reconhecidas internacionalmente, nos termos do regulamento.\u201d<\/li>\n<\/ul>\n<\/div>\n<div class=\"mc-column content-text active-extra-styles \" data-block-type=\"unstyled\" data-block-weight=\"8\" data-block-id=\"34\">\n<p class=\"content-text__container \" data-track-category=\"Link no Texto\" data-track-links=\"\">O regulamento ainda n\u00e3o foi divulgado pelo MEC.<\/p>\n<p data-track-category=\"Link no Texto\" data-track-links=\"\">Fonte: G1<\/p>\n<\/div>\n<\/div>\n","protected":false},"excerpt":{"rendered":"<p>Medida que altera a LDB, permitindo que universidades privadas tamb\u00e9m possam revalidar diploma de gradua\u00e7\u00e3o concedidos no exterior, foi inclu\u00edda no programa &#8216;Future-se&#8217;; MEC diz que, no Novo Revalida, a revalida\u00e7\u00e3o de diplomas de medicina ser\u00e1 de &#8216;compet\u00eancia exclusiva&#8217; das universidades p\u00fablicas. A Associa\u00e7\u00e3o M\u00e9dica Brasileira (AMB) disse que vai recorrer \u00e0 Justi\u00e7a contra uma [&hellip;]<\/p>\n","protected":false},"author":1,"featured_media":1089,"comment_status":"open","ping_status":"open","sticky":false,"template":"","format":"standard","meta":{"footnotes":""},"categories":[122],"tags":[],"class_list":["post-1088","post","type-post","status-publish","format-standard","has-post-thumbnail","hentry","category-saudeeducacaoeconcurso"],"_links":{"self":[{"href":"https:\/\/jorgezanoni.com.br\/2019\/wp-json\/wp\/v2\/posts\/1088","targetHints":{"allow":["GET"]}}],"collection":[{"href":"https:\/\/jorgezanoni.com.br\/2019\/wp-json\/wp\/v2\/posts"}],"about":[{"href":"https:\/\/jorgezanoni.com.br\/2019\/wp-json\/wp\/v2\/types\/post"}],"author":[{"embeddable":true,"href":"https:\/\/jorgezanoni.com.br\/2019\/wp-json\/wp\/v2\/users\/1"}],"replies":[{"embeddable":true,"href":"https:\/\/jorgezanoni.com.br\/2019\/wp-json\/wp\/v2\/comments?post=1088"}],"version-history":[{"count":0,"href":"https:\/\/jorgezanoni.com.br\/2019\/wp-json\/wp\/v2\/posts\/1088\/revisions"}],"wp:featuredmedia":[{"embeddable":true,"href":"https:\/\/jorgezanoni.com.br\/2019\/wp-json\/wp\/v2\/media\/1089"}],"wp:attachment":[{"href":"https:\/\/jorgezanoni.com.br\/2019\/wp-json\/wp\/v2\/media?parent=1088"}],"wp:term":[{"taxonomy":"category","embeddable":true,"href":"https:\/\/jorgezanoni.com.br\/2019\/wp-json\/wp\/v2\/categories?post=1088"},{"taxonomy":"post_tag","embeddable":true,"href":"https:\/\/jorgezanoni.com.br\/2019\/wp-json\/wp\/v2\/tags?post=1088"}],"curies":[{"name":"wp","href":"https:\/\/api.w.org\/{rel}","templated":true}]}}