{"id":1080,"date":"2019-07-19T22:37:43","date_gmt":"2019-07-19T22:37:43","guid":{"rendered":"http:\/\/jorgezanoni.com.br\/2019\/?p=1080"},"modified":"2019-07-22T20:59:54","modified_gmt":"2019-07-22T20:59:54","slug":"carro-capota-antes-da-balanca-do-der-perto-de-dracena","status":"publish","type":"post","link":"https:\/\/jorgezanoni.com.br\/2019\/carro-capota-antes-da-balanca-do-der-perto-de-dracena\/","title":{"rendered":"Carro capota antes da balan\u00e7a do DER perto de Dracena"},"content":{"rendered":"<p>Nesta quinta-feira, 18, \u00e0s 14 horas, um Siena, placas de Junqueir\u00f3polis, dirigido por uma jovem de 22 anos, capotou antes da balan\u00e7a do DER, na rodovia Comandante Jo\u00e3o Ribeiro de Barros (SP-294) perto de Dracena. Informa\u00e7\u00f5es obtidas com uma pessoa no local pela reportagem do Portal d\u00e3o conta que o Siena transitava no sentido Junqueir\u00f3polis a Dracena quando a motorista perdeu o controle e capotou em seguida.<\/p>\n<p>A jovem motorista que n\u00e3o teve nenhuma les\u00e3o aparente foi encaminhada pelo Resgate, do Corpo de\u00a0 Bombeiros ao\u00a0 PAM, para ser medicada. Estiveram no local do capotamento os bombeiros sargento Edmilson, cabo Souza Cruz e os soldados Cazela, F\u00e1veri, Valero e Romeiro, integrantes das guarni\u00e7\u00f5es Resgate e Auto Bomba.<\/p>\n<p>Fonte: Portal Regional<img loading=\"lazy\" decoding=\"async\" class=\"alignnone size-full wp-image-1081\" src=\"http:\/\/jorgezanoni.com.br\/2019\/wp-content\/uploads\/2019\/07\/carro.jpg\" alt=\"\" width=\"696\" height=\"464\" srcset=\"https:\/\/jorgezanoni.com.br\/2019\/wp-content\/uploads\/2019\/07\/carro.jpg 696w, https:\/\/jorgezanoni.com.br\/2019\/wp-content\/uploads\/2019\/07\/carro-300x200.jpg 300w, https:\/\/jorgezanoni.com.br\/2019\/wp-content\/uploads\/2019\/07\/carro-630x420.jpg 630w\" sizes=\"auto, (max-width: 696px) 100vw, 696px\" \/><\/p>\n","protected":false},"excerpt":{"rendered":"<p>Nesta quinta-feira, 18, \u00e0s 14 horas, um Siena, placas de Junqueir\u00f3polis, dirigido por uma jovem de 22 anos, capotou antes da balan\u00e7a do DER, na rodovia Comandante Jo\u00e3o Ribeiro de Barros (SP-294) perto de Dracena. Informa\u00e7\u00f5es obtidas com uma pessoa no local pela reportagem do Portal d\u00e3o conta que o Siena transitava no sentido Junqueir\u00f3polis [&hellip;]<\/p>\n","protected":false},"author":1,"featured_media":1087,"comment_status":"open","ping_status":"open","sticky":false,"template":"","format":"standard","meta":{"footnotes":""},"categories":[170,110],"tags":[],"class_list":["post-1080","post","type-post","status-publish","format-standard","has-post-thumbnail","hentry","category-acidentes","category-noticiasdestaque"],"_links":{"self":[{"href":"https:\/\/jorgezanoni.com.br\/2019\/wp-json\/wp\/v2\/posts\/1080","targetHints":{"allow":["GET"]}}],"collection":[{"href":"https:\/\/jorgezanoni.com.br\/2019\/wp-json\/wp\/v2\/posts"}],"about":[{"href":"https:\/\/jorgezanoni.com.br\/2019\/wp-json\/wp\/v2\/types\/post"}],"author":[{"embeddable":true,"href":"https:\/\/jorgezanoni.com.br\/2019\/wp-json\/wp\/v2\/users\/1"}],"replies":[{"embeddable":true,"href":"https:\/\/jorgezanoni.com.br\/2019\/wp-json\/wp\/v2\/comments?post=1080"}],"version-history":[{"count":0,"href":"https:\/\/jorgezanoni.com.br\/2019\/wp-json\/wp\/v2\/posts\/1080\/revisions"}],"wp:featuredmedia":[{"embeddable":true,"href":"https:\/\/jorgezanoni.com.br\/2019\/wp-json\/wp\/v2\/media\/1087"}],"wp:attachment":[{"href":"https:\/\/jorgezanoni.com.br\/2019\/wp-json\/wp\/v2\/media?parent=1080"}],"wp:term":[{"taxonomy":"category","embeddable":true,"href":"https:\/\/jorgezanoni.com.br\/2019\/wp-json\/wp\/v2\/categories?post=1080"},{"taxonomy":"post_tag","embeddable":true,"href":"https:\/\/jorgezanoni.com.br\/2019\/wp-json\/wp\/v2\/tags?post=1080"}],"curies":[{"name":"wp","href":"https:\/\/api.w.org\/{rel}","templated":true}]}}