{"id":10774,"date":"2019-11-08T02:06:56","date_gmt":"2019-11-08T02:06:56","guid":{"rendered":"https:\/\/jorgezanoni.com.br\/2019\/?p=10774"},"modified":"2019-11-08T02:54:20","modified_gmt":"2019-11-08T02:54:20","slug":"dr-victor-bodini-concede-entrevista-amanha-8-ao-meio-dia-na-radio-liberal-fm","status":"publish","type":"post","link":"https:\/\/jorgezanoni.com.br\/2019\/dr-victor-bodini-concede-entrevista-amanha-8-ao-meio-dia-na-radio-liberal-fm\/","title":{"rendered":"Dr. Roberto Victor Bodini concede entrevista amanh\u00e3 (8) ao meio dia na R\u00e1dio Liberal FM"},"content":{"rendered":"<p style=\"text-align: justify;\"><strong>Amanh\u00e3 (8), as 12:00 Horas a radialista e jornalista Crhis Marques entrevista o Dr. Roberto Victor Anelli Bodini na R\u00e1dio Liberal FM.<\/strong><\/p>\n<p style=\"text-align: justify;\">O Promotor de Justi\u00e7a dracenense radicado em S\u00e3o Paulo que faz parte do GEDEC (Grupo especial de delitos econ\u00f4micos), ir\u00e1 falar sobre a verba de R$ 2 milh\u00f5es destinada \u00e0 Santa Casa de Dracena para a constru\u00e7\u00e3o do novo n\u00facleo de Hemodi\u00e1lise.<\/p>\n<p style=\"text-align: justify;\">Essa verba faz parte dos acordos de colabora\u00e7\u00e3o premiada em crimes econ\u00f4micos. \u00c9 dinheiro p\u00fablico voltando de onde nunca deveria ter sa\u00eddo.<\/p>\n<p style=\"text-align: justify;\">A Constru\u00e7\u00e3o do pr\u00e9dio ao lado da Santa Casa de Dracena teve in\u00edcio na ter\u00e7a-feira (5) conforme mat\u00e9ria do Site JZ\u00a0 https:\/\/jorgezanoni.com.br\/2019\/2019\/11\/07\/santa-casa-de-dracena-inicia-construcao-do-novo-centro-de-hemodialise\/<\/p>\n<p><img loading=\"lazy\" decoding=\"async\" class=\"alignnone size-full wp-image-10775\" src=\"https:\/\/jorgezanoni.com.br\/2019\/wp-content\/uploads\/2019\/11\/IMG_9928-1.jpg\" alt=\"\" width=\"900\" height=\"675\" srcset=\"https:\/\/jorgezanoni.com.br\/2019\/wp-content\/uploads\/2019\/11\/IMG_9928-1.jpg 900w, https:\/\/jorgezanoni.com.br\/2019\/wp-content\/uploads\/2019\/11\/IMG_9928-1-300x225.jpg 300w, https:\/\/jorgezanoni.com.br\/2019\/wp-content\/uploads\/2019\/11\/IMG_9928-1-768x576.jpg 768w, https:\/\/jorgezanoni.com.br\/2019\/wp-content\/uploads\/2019\/11\/IMG_9928-1-80x60.jpg 80w, https:\/\/jorgezanoni.com.br\/2019\/wp-content\/uploads\/2019\/11\/IMG_9928-1-265x198.jpg 265w, https:\/\/jorgezanoni.com.br\/2019\/wp-content\/uploads\/2019\/11\/IMG_9928-1-696x522.jpg 696w, https:\/\/jorgezanoni.com.br\/2019\/wp-content\/uploads\/2019\/11\/IMG_9928-1-560x420.jpg 560w\" sizes=\"auto, (max-width: 900px) 100vw, 900px\" \/><\/p>\n<p>&nbsp;<\/p>\n<p>&nbsp;<\/p>\n<p>&nbsp;<\/p>\n","protected":false},"excerpt":{"rendered":"<p>Amanh\u00e3 (8), as 12:00 Horas a radialista e jornalista Crhis Marques entrevista o Dr. Roberto Victor Anelli Bodini na R\u00e1dio Liberal FM. O Promotor de Justi\u00e7a dracenense radicado em S\u00e3o Paulo que faz parte do GEDEC (Grupo especial de delitos econ\u00f4micos), ir\u00e1 falar sobre a verba de R$ 2 milh\u00f5es destinada \u00e0 Santa Casa de [&hellip;]<\/p>\n","protected":false},"author":1,"featured_media":10776,"comment_status":"closed","ping_status":"open","sticky":false,"template":"","format":"standard","meta":{"footnotes":""},"categories":[114],"tags":[],"class_list":["post-10774","post","type-post","status-publish","format-standard","has-post-thumbnail","hentry","category-geralecomercio"],"_links":{"self":[{"href":"https:\/\/jorgezanoni.com.br\/2019\/wp-json\/wp\/v2\/posts\/10774","targetHints":{"allow":["GET"]}}],"collection":[{"href":"https:\/\/jorgezanoni.com.br\/2019\/wp-json\/wp\/v2\/posts"}],"about":[{"href":"https:\/\/jorgezanoni.com.br\/2019\/wp-json\/wp\/v2\/types\/post"}],"author":[{"embeddable":true,"href":"https:\/\/jorgezanoni.com.br\/2019\/wp-json\/wp\/v2\/users\/1"}],"replies":[{"embeddable":true,"href":"https:\/\/jorgezanoni.com.br\/2019\/wp-json\/wp\/v2\/comments?post=10774"}],"version-history":[{"count":0,"href":"https:\/\/jorgezanoni.com.br\/2019\/wp-json\/wp\/v2\/posts\/10774\/revisions"}],"wp:featuredmedia":[{"embeddable":true,"href":"https:\/\/jorgezanoni.com.br\/2019\/wp-json\/wp\/v2\/media\/10776"}],"wp:attachment":[{"href":"https:\/\/jorgezanoni.com.br\/2019\/wp-json\/wp\/v2\/media?parent=10774"}],"wp:term":[{"taxonomy":"category","embeddable":true,"href":"https:\/\/jorgezanoni.com.br\/2019\/wp-json\/wp\/v2\/categories?post=10774"},{"taxonomy":"post_tag","embeddable":true,"href":"https:\/\/jorgezanoni.com.br\/2019\/wp-json\/wp\/v2\/tags?post=10774"}],"curies":[{"name":"wp","href":"https:\/\/api.w.org\/{rel}","templated":true}]}}